{"id":42541,"date":"2024-07-23T07:49:08","date_gmt":"2024-07-23T12:49:08","guid":{"rendered":"https:\/\/politicosaldesnudo.com.mx\/?p=42541"},"modified":"2024-07-23T07:49:08","modified_gmt":"2024-07-23T12:49:08","slug":"jovita-y-sus-inconfesables-nexos","status":"publish","type":"post","link":"https:\/\/politicosaldesnudo.com.mx\/index.php\/2024\/07\/23\/jovita-y-sus-inconfesables-nexos\/","title":{"rendered":"Jovita y sus inconfesables nexos"},"content":{"rendered":"<p align=\"center\"><span style=\"font-size: 14pt;\">Por: Luis Ram\u00edrez Baqueiro<\/span><\/p>\n<p align=\"center\">\n<p align=\"right\"><span style=\"font-size: 14pt;\"><i>\u201cGobernar es pactar; pactar no es ceder\u201d \u2013 Gustave Le Bon.<\/i><\/span><\/p>\n<p><span style=\"font-size: 14pt;\">En pol\u00edtica las casualidades no existen, toda acci\u00f3n se construye y desarrolla, razones obvias son las causales de ese actuar, y en Veracruz nadie esta exento de sufrir las consecuencias de ese actuar.<\/span><\/p>\n<p><span style=\"font-family: 'times new roman', serif; font-size: 14pt;\">Mientras M\u00e9xico se debate en el an\u00e1lisis y posibilidad de construir acuerdos que beneficien a la sociedad.<\/span><\/p>\n<p><span style=\"font-family: 'times new roman', serif; font-size: 14pt;\">Pero cuando los pol\u00edticos construyen alianzas en favor de alcanzar oportunidades que los salve del cadalzo la evidencia se convierte en vinculos poderosos que deben ser denunciados y sobre todo castigados.<\/span><\/p>\n<p><span style=\"font-size: 14pt;\">Pues resulta que la famosa Jueza Jovita Vargas Alarc\u00f3n, la misma que le otorg\u00f3 la protecci\u00f3n de un amparo al peque\u00f1o vastago de Miguel \u00c1ngel Yunes Linares habr\u00eda de ser desenmascarada.<\/span><\/p>\n<p><span style=\"font-family: 'times new roman', serif; font-size: 14pt;\">Ya era de conocimiento de la opini\u00f3n p\u00fablica que esta juezasa de la vidasa habr\u00eda egresado de la Facultad de Derecho de la Universidad Veracruzana (UV) y de ah\u00ed habr\u00eda saltado al estrellato juridico.<\/span><\/p>\n<p><span style=\"font-family: 'times new roman', serif; font-size: 14pt;\">\u00bfPero quien fue su padrino? \u00bf Com\u00f3 lleg\u00f3 a donde lleg\u00f3?<\/span><\/p>\n<p><span style=\"font-family: 'times new roman', serif; font-size: 14pt;\">Ahora mismo se lo platico.<\/span><\/p>\n<p><span style=\"font-family: 'times new roman', serif; font-size: 14pt;\">Corr\u00edan los tiempos del Chirinato. Veracruz era gobernado con pu\u00f1o de hierro bajo el mando del otrora poderosisimo Miguel \u00c1ngel Yunes Linares.<\/span><\/p>\n<p><span style=\"font-size: 14pt;\">En la entidad no se mov\u00eda ni una hoja de un \u00e1rbol sin que Yunes Linares no se enterase.\u00a0<\/span><\/p>\n<p><span style=\"font-size: 14pt;\">As\u00ed un buen d\u00eda, la gran Jovita egresada ya de la Licenciatura en Derecho se convirti\u00f3 en Ministerio P\u00fablico de la desaparecida Procuradur\u00eda General de Justicia del Estado.<\/span><\/p>\n<p><span style=\"font-size: 14pt;\">Eran los tiempos de Rodolfo Duarte Rivas, quien dirigi\u00f3 la dependencia entre 1992 y 1998.<\/span><\/p>\n<p><span style=\"font-size: 14pt;\">Fue tal el padrinazgo de Yunes Linares que la convirti\u00f3 en Directora de Servicios Periciales de la extinta PGJ del estado.<\/span><\/p>\n<p><span style=\"font-size: 14pt;\">De esta manera es como se devela la relaci\u00f3n o nexos fraudulentos entre la Jueza Jovita y el Clan Yunes de Boca del R\u00edo.<\/span><\/p>\n<p><span style=\"font-size: 14pt;\">Ahora se puede ver con claridad \u00bfel porqu\u00e9 y el c\u00f3mo? se han construido estos pactos inconfesables.<\/span><\/p>\n<p><span style=\"font-size: 14pt;\">As\u00ed es como los pol\u00edticos del viejo r\u00e9gimen construyen sus redes de corrupci\u00f3n.<\/span><\/p>\n<p><span style=\"font-size: 14pt;\">Al tiempo.<\/span><\/p>\n","protected":false},"excerpt":{"rendered":"<p>Por: Luis Ram\u00edrez Baqueiro \u201cGobernar es pactar; pactar no es ceder\u201d \u2013 Gustave Le Bon. En pol\u00edtica las casualidades no<\/p>\n","protected":false},"author":4,"featured_media":38306,"comment_status":"closed","ping_status":"closed","sticky":false,"template":"","format":"standard","meta":{"colormag_page_container_layout":"default_layout","colormag_page_sidebar_layout":"default_layout","_jetpack_memberships_contains_paid_content":false,"footnotes":"","jetpack_publicize_message":"","jetpack_publicize_feature_enabled":true,"jetpack_social_post_already_shared":false,"jetpack_social_options":{"image_generator_settings":{"template":"highway","default_image_id":0,"font":"","enabled":false},"version":2}},"categories":[26],"tags":[],"class_list":["post-42541","post","type-post","status-publish","format-standard","has-post-thumbnail","hentry","category-columnistas"],"jetpack_publicize_connections":[],"jetpack_featured_media_url":"https:\/\/i0.wp.com\/politicosaldesnudo.com.mx\/wp-content\/uploads\/2024\/05\/ASTROLABIO-4.jpg?fit=1816%2C1016&ssl=1","jetpack-related-posts":[],"jetpack_sharing_enabled":true,"_links":{"self":[{"href":"https:\/\/politicosaldesnudo.com.mx\/index.php\/wp-json\/wp\/v2\/posts\/42541","targetHints":{"allow":["GET"]}}],"collection":[{"href":"https:\/\/politicosaldesnudo.com.mx\/index.php\/wp-json\/wp\/v2\/posts"}],"about":[{"href":"https:\/\/politicosaldesnudo.com.mx\/index.php\/wp-json\/wp\/v2\/types\/post"}],"author":[{"embeddable":true,"href":"https:\/\/politicosaldesnudo.com.mx\/index.php\/wp-json\/wp\/v2\/users\/4"}],"replies":[{"embeddable":true,"href":"https:\/\/politicosaldesnudo.com.mx\/index.php\/wp-json\/wp\/v2\/comments?post=42541"}],"version-history":[{"count":0,"href":"https:\/\/politicosaldesnudo.com.mx\/index.php\/wp-json\/wp\/v2\/posts\/42541\/revisions"}],"wp:featuredmedia":[{"embeddable":true,"href":"https:\/\/politicosaldesnudo.com.mx\/index.php\/wp-json\/wp\/v2\/media\/38306"}],"wp:attachment":[{"href":"https:\/\/politicosaldesnudo.com.mx\/index.php\/wp-json\/wp\/v2\/media?parent=42541"}],"wp:term":[{"taxonomy":"category","embeddable":true,"href":"https:\/\/politicosaldesnudo.com.mx\/index.php\/wp-json\/wp\/v2\/categories?post=42541"},{"taxonomy":"post_tag","embeddable":true,"href":"https:\/\/politicosaldesnudo.com.mx\/index.php\/wp-json\/wp\/v2\/tags?post=42541"}],"curies":[{"name":"wp","href":"https:\/\/api.w.org\/{rel}","templated":true}]}}