{"id":42556,"date":"2024-07-23T07:56:09","date_gmt":"2024-07-23T12:56:09","guid":{"rendered":"https:\/\/politicosaldesnudo.com.mx\/?p=42556"},"modified":"2024-07-23T07:56:09","modified_gmt":"2024-07-23T12:56:09","slug":"solicitan-rehabilitacion-en-calles-de-paises-bajos","status":"publish","type":"post","link":"https:\/\/politicosaldesnudo.com.mx\/index.php\/2024\/07\/23\/solicitan-rehabilitacion-en-calles-de-paises-bajos\/","title":{"rendered":"Solicitan rehabilitaci\u00f3n en calles de Pa\u00edses Bajos"},"content":{"rendered":"<p><span style=\"font-size: 14pt;\">En la comunidad de Pa\u00edses Bajos ubicada en el kil\u00f3metro 8 de la carretera Tuxpan &#8211; Cazones, los habitantes se\u00f1alan el mal estado de sus calles que est\u00e1n hechas a base de terracer\u00eda, adem\u00e1s de que su calle principal est\u00e1 llena de baches que dificultan el acceso vehicular.<\/span><\/p>\n<p><span style=\"font-size: 14pt;\">La falta de alumbrado p\u00fablico y la presencia de elementos de seguridad es otro de los rubros que consideran que se debe atender, puesto que la ausencia de ellos genera un clima de inseguridad para los habitantes de la comunidad.<\/span><\/p>\n<p><span style=\"font-size: 14pt;\">La irregularidad en el servicio del transporte p\u00fablico tambi\u00e9n ha sido un tema que les genera conflictos, puesto que para tomar un taxi que los lleve a la zona urbana les puede tomar m\u00e1s de media hora, lo que dificulta su llegada a sus actividades laborales y escolares en el caso de los j\u00f3venes, adem\u00e1s en situaciones de emergencia esto representa un riesgo.<\/span><\/p>\n","protected":false},"excerpt":{"rendered":"<p>En la comunidad de Pa\u00edses Bajos ubicada en el kil\u00f3metro 8 de la carretera Tuxpan &#8211; Cazones, los habitantes se\u00f1alan<\/p>\n","protected":false},"author":4,"featured_media":42557,"comment_status":"closed","ping_status":"closed","sticky":false,"template":"","format":"standard","meta":{"colormag_page_container_layout":"default_layout","colormag_page_sidebar_layout":"default_layout","_jetpack_memberships_contains_paid_content":false,"footnotes":"","jetpack_publicize_message":"","jetpack_publicize_feature_enabled":true,"jetpack_social_post_already_shared":false,"jetpack_social_options":{"image_generator_settings":{"template":"highway","default_image_id":0,"font":"","enabled":false},"version":2}},"categories":[1082],"tags":[],"class_list":["post-42556","post","type-post","status-publish","format-standard","has-post-thumbnail","hentry","category-tuxpan"],"jetpack_publicize_connections":[],"jetpack_featured_media_url":"https:\/\/i0.wp.com\/politicosaldesnudo.com.mx\/wp-content\/uploads\/2024\/07\/solicitan-rehabilitacion-en-calles-de-paises-bajos-536334.jpeg?fit=800%2C600&ssl=1","jetpack-related-posts":[],"jetpack_sharing_enabled":true,"_links":{"self":[{"href":"https:\/\/politicosaldesnudo.com.mx\/index.php\/wp-json\/wp\/v2\/posts\/42556","targetHints":{"allow":["GET"]}}],"collection":[{"href":"https:\/\/politicosaldesnudo.com.mx\/index.php\/wp-json\/wp\/v2\/posts"}],"about":[{"href":"https:\/\/politicosaldesnudo.com.mx\/index.php\/wp-json\/wp\/v2\/types\/post"}],"author":[{"embeddable":true,"href":"https:\/\/politicosaldesnudo.com.mx\/index.php\/wp-json\/wp\/v2\/users\/4"}],"replies":[{"embeddable":true,"href":"https:\/\/politicosaldesnudo.com.mx\/index.php\/wp-json\/wp\/v2\/comments?post=42556"}],"version-history":[{"count":0,"href":"https:\/\/politicosaldesnudo.com.mx\/index.php\/wp-json\/wp\/v2\/posts\/42556\/revisions"}],"wp:featuredmedia":[{"embeddable":true,"href":"https:\/\/politicosaldesnudo.com.mx\/index.php\/wp-json\/wp\/v2\/media\/42557"}],"wp:attachment":[{"href":"https:\/\/politicosaldesnudo.com.mx\/index.php\/wp-json\/wp\/v2\/media?parent=42556"}],"wp:term":[{"taxonomy":"category","embeddable":true,"href":"https:\/\/politicosaldesnudo.com.mx\/index.php\/wp-json\/wp\/v2\/categories?post=42556"},{"taxonomy":"post_tag","embeddable":true,"href":"https:\/\/politicosaldesnudo.com.mx\/index.php\/wp-json\/wp\/v2\/tags?post=42556"}],"curies":[{"name":"wp","href":"https:\/\/api.w.org\/{rel}","templated":true}]}}