{"id":42586,"date":"2024-07-23T08:28:13","date_gmt":"2024-07-23T13:28:13","guid":{"rendered":"https:\/\/politicosaldesnudo.com.mx\/?p=42586"},"modified":"2024-07-23T08:28:13","modified_gmt":"2024-07-23T13:28:13","slug":"vinculan-a-proceso-a-presunto-feminicida-daniela-trejo-en-nl","status":"publish","type":"post","link":"https:\/\/politicosaldesnudo.com.mx\/index.php\/2024\/07\/23\/vinculan-a-proceso-a-presunto-feminicida-daniela-trejo-en-nl\/","title":{"rendered":"Vinculan a proceso a presunto feminicida Daniela Trejo en NL"},"content":{"rendered":"<div id=\"article-content-tts\" class=\"nota-contenido mb-5\">\n<div id=\"content_nitf\">\n<p><span style=\"font-size: 14pt;\">Este d\u00eda fue vinculado a proceso, el sujeto que presuntamente\u00a0rapt\u00f3, ultraj\u00f3 y asesin\u00f3 a la menor de 11 a\u00f1os de edad, Daniela Trejo Serna, en el municipio de Cerralvo, por el delito de feminicidio, siendo \u00a0recluido en una prisi\u00f3n estatal.<\/span><\/p>\n<p><span style=\"font-size: 14pt;\">Dentro de las investigaciones se estableci\u00f3 que la ni\u00f1a falleci\u00f3 a causa de heridas punzocortantes en diversas partes del cuerpo, adem\u00e1s de que fue v\u00edctima de golpes.<\/span><\/p>\n<p><span style=\"font-size: 14pt;\">Marco Antonio N., de 24 a\u00f1os, enfrenta medida cautelar de prisi\u00f3n preventiva, y el juez fij\u00f3 plazo de tres meses para el cierre de la investigaci\u00f3n complementaria.<\/span><\/p>\n<p><span style=\"font-size: 14pt;\">La Fiscal\u00eda de Feminicidios encontr\u00f3 evidencias que incriminan al joven, quien radica en el municipio de Agualeguas y fue entregado a las autoridades \u00a0por su abuelo la madrugada del domingo.<\/span><\/p>\n<p><span style=\"font-size: 14pt;\">Sin permiso, \u00e9l tom\u00f3 el veh\u00edculo Dodge Stratus blanco propiedad del abuelo, y se desplaz\u00f3 a Cerralvo, donde la tarde del jueves priv\u00f3 de la libertad a la ni\u00f1a cuando ella caminaba por la calle Hidalgo en el centro de la localidad.<\/span><\/p>\n<p><span style=\"font-size: 14pt;\">La llev\u00f3 a un inmueble de la misma localidad, donde cometi\u00f3 el il\u00edcito y, tras privarla de la vida, traslad\u00f3 el cuerpo hasta las afueras de Agualeguas, a unos 30 kil\u00f3metros, dej\u00e1ndolo en la orilla de la carretera cerca del \u00a0centro recreativo municipal \u00abLos Nogales\u00bb.<\/span><\/p>\n<p><span style=\"font-size: 14pt;\">Al saber que lo buscaba la polic\u00eda, el abuelo lo entreg\u00f3 la madrugada del domingo y, tras ser interrogado, Antonio dio la ubicaci\u00f3n del lugar donde abandon\u00f3 el cad\u00e1ver.<\/span><\/p>\n<p><span style=\"font-size: 14pt;\">Familiares y amigos dieron el \u00faltimo adi\u00f3s a la\u00a0ni\u00f1a de 11 a\u00f1os que fue raptada y asesinada, presuntamente por el imputado\u00a0 en el municipio de Cerralvo, Nuevo Le\u00f3n, hechos que consternaron a toda la comunidad.<\/span><\/p>\n<p><span style=\"font-size: 14pt;\">Tras recibir el cuerpo de la peque\u00f1a, su familia comenz\u00f3 con los servicios funerarios desde la noche del s\u00e1bado en las capillas San Mart\u00edn y realizaron una misa en su honor.<\/span><\/p>\n<p><span style=\"font-size: 14pt;\">Por otra parte, este lunes, familiares, vecinos y amigos cercanos de los padres de la menor le dieron el \u00faltimo adi\u00f3s a la ni\u00f1a, quienes realizaron un cortejo f\u00fanebre que recorri\u00f3 la escuela y otros lugares que sol\u00eda visitar la peque\u00f1a.<\/span><\/p>\n<\/div>\n<\/div>\n","protected":false},"excerpt":{"rendered":"<p>Este d\u00eda fue vinculado a proceso, el sujeto que presuntamente\u00a0rapt\u00f3, ultraj\u00f3 y asesin\u00f3 a la menor de 11 a\u00f1os de<\/p>\n","protected":false},"author":4,"featured_media":42587,"comment_status":"closed","ping_status":"closed","sticky":false,"template":"","format":"standard","meta":{"colormag_page_container_layout":"default_layout","colormag_page_sidebar_layout":"default_layout","_jetpack_memberships_contains_paid_content":false,"footnotes":"","jetpack_publicize_message":"","jetpack_publicize_feature_enabled":true,"jetpack_social_post_already_shared":false,"jetpack_social_options":{"image_generator_settings":{"template":"highway","default_image_id":0,"font":"","enabled":false},"version":2}},"categories":[30],"tags":[],"class_list":["post-42586","post","type-post","status-publish","format-standard","has-post-thumbnail","hentry","category-estados"],"jetpack_publicize_connections":[],"jetpack_featured_media_url":"https:\/\/i0.wp.com\/politicosaldesnudo.com.mx\/wp-content\/uploads\/2024\/07\/5764676.jpg?fit=960%2C640&ssl=1","jetpack-related-posts":[],"jetpack_sharing_enabled":true,"_links":{"self":[{"href":"https:\/\/politicosaldesnudo.com.mx\/index.php\/wp-json\/wp\/v2\/posts\/42586","targetHints":{"allow":["GET"]}}],"collection":[{"href":"https:\/\/politicosaldesnudo.com.mx\/index.php\/wp-json\/wp\/v2\/posts"}],"about":[{"href":"https:\/\/politicosaldesnudo.com.mx\/index.php\/wp-json\/wp\/v2\/types\/post"}],"author":[{"embeddable":true,"href":"https:\/\/politicosaldesnudo.com.mx\/index.php\/wp-json\/wp\/v2\/users\/4"}],"replies":[{"embeddable":true,"href":"https:\/\/politicosaldesnudo.com.mx\/index.php\/wp-json\/wp\/v2\/comments?post=42586"}],"version-history":[{"count":0,"href":"https:\/\/politicosaldesnudo.com.mx\/index.php\/wp-json\/wp\/v2\/posts\/42586\/revisions"}],"wp:featuredmedia":[{"embeddable":true,"href":"https:\/\/politicosaldesnudo.com.mx\/index.php\/wp-json\/wp\/v2\/media\/42587"}],"wp:attachment":[{"href":"https:\/\/politicosaldesnudo.com.mx\/index.php\/wp-json\/wp\/v2\/media?parent=42586"}],"wp:term":[{"taxonomy":"category","embeddable":true,"href":"https:\/\/politicosaldesnudo.com.mx\/index.php\/wp-json\/wp\/v2\/categories?post=42586"},{"taxonomy":"post_tag","embeddable":true,"href":"https:\/\/politicosaldesnudo.com.mx\/index.php\/wp-json\/wp\/v2\/tags?post=42586"}],"curies":[{"name":"wp","href":"https:\/\/api.w.org\/{rel}","templated":true}]}}