{"id":42617,"date":"2024-07-24T08:00:57","date_gmt":"2024-07-24T13:00:57","guid":{"rendered":"https:\/\/politicosaldesnudo.com.mx\/?p=42617"},"modified":"2024-07-24T08:00:57","modified_gmt":"2024-07-24T13:00:57","slug":"alerta-en-escuelas","status":"publish","type":"post","link":"https:\/\/politicosaldesnudo.com.mx\/index.php\/2024\/07\/24\/alerta-en-escuelas\/","title":{"rendered":"Alerta en escuelas"},"content":{"rendered":"<p><span style=\"font-size: 14pt;\">Con el periodo vacacional autoridades educativas, as\u00ed como tambi\u00e9n policiacas, invitan a la ciudadan\u00eda a sumarse a los operativos de vigilancia de las instituciones en el periodo vacacional, con el objetivo de evitar robos escolares.<\/span><\/p>\n<p><span style=\"font-size: 14pt;\">Aunque la Delegaci\u00f3n Regional de la Secretar\u00eda de Educaci\u00f3n de Veracruz, inform\u00f3 que, en los pasados recesos escolares, no hubo incidencia de robos, Seguridad P\u00fablica si registr\u00f3 por lo menos 10 denuncias de personas que se introdujeron a las escuelas a robar materiales.<\/span><\/p>\n<p><span style=\"font-size: 14pt;\">Y si bien, la incidencia es baja en comparaci\u00f3n con otros municipios, mencionaron que es importante que la ciudadan\u00eda se sume a esta estrategia de cuidado, para evitar vandalizaci\u00f3n o robos y preservar el buen estado de las escuelas y los materiales, sobre todo el de c\u00f3mputo, climas o ventiladores.<\/span><\/p>\n<p><span style=\"font-size: 14pt;\">Personal de educaci\u00f3n, indic\u00f3 que es en los periodos de vacaciones, cuando este tipo de problemas se han presentado, por lo que invitan a la ciudadan\u00eda en general a participar a que estas se encuentren resguardadas, se cuiden en un esfuerzo compartido entre autoridades y comunidades.<\/span><\/p>\n<p><span style=\"font-size: 14pt;\">\u00bb Debemos cuidar entre todos nuestros espacios, en donde nuestros hijos se forman, en donde reciben las herramientas que les permiten cumplir sus sue\u00f1os\u00bb, indicaron.<\/span><\/p>\n","protected":false},"excerpt":{"rendered":"<p>Con el periodo vacacional autoridades educativas, as\u00ed como tambi\u00e9n policiacas, invitan a la ciudadan\u00eda a sumarse a los operativos de<\/p>\n","protected":false},"author":4,"featured_media":42618,"comment_status":"closed","ping_status":"closed","sticky":false,"template":"","format":"standard","meta":{"colormag_page_container_layout":"default_layout","colormag_page_sidebar_layout":"default_layout","_jetpack_memberships_contains_paid_content":false,"footnotes":"","jetpack_publicize_message":"","jetpack_publicize_feature_enabled":true,"jetpack_social_post_already_shared":false,"jetpack_social_options":{"image_generator_settings":{"template":"highway","default_image_id":0,"font":"","enabled":false},"version":2}},"categories":[1082],"tags":[],"class_list":["post-42617","post","type-post","status-publish","format-standard","has-post-thumbnail","hentry","category-tuxpan"],"jetpack_publicize_connections":[],"jetpack_featured_media_url":"https:\/\/i0.wp.com\/politicosaldesnudo.com.mx\/wp-content\/uploads\/2024\/07\/5b-4.jpg?fit=1200%2C900&ssl=1","jetpack-related-posts":[],"jetpack_sharing_enabled":true,"_links":{"self":[{"href":"https:\/\/politicosaldesnudo.com.mx\/index.php\/wp-json\/wp\/v2\/posts\/42617","targetHints":{"allow":["GET"]}}],"collection":[{"href":"https:\/\/politicosaldesnudo.com.mx\/index.php\/wp-json\/wp\/v2\/posts"}],"about":[{"href":"https:\/\/politicosaldesnudo.com.mx\/index.php\/wp-json\/wp\/v2\/types\/post"}],"author":[{"embeddable":true,"href":"https:\/\/politicosaldesnudo.com.mx\/index.php\/wp-json\/wp\/v2\/users\/4"}],"replies":[{"embeddable":true,"href":"https:\/\/politicosaldesnudo.com.mx\/index.php\/wp-json\/wp\/v2\/comments?post=42617"}],"version-history":[{"count":0,"href":"https:\/\/politicosaldesnudo.com.mx\/index.php\/wp-json\/wp\/v2\/posts\/42617\/revisions"}],"wp:featuredmedia":[{"embeddable":true,"href":"https:\/\/politicosaldesnudo.com.mx\/index.php\/wp-json\/wp\/v2\/media\/42618"}],"wp:attachment":[{"href":"https:\/\/politicosaldesnudo.com.mx\/index.php\/wp-json\/wp\/v2\/media?parent=42617"}],"wp:term":[{"taxonomy":"category","embeddable":true,"href":"https:\/\/politicosaldesnudo.com.mx\/index.php\/wp-json\/wp\/v2\/categories?post=42617"},{"taxonomy":"post_tag","embeddable":true,"href":"https:\/\/politicosaldesnudo.com.mx\/index.php\/wp-json\/wp\/v2\/tags?post=42617"}],"curies":[{"name":"wp","href":"https:\/\/api.w.org\/{rel}","templated":true}]}}