{"id":42623,"date":"2024-07-24T08:03:51","date_gmt":"2024-07-24T13:03:51","guid":{"rendered":"https:\/\/politicosaldesnudo.com.mx\/?p=42623"},"modified":"2024-07-24T08:03:51","modified_gmt":"2024-07-24T13:03:51","slug":"obligatorio-uso-del-cubrebocas","status":"publish","type":"post","link":"https:\/\/politicosaldesnudo.com.mx\/index.php\/2024\/07\/24\/obligatorio-uso-del-cubrebocas\/","title":{"rendered":"Obligatorio, uso del cubrebocas"},"content":{"rendered":"<p><span style=\"font-size: 14pt;\">Se incrementan los casos positivos de COVID-19 en todo el pa\u00eds, y Veracruz se encuentra entre los 12 primeros lugares con m\u00e1s contagios.<\/span><\/p>\n<p><span style=\"font-size: 14pt;\">Ante esta situaci\u00f3n, el ISSSTE de Tuxpan ha informado a sus derechohabientes qu\u00e9, a partir de este 22 de julio, ser\u00e1 obligatorio portar cubrebocas para entrar a las cl\u00ednicas, y se negar\u00e1 la entrada a las personas que no lo porten.<\/span><\/p>\n<p><span style=\"font-size: 14pt;\">Por lo anterior es muy probable que instituciones como el IMSS, Bienestar, cl\u00ednicas militares y navales, entre otras, sigan los mismos protocolos, ya que en esos lugares hay mayores riesgos de contagio.<\/span><\/p>\n<p><span style=\"font-size: 14pt;\">La Ciudad de M\u00e9xico es una de las que presenta m\u00e1s casos positivos, y teniendo en cuenta que, en fines de semana y vacaciones, muchos visitantes de esa parte del pa\u00eds llegan a Tuxpan, el riesgo de contagios aumenta.<\/span><\/p>\n<p><span style=\"font-size: 14pt;\">Aunque por el momento en este municipio no se han reportado incrementos considerables, s\u00ed hay casos de la enfermedad, por lo que se recomienda a la poblaci\u00f3n tomar medidas de prevenci\u00f3n, como el uso de cubrebocas, lavado frecuente de manos y mantener la distancia social.<\/span><\/p>\n<p><span style=\"font-size: 14pt;\">Es importante que la comunidad est\u00e9 informada y tome las medidas necesarias para prevenir la propagaci\u00f3n del virus. En este contexto se pide la colaboraci\u00f3n de todos para mantener un ambiente seguro y saludable.<\/span><\/p>\n<p><span style=\"font-size: 14pt;\">Cabe recordar que la vacunaci\u00f3n es una de las medidas m\u00e1s efectivas para prevenir la enfermedad, por lo que se invita a la poblaci\u00f3n a acudir a los centros de vacunaci\u00f3n para recibir la dosis correspondiente.<\/span><\/p>\n<p><span style=\"font-size: 14pt;\">En caso de presentar s\u00edntomas como fiebre, tos, dolor de cabeza o dificultad para respirar, se pide acudir inmediatamente a un centro de salud para recibir atenci\u00f3n m\u00e9dica oportuna. La detecci\u00f3n temprana es clave para evitar complicaciones y garantizar una pronta recuperaci\u00f3n, principalmente en los sectores m\u00e1s vulnerables que son la personas con otros padecimientos cr\u00f3nico-degenerativos.<\/span><\/p>\n","protected":false},"excerpt":{"rendered":"<p>Se incrementan los casos positivos de COVID-19 en todo el pa\u00eds, y Veracruz se encuentra entre los 12 primeros lugares<\/p>\n","protected":false},"author":4,"featured_media":42624,"comment_status":"closed","ping_status":"closed","sticky":false,"template":"","format":"standard","meta":{"colormag_page_container_layout":"default_layout","colormag_page_sidebar_layout":"default_layout","_jetpack_memberships_contains_paid_content":false,"footnotes":"","jetpack_publicize_message":"","jetpack_publicize_feature_enabled":true,"jetpack_social_post_already_shared":false,"jetpack_social_options":{"image_generator_settings":{"template":"highway","default_image_id":0,"font":"","enabled":false},"version":2}},"categories":[1082],"tags":[],"class_list":["post-42623","post","type-post","status-publish","format-standard","has-post-thumbnail","hentry","category-tuxpan"],"jetpack_publicize_connections":[],"jetpack_featured_media_url":"https:\/\/i0.wp.com\/politicosaldesnudo.com.mx\/wp-content\/uploads\/2024\/07\/4a2-1.jpg?fit=800%2C600&ssl=1","jetpack-related-posts":[],"jetpack_sharing_enabled":true,"_links":{"self":[{"href":"https:\/\/politicosaldesnudo.com.mx\/index.php\/wp-json\/wp\/v2\/posts\/42623","targetHints":{"allow":["GET"]}}],"collection":[{"href":"https:\/\/politicosaldesnudo.com.mx\/index.php\/wp-json\/wp\/v2\/posts"}],"about":[{"href":"https:\/\/politicosaldesnudo.com.mx\/index.php\/wp-json\/wp\/v2\/types\/post"}],"author":[{"embeddable":true,"href":"https:\/\/politicosaldesnudo.com.mx\/index.php\/wp-json\/wp\/v2\/users\/4"}],"replies":[{"embeddable":true,"href":"https:\/\/politicosaldesnudo.com.mx\/index.php\/wp-json\/wp\/v2\/comments?post=42623"}],"version-history":[{"count":0,"href":"https:\/\/politicosaldesnudo.com.mx\/index.php\/wp-json\/wp\/v2\/posts\/42623\/revisions"}],"wp:featuredmedia":[{"embeddable":true,"href":"https:\/\/politicosaldesnudo.com.mx\/index.php\/wp-json\/wp\/v2\/media\/42624"}],"wp:attachment":[{"href":"https:\/\/politicosaldesnudo.com.mx\/index.php\/wp-json\/wp\/v2\/media?parent=42623"}],"wp:term":[{"taxonomy":"category","embeddable":true,"href":"https:\/\/politicosaldesnudo.com.mx\/index.php\/wp-json\/wp\/v2\/categories?post=42623"},{"taxonomy":"post_tag","embeddable":true,"href":"https:\/\/politicosaldesnudo.com.mx\/index.php\/wp-json\/wp\/v2\/tags?post=42623"}],"curies":[{"name":"wp","href":"https:\/\/api.w.org\/{rel}","templated":true}]}}