{"id":42635,"date":"2024-07-24T08:21:08","date_gmt":"2024-07-24T13:21:08","guid":{"rendered":"https:\/\/politicosaldesnudo.com.mx\/?p=42635"},"modified":"2024-07-24T08:21:08","modified_gmt":"2024-07-24T13:21:08","slug":"coronel-retirado-llega-al-mando-en-seguridad-publica-de-acapulco","status":"publish","type":"post","link":"https:\/\/politicosaldesnudo.com.mx\/index.php\/2024\/07\/24\/coronel-retirado-llega-al-mando-en-seguridad-publica-de-acapulco\/","title":{"rendered":"Coronel retirado llega al mando en Seguridad P\u00fablica de Acapulco"},"content":{"rendered":"<div>\n<div id=\"content-body-225-12286152\">\n<p><span style=\"font-size: 14pt;\">Luego de una\u00a0intensa jornada de violencia que se ha vivido en los \u00faltimos meses\u00a0del a\u00f1o, y de m\u00e1s de un mes de haber estado sin titular, la alcaldesa Abelina L\u00f3pez Rodr\u00edguez, tom\u00f3 protesta al militar retirado Eduardo Arturo Bailleres Mendoza, como encargado de despacho de la Secretar\u00eda de Seguridad P\u00fablica.<\/span><\/p>\n<p><span style=\"font-size: 14pt;\">El Coronel retirado,\u00a0Eduardo Arturo Bailleres Mendoza, ser\u00eda el quinto funcionario que tendr\u00eda a su cargo la seguridad en la ciudad,\u00a0durante este primer trienio de gobierno encabezado por la presidenta morenista Abelina L\u00f3pez Rodr\u00edguez.<\/span><\/p>\n<\/div>\n<\/div>\n<div>\n<div id=\"dfp-nota-1x3s\" data-google-query-id=\"COewroHiv4cDFdqMywEdhOcrBg\">\n<div id=\"google_ads_iframe_\/2000002\/la-prensa\/mexico_nota_1x3_0__container__\">\n<div id=\"inArticle_1\">\n<div>\n<div>\n<div>\n<div><span style=\"font-size: 14pt;\">Fue en la oficina de presidencia, donde\u00a0la alcaldesa de Acapulco, hizo entrega del nombramiento de encargado de despacho a Bailleres Mendoza, a quien pidi\u00f3 trabajar con honradez, responsabilidad y amor por Acapulco.<\/span><\/div>\n<\/div>\n<\/div>\n<\/div>\n<\/div>\n<\/div>\n<\/div>\n<\/div>\n<article>\n<div id=\"content-body-5851641-12286152\">\n<p><span style=\"font-size: 14pt;\">Cabe destacar que\u00a0el \u00faltimo titular de la SSP, Luis Enrique V\u00e1zquez Rodr\u00edguez, renunci\u00f3 a su cargo el pasado 12 de junio\u00a0luego de haber recibido una invitaci\u00f3n para sumarse al grupo de transici\u00f3n en el nuevo gobierno federal.<\/span><\/p>\n<div>\n<div>\n<div id=\"teads1\"><span style=\"font-size: 14pt;\">Posteriormente de haber sido asignado como encargado de la Secretar\u00eda de Seguridad P\u00fablica, la propuesta del Coronel retirado del Ej\u00e9rcito Mexicano, ser\u00e1\u00a0presentada al pleno del cabildo para ser designado como secretario de seguridad en Acapulco.<\/span><\/div>\n<\/div>\n<\/div>\n<p><span style=\"font-size: 14pt;\">Eduardo Arturo Bailleres Mendoza, es coronel de infanter\u00eda retirado del Ej\u00e9rcito Mexicano donde estuvo activo por m\u00e1s de 30 a\u00f1os.<\/span><\/p>\n<p><span style=\"font-size: 14pt;\">Adem\u00e1s, tambi\u00e9n\u00a0se desempe\u00f1\u00f3 en distintos cargos en el sector privado, as\u00ed como el p\u00fablico,\u00a0como director de Tr\u00e1nsito y Movilidad y coordinador del Sistema Penitenciario de la Secretar\u00eda de Seguridad P\u00fablica del estado de Michoac\u00e1n.<\/span><\/p>\n<p><span style=\"font-size: 14pt;\">Y fue\u00a0director de \u00e1rea en la Secretar\u00eda de Seguridad P\u00fablica\u00a0estatal del Gobierno de Sinaloa.<\/span><\/p>\n<p><span style=\"font-size: 14pt;\">Trabajo en la Secretar\u00eda de Gobernaci\u00f3n, \u00f3rgano administrativo desconcentrado de prevenci\u00f3n y readaptaci\u00f3n social, donde fungi\u00f3 como\u00a0director de seguridad en el complejo penitenciario CPS N\u00famero 14.<\/span><\/p>\n<p><span style=\"font-size: 14pt;\">Se desempe\u00f1\u00f3 como director de \u00e1rea de la\u00a0Direcci\u00f3n General de Operaciones del Servicio de Protecci\u00f3n Federal.<\/span><\/p>\n<p><span style=\"font-size: 14pt;\">Tambi\u00e9n fue asesor del Consejo Estatal de Seguridad P\u00fablica del estado de Baja California\u00a0y fue jefe delegacional de Seguridad en Quintana Roo.<\/span><\/p>\n<p><span style=\"font-size: 14pt;\">Fue primer inspector y jefe de la Unidad de Apoyo para la Inspecci\u00f3n Fiscal\u00a0y Aduanera en los puertos fronterizos de San Luis R\u00edo Colorado, Sonora y Colombia, Nuevo Le\u00f3n.<\/span><\/p>\n<\/div>\n<\/article>\n","protected":false},"excerpt":{"rendered":"<p>Luego de una\u00a0intensa jornada de violencia que se ha vivido en los \u00faltimos meses\u00a0del a\u00f1o, y de m\u00e1s de un<\/p>\n","protected":false},"author":4,"featured_media":42636,"comment_status":"closed","ping_status":"closed","sticky":false,"template":"","format":"standard","meta":{"colormag_page_container_layout":"default_layout","colormag_page_sidebar_layout":"default_layout","_jetpack_memberships_contains_paid_content":false,"footnotes":"","jetpack_publicize_message":"","jetpack_publicize_feature_enabled":true,"jetpack_social_post_already_shared":false,"jetpack_social_options":{"image_generator_settings":{"template":"highway","default_image_id":0,"font":"","enabled":false},"version":2}},"categories":[33],"tags":[],"class_list":["post-42635","post","type-post","status-publish","format-standard","has-post-thumbnail","hentry","category-nacional"],"jetpack_publicize_connections":[],"jetpack_featured_media_url":"https:\/\/i0.wp.com\/politicosaldesnudo.com.mx\/wp-content\/uploads\/2024\/07\/NUEVO-TITULAR-SSP.jpg?fit=768%2C479&ssl=1","jetpack-related-posts":[],"jetpack_sharing_enabled":true,"_links":{"self":[{"href":"https:\/\/politicosaldesnudo.com.mx\/index.php\/wp-json\/wp\/v2\/posts\/42635","targetHints":{"allow":["GET"]}}],"collection":[{"href":"https:\/\/politicosaldesnudo.com.mx\/index.php\/wp-json\/wp\/v2\/posts"}],"about":[{"href":"https:\/\/politicosaldesnudo.com.mx\/index.php\/wp-json\/wp\/v2\/types\/post"}],"author":[{"embeddable":true,"href":"https:\/\/politicosaldesnudo.com.mx\/index.php\/wp-json\/wp\/v2\/users\/4"}],"replies":[{"embeddable":true,"href":"https:\/\/politicosaldesnudo.com.mx\/index.php\/wp-json\/wp\/v2\/comments?post=42635"}],"version-history":[{"count":0,"href":"https:\/\/politicosaldesnudo.com.mx\/index.php\/wp-json\/wp\/v2\/posts\/42635\/revisions"}],"wp:featuredmedia":[{"embeddable":true,"href":"https:\/\/politicosaldesnudo.com.mx\/index.php\/wp-json\/wp\/v2\/media\/42636"}],"wp:attachment":[{"href":"https:\/\/politicosaldesnudo.com.mx\/index.php\/wp-json\/wp\/v2\/media?parent=42635"}],"wp:term":[{"taxonomy":"category","embeddable":true,"href":"https:\/\/politicosaldesnudo.com.mx\/index.php\/wp-json\/wp\/v2\/categories?post=42635"},{"taxonomy":"post_tag","embeddable":true,"href":"https:\/\/politicosaldesnudo.com.mx\/index.php\/wp-json\/wp\/v2\/tags?post=42635"}],"curies":[{"name":"wp","href":"https:\/\/api.w.org\/{rel}","templated":true}]}}