{"id":42655,"date":"2024-07-24T08:34:54","date_gmt":"2024-07-24T13:34:54","guid":{"rendered":"https:\/\/politicosaldesnudo.com.mx\/?p=42655"},"modified":"2024-07-24T08:34:54","modified_gmt":"2024-07-24T13:34:54","slug":"con-segunda-pista-aeropuerto-de-guadalajara-aumenta-capacidad-para-dos-decadas","status":"publish","type":"post","link":"https:\/\/politicosaldesnudo.com.mx\/index.php\/2024\/07\/24\/con-segunda-pista-aeropuerto-de-guadalajara-aumenta-capacidad-para-dos-decadas\/","title":{"rendered":"Con segunda pista, aeropuerto de Guadalajara aumenta capacidad para dos d\u00e9cadas"},"content":{"rendered":"<div class=\"jsx-3315747106 resumeNew\">\n<p><span style=\"font-size: 14pt;\">El GAP anticipa capital superior en el siguiente quinquenio para construir nuevo edificio terminal y adquirir tierras para una tercera pista.<\/span><\/p>\n<\/div>\n<div class=\"jsx-1764542821 newsbody\">\n<div class=\"jsx-670345696 share fixed\">\n<div class=\"jsx-670345696 \"><span style=\"font-size: 14pt;\">Con una inversi\u00f3n de 15,900 millones de pesos, el Grupo Aeroportuario del Pac\u00edfico (GAP) inaugur\u00f3 la segunda pista del Aeropuerto Internacional de Guadalajara y otras obras de ampliaci\u00f3n y modernizaci\u00f3n de la terminal a\u00e9rea tapat\u00eda, que colocan a Jalisco como un \u201creferente de conectividad a\u00e9rea nacional\u201d.<\/span><\/div>\n<\/div>\n<div class=\"jsx-1764542821\">\n<div id=\"readNote\" class=\"jsx-1764542821\">\n<div class=\"jsx-537108098\">\n<p class=\"jsx-3954459878\"><span style=\"font-size: 14pt;\">Con la nueva pista, cuya extensi\u00f3n es de 3,538 metros de largo por 45 de ancho, el aeropuerto tapat\u00edo aumentar\u00e1 su capacidad de aterrizaje y despegue de aeronaves en 50% de manera inmediata y hasta 70% a largo plazo, inform\u00f3 el director general del GAP, Ra\u00fal Revuelta.<\/span><\/p>\n<p class=\"jsx-3954459878\"><span style=\"font-size: 14pt;\">\u201cCon esta segunda pista podr\u00eda haber hasta 50 o 52 operaciones por hora. Para ponerlo en contexto, con esa capacidad, el AICM (Aeropuerto Internacional de la Ciudad de M\u00e9xico) mov\u00eda 56 millones de pasajeros antes de que se redujeran sus operaciones. Entonces, \u00e9sta es una obra que nos va a permitir en el lado aire, tener al menos 20 a\u00f1os de capacidad\u201d, coment\u00f3 Revuelta Musalem.<\/span><\/p>\n<p class=\"jsx-3954459878\"><span style=\"font-size: 14pt;\">El director general del grupo mencion\u00f3 que al cierre del 2024 el aeropuerto tapat\u00edo movilizar\u00e1 18.5 millones de pasajeros y para el 2026, cuando Guadalajara ser\u00e1 sede del Mundial de Futbol FIFA, se prev\u00e9 alcanzar los 23 millones de viajeros movilizados.<\/span><\/p>\n<\/div>\n<\/div>\n<\/div>\n<\/div>\n","protected":false},"excerpt":{"rendered":"<p>El GAP anticipa capital superior en el siguiente quinquenio para construir nuevo edificio terminal y adquirir tierras para una tercera<\/p>\n","protected":false},"author":4,"featured_media":42656,"comment_status":"closed","ping_status":"closed","sticky":false,"template":"","format":"standard","meta":{"colormag_page_container_layout":"default_layout","colormag_page_sidebar_layout":"default_layout","_jetpack_memberships_contains_paid_content":false,"footnotes":"","jetpack_publicize_message":"","jetpack_publicize_feature_enabled":true,"jetpack_social_post_already_shared":false,"jetpack_social_options":{"image_generator_settings":{"template":"highway","default_image_id":0,"font":"","enabled":false},"version":2}},"categories":[30],"tags":[],"class_list":["post-42655","post","type-post","status-publish","format-standard","has-post-thumbnail","hentry","category-estados"],"jetpack_publicize_connections":[],"jetpack_featured_media_url":"https:\/\/i0.wp.com\/politicosaldesnudo.com.mx\/wp-content\/uploads\/2024\/07\/aeropuerto_guadalajarax3x.jpg_2002894772.jpg?fit=640%2C360&ssl=1","jetpack-related-posts":[],"jetpack_sharing_enabled":true,"_links":{"self":[{"href":"https:\/\/politicosaldesnudo.com.mx\/index.php\/wp-json\/wp\/v2\/posts\/42655","targetHints":{"allow":["GET"]}}],"collection":[{"href":"https:\/\/politicosaldesnudo.com.mx\/index.php\/wp-json\/wp\/v2\/posts"}],"about":[{"href":"https:\/\/politicosaldesnudo.com.mx\/index.php\/wp-json\/wp\/v2\/types\/post"}],"author":[{"embeddable":true,"href":"https:\/\/politicosaldesnudo.com.mx\/index.php\/wp-json\/wp\/v2\/users\/4"}],"replies":[{"embeddable":true,"href":"https:\/\/politicosaldesnudo.com.mx\/index.php\/wp-json\/wp\/v2\/comments?post=42655"}],"version-history":[{"count":0,"href":"https:\/\/politicosaldesnudo.com.mx\/index.php\/wp-json\/wp\/v2\/posts\/42655\/revisions"}],"wp:featuredmedia":[{"embeddable":true,"href":"https:\/\/politicosaldesnudo.com.mx\/index.php\/wp-json\/wp\/v2\/media\/42656"}],"wp:attachment":[{"href":"https:\/\/politicosaldesnudo.com.mx\/index.php\/wp-json\/wp\/v2\/media?parent=42655"}],"wp:term":[{"taxonomy":"category","embeddable":true,"href":"https:\/\/politicosaldesnudo.com.mx\/index.php\/wp-json\/wp\/v2\/categories?post=42655"},{"taxonomy":"post_tag","embeddable":true,"href":"https:\/\/politicosaldesnudo.com.mx\/index.php\/wp-json\/wp\/v2\/tags?post=42655"}],"curies":[{"name":"wp","href":"https:\/\/api.w.org\/{rel}","templated":true}]}}