{"id":42659,"date":"2024-07-24T08:36:50","date_gmt":"2024-07-24T13:36:50","guid":{"rendered":"https:\/\/politicosaldesnudo.com.mx\/?p=42659"},"modified":"2024-07-24T08:36:50","modified_gmt":"2024-07-24T13:36:50","slug":"san-luis-potosi-refleja-bajo-nivel-de-endeudamiento","status":"publish","type":"post","link":"https:\/\/politicosaldesnudo.com.mx\/index.php\/2024\/07\/24\/san-luis-potosi-refleja-bajo-nivel-de-endeudamiento\/","title":{"rendered":"San Luis Potos\u00ed refleja bajo nivel de endeudamiento"},"content":{"rendered":"<div class=\"jsx-3315747106 resumeNew\">\n<p><span style=\"font-size: 14pt;\">Al cierre del primer trimestre, el saldo de la deuda directa ascendi\u00f3 a 3,476.4 millones de pesos, dando una ca\u00edda de 5.0% anual.<\/span><\/p>\n<\/div>\n<div class=\"jsx-1764542821 newsbody\">\n<div class=\"jsx-670345696 share fixed\">\n<div class=\"jsx-670345696 \"><span style=\"font-size: 14pt;\">PCR Verum ratific\u00f3 la calificaci\u00f3n de largo plazo de \u201cAA-\/M\u201d al estado de San Luis Potos\u00ed; asimismo, modific\u00f3 la perspectiva a Positiva desde Estable.<\/span><\/div>\n<\/div>\n<div class=\"jsx-1764542821\">\n<div id=\"readNote\" class=\"jsx-1764542821\">\n<div class=\"jsx-537108098\">\n<p class=\"jsx-3954459878\"><span style=\"font-size: 14pt;\">La ratificaci\u00f3n en la calificaci\u00f3n y el cambio en la perspectiva obedece a las eficientes pol\u00edticas financieras implementadas por la entidad que se han reflejado en un bajo nivel de endeudamiento con tendencia a la baja, en una contenci\u00f3n en el gasto operativo y en una buena generaci\u00f3n de ingresos propios, de acuerdo con un comunicado enviado a la Bolsa Mexicana de Valores.<\/span><\/p>\n<p class=\"jsx-3954459878\"><span style=\"font-size: 14pt;\">Lo anterior, a\u00f1ade, ha ocasionado que San Luis Potos\u00ed cuente con una posici\u00f3n financiera adecuada, gracias a un sistema de fiscalizaci\u00f3n robusto, mismo que podr\u00eda mejorar hacia adelante debido a nuevos mecanismos de cobranza que impactar\u00e1n positivamente en su flexibilidad financiera. \u201cAsimismo, la calificaci\u00f3n considera el dinamismo econ\u00f3mico de la regi\u00f3n y su geolocalizaci\u00f3n, principalmente en el aspecto industrial y la estabilidad observada en sus finanzas p\u00fablicas durante el periodo analizado\u201d.<\/span><\/p>\n<p class=\"jsx-3954459878\"><span style=\"font-size: 14pt;\">Tambi\u00e9n se observan elevados montos en inversiones p\u00fablico-productivas que han contribuido en mejorar la infraestructura f\u00edsica de la entidad; no obstante, han impactado de manera negativa el balance fiscal, aunque PCR Verum espera que en los pr\u00f3ximos doce meses est\u00e9 ligeramente por encima del punto de equilibrio. Adem\u00e1s, San Luis Potos\u00ed tiene un elevado pasivo circulante, lo que podr\u00eda presionar hacia adelante algunos indicadores financieros.<\/span><\/p>\n<\/div>\n<\/div>\n<\/div>\n<\/div>\n","protected":false},"excerpt":{"rendered":"<p>Al cierre del primer trimestre, el saldo de la deuda directa ascendi\u00f3 a 3,476.4 millones de pesos, dando una ca\u00edda<\/p>\n","protected":false},"author":4,"featured_media":42660,"comment_status":"closed","ping_status":"closed","sticky":false,"template":"","format":"standard","meta":{"colormag_page_container_layout":"default_layout","colormag_page_sidebar_layout":"default_layout","_jetpack_memberships_contains_paid_content":false,"footnotes":"","jetpack_publicize_message":"","jetpack_publicize_feature_enabled":true,"jetpack_social_post_already_shared":false,"jetpack_social_options":{"image_generator_settings":{"template":"highway","default_image_id":0,"font":"","enabled":false},"version":2}},"categories":[30],"tags":[],"class_list":["post-42659","post","type-post","status-publish","format-standard","has-post-thumbnail","hentry","category-estados"],"jetpack_publicize_connections":[],"jetpack_featured_media_url":"https:\/\/i0.wp.com\/politicosaldesnudo.com.mx\/wp-content\/uploads\/2024\/07\/panoramica_san_luis_potosi_cortesia_maps.jpg_554688468.jpg?fit=1200%2C675&ssl=1","jetpack-related-posts":[],"jetpack_sharing_enabled":true,"_links":{"self":[{"href":"https:\/\/politicosaldesnudo.com.mx\/index.php\/wp-json\/wp\/v2\/posts\/42659","targetHints":{"allow":["GET"]}}],"collection":[{"href":"https:\/\/politicosaldesnudo.com.mx\/index.php\/wp-json\/wp\/v2\/posts"}],"about":[{"href":"https:\/\/politicosaldesnudo.com.mx\/index.php\/wp-json\/wp\/v2\/types\/post"}],"author":[{"embeddable":true,"href":"https:\/\/politicosaldesnudo.com.mx\/index.php\/wp-json\/wp\/v2\/users\/4"}],"replies":[{"embeddable":true,"href":"https:\/\/politicosaldesnudo.com.mx\/index.php\/wp-json\/wp\/v2\/comments?post=42659"}],"version-history":[{"count":0,"href":"https:\/\/politicosaldesnudo.com.mx\/index.php\/wp-json\/wp\/v2\/posts\/42659\/revisions"}],"wp:featuredmedia":[{"embeddable":true,"href":"https:\/\/politicosaldesnudo.com.mx\/index.php\/wp-json\/wp\/v2\/media\/42660"}],"wp:attachment":[{"href":"https:\/\/politicosaldesnudo.com.mx\/index.php\/wp-json\/wp\/v2\/media?parent=42659"}],"wp:term":[{"taxonomy":"category","embeddable":true,"href":"https:\/\/politicosaldesnudo.com.mx\/index.php\/wp-json\/wp\/v2\/categories?post=42659"},{"taxonomy":"post_tag","embeddable":true,"href":"https:\/\/politicosaldesnudo.com.mx\/index.php\/wp-json\/wp\/v2\/tags?post=42659"}],"curies":[{"name":"wp","href":"https:\/\/api.w.org\/{rel}","templated":true}]}}