{"id":42694,"date":"2024-07-25T07:59:09","date_gmt":"2024-07-25T12:59:09","guid":{"rendered":"https:\/\/politicosaldesnudo.com.mx\/?p=42694"},"modified":"2024-07-25T07:59:09","modified_gmt":"2024-07-25T12:59:09","slug":"se-van-de-vacaciones-en-el-poder-judicial","status":"publish","type":"post","link":"https:\/\/politicosaldesnudo.com.mx\/index.php\/2024\/07\/25\/se-van-de-vacaciones-en-el-poder-judicial\/","title":{"rendered":"Se van de vacaciones en el Poder Judicial"},"content":{"rendered":"<p><span style=\"font-size: 14pt;\">Con el inicio del periodo vacacional los empleados del Poder Judicial en el Estado de Veracruz tambi\u00e9n toman su descanso, que ser\u00e1 por tres semanas aproximadamente, por lo que han designado guardias, para atender los casos de mayor relevancia que se vayan presentando.<\/span><\/p>\n<p><span style=\"font-size: 14pt;\">De esta manera, a pesar del periodo de receso, el Tribunal Superior de Justicia no detiene sus actividades, porque los Juzgados en materia penal y familiar siguen laborando en temas espec\u00edficos a trav\u00e9s de sus guardias.<\/span><\/p>\n<p><span style=\"font-size: 14pt;\">Abogados pertenecientes al Colegio \u00danico Local de litigantes, dieron a conocer que autoridades estatales est\u00e1n en contante monitoreo para verificar que las distintas guardias en cada distrito judicial est\u00e9n laborando y dando la atenci\u00f3n debida a toda la gente que as\u00ed lo requiera.<\/span><\/p>\n<p><span style=\"font-size: 14pt;\">Hicieron el llamado a todos sus colegas y a la ciudadan\u00eda en general que tome en cuenta el periodo de vacaciones tanto en Fiscal\u00edas y Juzgados, para datos seguimiento a sus tr\u00e1mites, no solo para la gente de Tuxpan, sino tambi\u00e9n a los municipios cercanos que forman parte de este distrito judicial con cabecera en esta localidad.<\/span><\/p>\n","protected":false},"excerpt":{"rendered":"<p>Con el inicio del periodo vacacional los empleados del Poder Judicial en el Estado de Veracruz tambi\u00e9n toman su descanso,<\/p>\n","protected":false},"author":4,"featured_media":42695,"comment_status":"closed","ping_status":"closed","sticky":false,"template":"","format":"standard","meta":{"colormag_page_container_layout":"default_layout","colormag_page_sidebar_layout":"default_layout","_jetpack_memberships_contains_paid_content":false,"footnotes":"","jetpack_publicize_message":"","jetpack_publicize_feature_enabled":true,"jetpack_social_post_already_shared":false,"jetpack_social_options":{"image_generator_settings":{"template":"highway","default_image_id":0,"font":"","enabled":false},"version":2}},"categories":[1082],"tags":[],"class_list":["post-42694","post","type-post","status-publish","format-standard","has-post-thumbnail","hentry","category-tuxpan"],"jetpack_publicize_connections":[],"jetpack_featured_media_url":"https:\/\/i0.wp.com\/politicosaldesnudo.com.mx\/wp-content\/uploads\/2024\/07\/5a-4.jpg?fit=1200%2C900&ssl=1","jetpack-related-posts":[],"jetpack_sharing_enabled":true,"_links":{"self":[{"href":"https:\/\/politicosaldesnudo.com.mx\/index.php\/wp-json\/wp\/v2\/posts\/42694","targetHints":{"allow":["GET"]}}],"collection":[{"href":"https:\/\/politicosaldesnudo.com.mx\/index.php\/wp-json\/wp\/v2\/posts"}],"about":[{"href":"https:\/\/politicosaldesnudo.com.mx\/index.php\/wp-json\/wp\/v2\/types\/post"}],"author":[{"embeddable":true,"href":"https:\/\/politicosaldesnudo.com.mx\/index.php\/wp-json\/wp\/v2\/users\/4"}],"replies":[{"embeddable":true,"href":"https:\/\/politicosaldesnudo.com.mx\/index.php\/wp-json\/wp\/v2\/comments?post=42694"}],"version-history":[{"count":0,"href":"https:\/\/politicosaldesnudo.com.mx\/index.php\/wp-json\/wp\/v2\/posts\/42694\/revisions"}],"wp:featuredmedia":[{"embeddable":true,"href":"https:\/\/politicosaldesnudo.com.mx\/index.php\/wp-json\/wp\/v2\/media\/42695"}],"wp:attachment":[{"href":"https:\/\/politicosaldesnudo.com.mx\/index.php\/wp-json\/wp\/v2\/media?parent=42694"}],"wp:term":[{"taxonomy":"category","embeddable":true,"href":"https:\/\/politicosaldesnudo.com.mx\/index.php\/wp-json\/wp\/v2\/categories?post=42694"},{"taxonomy":"post_tag","embeddable":true,"href":"https:\/\/politicosaldesnudo.com.mx\/index.php\/wp-json\/wp\/v2\/tags?post=42694"}],"curies":[{"name":"wp","href":"https:\/\/api.w.org\/{rel}","templated":true}]}}