{"id":4273,"date":"2022-04-22T06:27:50","date_gmt":"2022-04-22T11:27:50","guid":{"rendered":"https:\/\/politicosaldesnudo.com.mx\/?p=4273"},"modified":"2022-04-22T06:27:50","modified_gmt":"2022-04-22T11:27:50","slug":"llevan-a-amlo-a-las-grandes-ligas","status":"publish","type":"post","link":"https:\/\/politicosaldesnudo.com.mx\/index.php\/2022\/04\/22\/llevan-a-amlo-a-las-grandes-ligas\/","title":{"rendered":"Llevan a AMLO a las grandes ligas"},"content":{"rendered":"<p>&nbsp;<\/p>\n<p class=\"p1\"><strong><span style=\"font-size: 18pt;\">Por \u00c1ngel \u00c1lvaro Pe\u00f1a<\/span><\/strong><\/p>\n<p>&nbsp;<\/p>\n<p class=\"p1\"><span style=\"font-size: 14pt;\"><strong>Cuando diputadas y diputados de la coalici\u00f3n electoral\u00a0Va por M\u00e9xico, intentaron poner en la l\u00ednea de fuego internacional al Presidente de la Rep\u00fablica, al acudir a las oficinas de las Naciones Unidas en M\u00e9xico para solicitar la intervenci\u00f3n<\/strong> de dicho \u00f3rgano para que cesen los \u201cataques de odio\u201d contra ellos, surgidos desde la dirigencia nacional de Morena, <strong>el presidente ya hab\u00eda conectado una l\u00ednea de hit<\/strong>.<\/span><\/p>\n<p class=\"p1\"><span style=\"font-size: 14pt;\">Los miembros de la alianza electoral fueron a acusar a los que ellos siempre han considerado una autoridad superior a la del Presidente de M\u00e9xico, y esa instancia es, para ellos, Estados Unidos.<\/span><\/p>\n<p class=\"p1\"><span style=\"font-size: 14pt;\">Consideraron que era pertinente acudir a un organismo internacional para poner en duda la imparcialidad del gobierno mexicano y tambi\u00e9n la aceptaci\u00f3n social de <strong>Andr\u00e9s Manuel L\u00f3pez Obrador<\/strong> ante el mundo, pero <strong>no contaban, que \u00e9ste tiene\u00a071 por ciento de aprobaci\u00f3n<\/strong>,\u00a0<strong>en la encuesta de l\u00edderes globales que realiza\u00a0Morning Consult Political Intelligence, manteniendo as\u00ed el segundo lugar en la lista los mandatarios m\u00e1s populares del planeta<\/strong>, situaci\u00f3n dada a conocer al mismo tiempo que visitaban panistas y priistas en las oficinas de la ONU en M\u00e9xico, quienes lo quisieron sacar de la jugada.<\/span><\/p>\n<blockquote>\n<p class=\"p1\"><span style=\"font-size: 14pt;\">Luego del domingo 17 de abril, la popularidad de Andr\u00e9s Manuel L\u00f3pez Obrador aument\u00f3 varios puntos y la correspondiente a los partidos de oposici\u00f3n se redujo considerablemente. Un ejemplo de ello es la intenci\u00f3n del voto en Aguascalientes, entidad donde Marko Cort\u00e9s cifr\u00f3 las \u00fanicas esperanzas de victoria electoral para el 5 de junio.<\/span><\/p>\n<\/blockquote>\n<p class=\"p1\"><strong><span style=\"font-size: 14pt;\">Anteriormente la ventaja de la candidata del PAN a la gubernatura Tere Jim\u00e9nez era hasta de 20 puntos y ahora est\u00e1 empatada con Nora Ruvalcaba, de Morena.<\/span><\/strong><\/p>\n<p class=\"p1\"><strong><span style=\"font-size: 14pt;\">En Durango, donde hab\u00eda empate en la intenci\u00f3n del voto entre\u00a0la morenista Marina Vitela y el priista Esteban Villegas, ahora la primera aventaja al segundo, por una diferencia de 18 puntos. Dejando en tercer lugar a Patricia Flores, de Movimiento Ciudadano, con 6 por ciento.<\/span><\/strong><\/p>\n<p class=\"p1\"><span style=\"font-size: 14pt;\">La postura de los diputados de oposici\u00f3n respecto a la reforma el\u00e9ctrica motiv\u00f3 un rechazo generalizado entre los mexicanos porque como nunca antes una reforma ten\u00eda frente a los ojos dela poblaci\u00f3n lo que ocurre en pa\u00edses como Espa\u00f1a, donde resulta impagable el recibo del suministro, a causa de la imposici\u00f3n de tarifas de las empresas privadas.<\/span><\/p>\n<blockquote>\n<p class=\"p1\"><span style=\"font-size: 14pt;\">A pesar de que la mayor\u00eda de los mexicanos deseaba esa reforma por as\u00ed convenir a su econom\u00eda, pero la oposici\u00f3n les dio la espalda y prefiri\u00f3 apoyar a las empresas extranjeras en la distribuci\u00f3n de la energ\u00eda el\u00e9ctrica, lo que motivo que, desde diferentes segmentos de la poblaci\u00f3n, se les llamara traidores, calificativo que no les gust\u00f3 y fue motivo de su denuncia ante la ONU.<\/span><\/p>\n<\/blockquote>\n<p class=\"p1\"><span style=\"font-size: 14pt;\">La carta que entregaron los conservadores a la ONU en car\u00e1cter de urgente, recibida por el Alto Comisionado de las Naciones Unidas para los\u00a0Derechos Humanos, Guillermo Fern\u00e1ndez Maldonado Castro, se\u00f1alaba;<strong> \u201cLa urgencia de esta misiva es debido a que dicha campa\u00f1a, llam\u00e1ndonos traidores a la patria, algunas compa\u00f1eras y compa\u00f1eros ya han sido v\u00edctimas de violencia\u201d.<\/strong><\/span><\/p>\n<p class=\"p1\"><span style=\"font-size: 14pt;\">As\u00ed los detractores que no quieren que les digan traidores confirman dicho adjetivo acusando a las instancias mexicanas con lo que consideran agentes superiores en cuanto a justicia y defensa de los derechos humanos, porque aseguran que sus derechos son vulnerados con esa calificaci\u00f3n, pero no recuerdan cuando ellos, muchas veces desde la tribuna de Diputados y Senadores, no dejaron t\u00edtere sin cabeza a la hora de mencionar a los funcionarios de la cuarta transformaci\u00f3n. O sea, quieren decirnos que s\u00f3lo ellos tienen derecho a ofender e insultar al contrincante pol\u00edtico. A eso le llaman justicia.<\/span><\/p>\n<p class=\"p1\"><span style=\"font-size: 14pt;\"><strong>La derecha en M\u00e9xico sigue considerando a Estados Unidos como la m\u00e1xima autoridad del pa\u00eds, su mentalidad acostumbrada a obedecer \u00f3rdenes de extranjeros<\/strong>, a quienes consideran seres superiores les obliga a acusar a las autoridades mexicanas con alguien o algo que consideran m\u00e1s arriba del propio Presidente de la Rep\u00fablica y prueba de ello es <strong>la actitud que tom\u00f3 la hija de rosario Robles, Mariana Moguel, al\u00a0buscar audiencia con el Embajador de Estados Unidos en M\u00e9xico, Ken Salazar, para denunciar a las autoridades mexicanas, por las violaciones al debido proceso que sufre su madre<\/strong> luego que se le acus\u00f3 hace m\u00e1s de dos a\u00f1os por el presunto delito de ejercicio indebido del servicio p\u00fablico.<\/span><\/p>\n<blockquote>\n<p class=\"p1\"><span style=\"font-size: 14pt;\">La dependencia mental es muy fuerte entre quienes siempre dependieron de un poder supranacional se muestra como parte de una personalidad que recuerda las traiciones de Miguel Miram\u00f3n y Tom\u00e1s Mej\u00eda, quienes acompa\u00f1aron a Maximiliano de Habsburgo al pared\u00f3n.<\/span><\/p>\n<\/blockquote>\n<p class=\"p1\"><span style=\"font-size: 14pt;\">As\u00ed, <strong>mientras la oposici\u00f3n busca en el extranjero amparo<\/strong> ante lo que consideran injusticias en el pa\u00eds, el presidente, <strong>en ese mismo campo de b\u00e9isbol, se vuela la barda porque con su aceptaci\u00f3n de\u00a0Morning Consult Political Intelligence, obtiene el m\u00e1s alto nivel de aceptaci\u00f3n desde que se tiene registro,<\/strong> consiguiendo as\u00ed un \u00edndice de\u00a0desaprobaci\u00f3n de s\u00f3lo 22 por ciento.<\/span><\/p>\n<p class=\"p1\"><span style=\"font-size: 14pt;\">Los panistas, aferrados en considerar al vecino pa\u00eds del norte la m\u00e1xima autoridad mundial, <strong>anunciaron que una vez entregada la carta a la ONU acudir\u00e1n a la OEA, la Comisi\u00f3n Interamericana de los Derechos Humanos, e incluso al Parlamento Europeo, con lo que muestran que para ellos es m\u00e1s importante una instancia extranjera que las que tiene el pa\u00eds.<\/strong><\/span><\/p>\n<p class=\"p1\"><span style=\"font-size: 14pt;\"><strong>La vieja creencia de que todo lo extranjero es mejor<\/strong>, prevalece entre los conservadores y quieren importar no s\u00f3lo ideas sino juicios sumarios contra la pol\u00edtica que escogieron m\u00e1s de <strong>30 millones de personas con un presidente cuya aceptaci\u00f3n popular es de 71 por ciento<\/strong>. <strong>Es decir, a pesar de saber que son una minor\u00eda cuestionan la voluntad de la mayor\u00eda a la que no quieren reconocer, como lo hicieron en las votaciones presidenciales de 2006.<\/strong><\/span><\/p>\n<p>&nbsp;<\/p>\n<p class=\"p1\"><strong><span style=\"font-size: 18pt;\">PEGA Y CORRE<\/span><\/strong><\/p>\n<p class=\"p1\"><span style=\"font-size: 14pt;\">La candidata del PRI a la gubernatura de Hidalgo, esposa del coordinador parlamentario de ese partido en la C\u00e1mara de Diputados, Rub\u00e9n Moreira, paga 53 pesos de luz, por bimestre, por una casa de m\u00e1s de mil metros cuadrados. Ahora se explican algunas votaciones\u2026<\/span><\/p>\n<p>&nbsp;<\/p>\n<p class=\"p1\"><strong><span style=\"font-size: 18pt;\">Esta columna se publica los lunes, mi\u00e9rcoles y viernes.<\/span><\/strong><\/p>\n<p>&nbsp;<\/p>\n<p>&nbsp;<\/p>\n<p>&nbsp;<\/p>\n","protected":false},"excerpt":{"rendered":"<p>&nbsp; Por \u00c1ngel \u00c1lvaro Pe\u00f1a &nbsp; Cuando diputadas y diputados de la coalici\u00f3n electoral\u00a0Va por M\u00e9xico, intentaron poner en la<\/p>\n","protected":false},"author":4,"featured_media":3775,"comment_status":"closed","ping_status":"closed","sticky":false,"template":"","format":"standard","meta":{"colormag_page_container_layout":"default_layout","colormag_page_sidebar_layout":"default_layout","_jetpack_memberships_contains_paid_content":false,"footnotes":"","jetpack_publicize_message":"","jetpack_publicize_feature_enabled":true,"jetpack_social_post_already_shared":false,"jetpack_social_options":{"image_generator_settings":{"template":"highway","default_image_id":0,"font":"","enabled":false},"version":2}},"categories":[26],"tags":[507,95,500],"class_list":["post-4273","post","type-post","status-publish","format-standard","has-post-thumbnail","hentry","category-columnistas","tag-aceptacion","tag-andres-manuel-lopez-obrador","tag-morning-consult"],"jetpack_publicize_connections":[],"jetpack_featured_media_url":"https:\/\/i0.wp.com\/politicosaldesnudo.com.mx\/wp-content\/uploads\/2022\/04\/A%CC%81NGEL-A%CC%81LVARO-PEN%CC%83A1.png?fit=1816%2C1016&ssl=1","jetpack-related-posts":[],"jetpack_sharing_enabled":true,"_links":{"self":[{"href":"https:\/\/politicosaldesnudo.com.mx\/index.php\/wp-json\/wp\/v2\/posts\/4273","targetHints":{"allow":["GET"]}}],"collection":[{"href":"https:\/\/politicosaldesnudo.com.mx\/index.php\/wp-json\/wp\/v2\/posts"}],"about":[{"href":"https:\/\/politicosaldesnudo.com.mx\/index.php\/wp-json\/wp\/v2\/types\/post"}],"author":[{"embeddable":true,"href":"https:\/\/politicosaldesnudo.com.mx\/index.php\/wp-json\/wp\/v2\/users\/4"}],"replies":[{"embeddable":true,"href":"https:\/\/politicosaldesnudo.com.mx\/index.php\/wp-json\/wp\/v2\/comments?post=4273"}],"version-history":[{"count":0,"href":"https:\/\/politicosaldesnudo.com.mx\/index.php\/wp-json\/wp\/v2\/posts\/4273\/revisions"}],"wp:featuredmedia":[{"embeddable":true,"href":"https:\/\/politicosaldesnudo.com.mx\/index.php\/wp-json\/wp\/v2\/media\/3775"}],"wp:attachment":[{"href":"https:\/\/politicosaldesnudo.com.mx\/index.php\/wp-json\/wp\/v2\/media?parent=4273"}],"wp:term":[{"taxonomy":"category","embeddable":true,"href":"https:\/\/politicosaldesnudo.com.mx\/index.php\/wp-json\/wp\/v2\/categories?post=4273"},{"taxonomy":"post_tag","embeddable":true,"href":"https:\/\/politicosaldesnudo.com.mx\/index.php\/wp-json\/wp\/v2\/tags?post=4273"}],"curies":[{"name":"wp","href":"https:\/\/api.w.org\/{rel}","templated":true}]}}