{"id":42761,"date":"2024-07-26T08:05:20","date_gmt":"2024-07-26T13:05:20","guid":{"rendered":"https:\/\/politicosaldesnudo.com.mx\/?p=42761"},"modified":"2024-07-26T14:42:55","modified_gmt":"2024-07-26T19:42:55","slug":"desplazados-de-chiapas-huyeron-a-guatemala-sin-nada-las-balas-pasaban-arriba-de-nosotros","status":"publish","type":"post","link":"https:\/\/politicosaldesnudo.com.mx\/index.php\/2024\/07\/26\/desplazados-de-chiapas-huyeron-a-guatemala-sin-nada-las-balas-pasaban-arriba-de-nosotros\/","title":{"rendered":"Desplazados de Chiapas huyeron a Guatemala sin nada: las balas pasaban arriba de nosotros"},"content":{"rendered":"<div>\n<div id=\"content-body-225-12298881\">\n<p><span style=\"font-size: 14pt;\">Habitantes de la Sierra de Chiapas que huyeron hacia Guatemala por la violencia dejaron sus hogares con todas sus pertenencias para escapar de la violencia que azota el estado.<\/span><\/p>\n<p><span style=\"font-size: 14pt;\">Benilda, una mujer desplazada del barrio San Jos\u00e9, municipio de\u00a0Amatenango de la Frontera, se\u00f1ala, seg\u00fan un relato compartido por el gobierno del departamento de Huehuetenango, que antes de escapar escuchaban noticias sobre balaceras y les dec\u00edan que no salieran.<\/span><\/p>\n<\/div>\n<\/div>\n<div>\n<div id=\"dfp-nota-1x3s\" data-google-query-id=\"CM6smf3hxIcDFWmJpgQdcLYhYQ\">\n<div id=\"google_ads_iframe_\/2000002\/la-prensa\/mexico_nota_1x3_0__container__\"><span style=\"font-size: 14pt;\">\u00abNosotros sin saber, no quer\u00edamos salir de nuestras casas. Yo tengo 10 animales, otras cosas y mi casita. Adem\u00e1s, tengo una ni\u00f1a de 3 a\u00f1os, es mi nietecita -cont\u00f3 la mujer. Cuando escuch\u00e1bamos las balaceras nos met\u00edamos debajo de la cama, tirados al piso<\/span><\/div>\n<\/div>\n<\/div>\n<article>\n<div id=\"content-body-5851641-12298881\">\n<div>\n<div>\n<div id=\"teads0\"><span style=\"font-size: 14pt;\">Se escuchaba c\u00f3mo las balas pasaban arriba de nosotros<\/span><\/div>\n<\/div>\n<\/div>\n<p><span style=\"font-size: 14pt;\">\u00abCuando se tranquiliz\u00f3 tantito, salimos como pudimos, no trajimos ni ropa, ni chanclas, ni nada, ni pa\u00f1al para la ni\u00f1a\u00bb, relat\u00f3.<\/span><\/p>\n<section>\n<div>\n<div><span style=\"font-size: 14pt;\">\u00abYo no traje nada, nos venimos caminando y adem\u00e1s enferma. Mi marido est\u00e1 enfermo, padecemos de diabetes. Como pudimos estamos aqu\u00ed en Barrio Reforma y gracias a esta comunidad que s\u00ed nos est\u00e1 apoyando\u00bb, mencion\u00f3.<\/span><\/div>\n<\/div>\n<\/section>\n<p><span style=\"font-size: 14pt;\">Por su parte, Apolinar, del Barrio San Jos\u00e9, mostr\u00f3 su gratitud con los\u00a0hermanos guatemaltecos\u00a0que les abrieron las puertas.<\/span><\/p>\n<p><span style=\"font-size: 14pt;\">\u00abCreo que es algo que no tiene precio, gracias a ellos tenemos un lugar d\u00f3nde pasar la noche, no estamos aguantando fr\u00edo, gracias a Dios, y gracias a ellos nos recibieron bien\u00bb, afirma.<\/span><\/p>\n<div>\n<div id=\"teads1\"><span style=\"font-size: 14pt;\">Agradeci\u00f3 el apoyo que est\u00e1 dando el gobierno de Guatemala\u00a0y a toda la gente que los est\u00e1 apoyando.<\/span><\/div>\n<\/div>\n<p><span style=\"font-size: 14pt;\">Audilio Epifanio Roblero Arriaga,\u00a0alcalde municipal de Cuilco, y Elsa Hern\u00e1ndez,\u00a0gobernadora departamental de Huehuetenango, informaron que pidieron el reporte de los l\u00edderes comunitarios de las comunidades de donde son los desplazados.<\/span><\/p>\n<p><span style=\"font-size: 14pt;\">\u00abCuando ellos nos confirmaron que esta noticia era veraz, les pedimos a los l\u00edderes que buscaran espacios en los centros comunitarios, como la Iglesia Cat\u00f3lica, la Iglesia Evang\u00e9lica, los salones comunitarios y los centros educativos\u00bb, se\u00f1al\u00f3 Roblero Arriaga.<\/span><\/p>\n<p><span style=\"font-size: 14pt;\">Mencionaron que este es un problema estructural de a\u00f1os y que es importante atenderlo de manera bilateral entre los gobiernos de Guatemala y M\u00e9xico, ya que est\u00e1 afectando m\u00e1s a la poblaci\u00f3n mexicana.<\/span><\/p>\n<div>\n<div>\n<div><span style=\"font-size: 14pt;\">Agreg\u00f3 que gestionaron ayuda humanitaria, gracias a las instituciones cooperantes que han facilitado\u00a0v\u00edveres, kits de higiene\u00a0y otros insumos necesarios para la supervivencia de la poblaci\u00f3n.<\/span><\/div>\n<\/div>\n<\/div>\n<p><span style=\"font-size: 14pt;\">En el tema de seguridad, mandos del\u00a0Ej\u00e9rcito de Guatemala\u00a0se\u00f1alaron que hay una fuerza combinada entre militares y polic\u00edas, y se han desplazado destacamentos militares para resguardar la frontera.<\/span><\/p>\n<div>\n<div>\n<div><span style=\"font-size: 14pt;\">Ante la situaci\u00f3n que impera en el Caser\u00edo de Ampliaci\u00f3n Nueva Reforma, el Ej\u00e9rcito de Guatemala ha desplegado unidades militares en el l\u00edmite pol\u00edtico internacional, espec\u00edficamente en cuatro puntos principales, como es Oaxaque\u00f1o, donde existe una avenida de aproximaci\u00f3n hacia el territorio guatemalteco bastante fuerte, por donde integrantes de los carteles puede incursionar.<\/span><\/div>\n<\/div>\n<\/div>\n<p><span style=\"font-size: 14pt;\">Asimismo, patrullan el l\u00edmite pol\u00edtico internacional en el \u00e1rea de Veracruz Frontera y Nueva Reforma.<\/span><\/p>\n<p><i>Publicado originalmente en\u00a0Diario del Sur<\/i><\/p>\n<\/div>\n<\/article>\n","protected":false},"excerpt":{"rendered":"<p>Habitantes de la Sierra de Chiapas que huyeron hacia Guatemala por la violencia dejaron sus hogares con todas sus pertenencias<\/p>\n","protected":false},"author":4,"featured_media":42762,"comment_status":"closed","ping_status":"closed","sticky":false,"template":"","format":"standard","meta":{"colormag_page_container_layout":"default_layout","colormag_page_sidebar_layout":"default_layout","_jetpack_memberships_contains_paid_content":false,"footnotes":"","jetpack_publicize_message":"","jetpack_publicize_feature_enabled":true,"jetpack_social_post_already_shared":false,"jetpack_social_options":{"image_generator_settings":{"template":"highway","default_image_id":0,"font":"","enabled":false},"version":2}},"categories":[33],"tags":[],"class_list":["post-42761","post","type-post","status-publish","format-standard","has-post-thumbnail","hentry","category-nacional"],"jetpack_publicize_connections":[],"jetpack_featured_media_url":"https:\/\/i0.wp.com\/politicosaldesnudo.com.mx\/wp-content\/uploads\/2024\/07\/Mexicanos-refugiados-Guatemala.png?fit=768%2C479&ssl=1","jetpack-related-posts":[],"jetpack_sharing_enabled":true,"_links":{"self":[{"href":"https:\/\/politicosaldesnudo.com.mx\/index.php\/wp-json\/wp\/v2\/posts\/42761","targetHints":{"allow":["GET"]}}],"collection":[{"href":"https:\/\/politicosaldesnudo.com.mx\/index.php\/wp-json\/wp\/v2\/posts"}],"about":[{"href":"https:\/\/politicosaldesnudo.com.mx\/index.php\/wp-json\/wp\/v2\/types\/post"}],"author":[{"embeddable":true,"href":"https:\/\/politicosaldesnudo.com.mx\/index.php\/wp-json\/wp\/v2\/users\/4"}],"replies":[{"embeddable":true,"href":"https:\/\/politicosaldesnudo.com.mx\/index.php\/wp-json\/wp\/v2\/comments?post=42761"}],"version-history":[{"count":0,"href":"https:\/\/politicosaldesnudo.com.mx\/index.php\/wp-json\/wp\/v2\/posts\/42761\/revisions"}],"wp:featuredmedia":[{"embeddable":true,"href":"https:\/\/politicosaldesnudo.com.mx\/index.php\/wp-json\/wp\/v2\/media\/42762"}],"wp:attachment":[{"href":"https:\/\/politicosaldesnudo.com.mx\/index.php\/wp-json\/wp\/v2\/media?parent=42761"}],"wp:term":[{"taxonomy":"category","embeddable":true,"href":"https:\/\/politicosaldesnudo.com.mx\/index.php\/wp-json\/wp\/v2\/categories?post=42761"},{"taxonomy":"post_tag","embeddable":true,"href":"https:\/\/politicosaldesnudo.com.mx\/index.php\/wp-json\/wp\/v2\/tags?post=42761"}],"curies":[{"name":"wp","href":"https:\/\/api.w.org\/{rel}","templated":true}]}}