{"id":42775,"date":"2024-07-26T08:18:45","date_gmt":"2024-07-26T13:18:45","guid":{"rendered":"https:\/\/politicosaldesnudo.com.mx\/?p=42775"},"modified":"2024-07-26T08:18:45","modified_gmt":"2024-07-26T13:18:45","slug":"recorte-de-aranceles-ayudo-a-bajar-la-inflacion-en-el-2023-omc","status":"publish","type":"post","link":"https:\/\/politicosaldesnudo.com.mx\/index.php\/2024\/07\/26\/recorte-de-aranceles-ayudo-a-bajar-la-inflacion-en-el-2023-omc\/","title":{"rendered":"Recorte de aranceles ayud\u00f3 a bajar la inflaci\u00f3n en el 2023: OMC"},"content":{"rendered":"<div class=\"jsx-3315747106 resumeNew\">\n<p><span style=\"font-size: 14pt;\">El arancel ponderado por comercio de la naci\u00f3n m\u00e1s favorecida (NMF) que se aplica a los productos agropecuarios se redujo a la mitad el a\u00f1o pasado, al pasar de 15.3% a 7.3%, lo que abarat\u00f3 productos de pa\u00edses que participan con casi 30% de las importaciones mexicanas.<\/span><\/p>\n<\/div>\n<div class=\"jsx-1764542821 newsbody\">\n<div class=\"jsx-670345696 share fixed\">\n<div class=\"jsx-670345696 \"><span style=\"font-size: 14pt;\">La baja de los aranceles a la importaci\u00f3n que se implement\u00f3 en M\u00e9xico como parte del Paquete Contra la Inflaci\u00f3n y la Carest\u00eda (Pacic) contribuy\u00f3 a reducir la inflaci\u00f3n agropecuaria y al productor en el 2023, revela un informe de la Organizaci\u00f3n Mundial de Comercio (OMC).<\/span><\/div>\n<\/div>\n<div class=\"jsx-1764542821\">\n<div id=\"readNote\" class=\"jsx-1764542821\">\n<div class=\"jsx-537108098\">\n<p class=\"jsx-3954459878\"><span style=\"font-size: 14pt;\">Las aduanas mexicanas cobraron un arancel ponderado por comercio de 4.1% a los productos importados en 2022 y esa tasa se redujo a 3.9% en 2023, la m\u00e1s baja en la \u00faltima d\u00e9cada.<\/span><\/p>\n<p class=\"jsx-3954459878\"><span style=\"font-size: 14pt;\">Pero esta reducci\u00f3n tuvo un impacto mucho mayor en la importaci\u00f3n de bienes agr\u00edcolas, en donde el arancel promedio ponderado por comercio disminuy\u00f3 de 15.2% en 2022 a 7.3% en 2023, lo que supone el declive m\u00e1s pronunciado al menos tambi\u00e9n en los \u00faltimos 10 a\u00f1os.<\/span><\/p>\n<p class=\"jsx-3954459878\"><span style=\"font-size: 14pt;\">Por el contrario, el mismo tipo de arancel correspondiente a las importaciones de mercanc\u00edas no agr\u00edcolas se increment\u00f3 de 3.5% en 2022 a 3.7% en 2023.<\/span><\/p>\n<p class=\"jsx-3954459878\"><span style=\"font-size: 14pt;\">Estas tarifas corresponden al arancel de Naci\u00f3n M\u00e1s Favorecida (NMF), que M\u00e9xico aplica a los pa\u00edses con los que no opera Tratados de Libre Comercio (TLC).<\/span><\/p>\n<p class=\"jsx-3954459878\"><span style=\"font-size: 14pt;\">Por consiguiente, no afectan a pa\u00edses como Estados Unidos y Canad\u00e1, con quienes M\u00e9xico tiene una desgravaci\u00f3n pr\u00e1cticamente total y representan juntos 45% del total de importaciones mexicanas.<\/span><\/p>\n<p class=\"jsx-3954459878\"><span style=\"font-size: 14pt;\">Pero s\u00ed impactan los flujos comerciales con econom\u00edas como China, Taiw\u00e1n, Tailandia, India, Filipinas e Indonesia, con quienes M\u00e9xico no ha firmado acuerdos comerciales y abarcan en conjunto 28.7% del origen de las compras extranjeras de M\u00e9xico.<\/span><\/p>\n<p class=\"jsx-3954459878\"><span style=\"font-size: 14pt;\">El t\u00e9rmino arancel ponderado por comercio se refiere a una medida del arancel promedio que toma en cuenta el volumen de comercio de cada producto. Es una forma m\u00e1s precisa de evaluar el impacto de los aranceles sobre el comercio, ya que los productos que se comercian en mayor volumen tienen un mayor peso en el c\u00e1lculo del arancel promedio.<\/span><\/p>\n<\/div>\n<\/div>\n<\/div>\n<\/div>\n","protected":false},"excerpt":{"rendered":"<p>El arancel ponderado por comercio de la naci\u00f3n m\u00e1s favorecida (NMF) que se aplica a los productos agropecuarios se redujo<\/p>\n","protected":false},"author":4,"featured_media":42776,"comment_status":"closed","ping_status":"closed","sticky":false,"template":"","format":"standard","meta":{"colormag_page_container_layout":"default_layout","colormag_page_sidebar_layout":"default_layout","_jetpack_memberships_contains_paid_content":false,"footnotes":"","jetpack_publicize_message":"","jetpack_publicize_feature_enabled":true,"jetpack_social_post_already_shared":false,"jetpack_social_options":{"image_generator_settings":{"template":"highway","default_image_id":0,"font":"","enabled":false},"version":2}},"categories":[2050],"tags":[],"class_list":["post-42775","post","type-post","status-publish","format-standard","has-post-thumbnail","hentry","category-economia"],"jetpack_publicize_connections":[],"jetpack_featured_media_url":"https:\/\/i0.wp.com\/politicosaldesnudo.com.mx\/wp-content\/uploads\/2024\/07\/pollo_cuartoscuro_879556_impreso.jpg_270939306.jpg?fit=1200%2C750&ssl=1","jetpack-related-posts":[],"jetpack_sharing_enabled":true,"_links":{"self":[{"href":"https:\/\/politicosaldesnudo.com.mx\/index.php\/wp-json\/wp\/v2\/posts\/42775","targetHints":{"allow":["GET"]}}],"collection":[{"href":"https:\/\/politicosaldesnudo.com.mx\/index.php\/wp-json\/wp\/v2\/posts"}],"about":[{"href":"https:\/\/politicosaldesnudo.com.mx\/index.php\/wp-json\/wp\/v2\/types\/post"}],"author":[{"embeddable":true,"href":"https:\/\/politicosaldesnudo.com.mx\/index.php\/wp-json\/wp\/v2\/users\/4"}],"replies":[{"embeddable":true,"href":"https:\/\/politicosaldesnudo.com.mx\/index.php\/wp-json\/wp\/v2\/comments?post=42775"}],"version-history":[{"count":0,"href":"https:\/\/politicosaldesnudo.com.mx\/index.php\/wp-json\/wp\/v2\/posts\/42775\/revisions"}],"wp:featuredmedia":[{"embeddable":true,"href":"https:\/\/politicosaldesnudo.com.mx\/index.php\/wp-json\/wp\/v2\/media\/42776"}],"wp:attachment":[{"href":"https:\/\/politicosaldesnudo.com.mx\/index.php\/wp-json\/wp\/v2\/media?parent=42775"}],"wp:term":[{"taxonomy":"category","embeddable":true,"href":"https:\/\/politicosaldesnudo.com.mx\/index.php\/wp-json\/wp\/v2\/categories?post=42775"},{"taxonomy":"post_tag","embeddable":true,"href":"https:\/\/politicosaldesnudo.com.mx\/index.php\/wp-json\/wp\/v2\/tags?post=42775"}],"curies":[{"name":"wp","href":"https:\/\/api.w.org\/{rel}","templated":true}]}}