{"id":42778,"date":"2024-07-26T08:21:24","date_gmt":"2024-07-26T13:21:24","guid":{"rendered":"https:\/\/politicosaldesnudo.com.mx\/?p=42778"},"modified":"2024-07-26T08:21:24","modified_gmt":"2024-07-26T13:21:24","slug":"eu-se-opone-a-un-impuesto-global-a-multimillonarios","status":"publish","type":"post","link":"https:\/\/politicosaldesnudo.com.mx\/index.php\/2024\/07\/26\/eu-se-opone-a-un-impuesto-global-a-multimillonarios\/","title":{"rendered":"EU se opone a un impuesto global a multimillonarios"},"content":{"rendered":"<div class=\"jsx-3315747106 resumeNew\">\n<p><span style=\"font-size: 14pt;\">Estados Unidos se opuso ayer 25 de julio,\u00a0a la creaci\u00f3n de un impuesto global a las grandes riquezas, no obstante Brasil celebr\u00f3 que la reuni\u00f3n de ministros de finanzas del Grupo de los 20 (G20) en Rio de Janeiro marcara \u201cel primer paso\u201d para materializar la idea.<\/span><\/p>\n<\/div>\n<div class=\"jsx-1764542821 newsbody\">\n<div class=\"jsx-670345696 share fixed\">\n<div class=\"jsx-670345696 \"><span style=\"font-size: 14pt;\">Estados Unidos se opuso ayer 25 de julio, a la creaci\u00f3n de un impuesto global a las grandes riquezas, no obstante Brasil celebr\u00f3 que la reuni\u00f3n de ministros de finanzas del Grupo de los 20 (G20) en Rio de Janeiro marcara \u201cel primer paso\u201d para materializar la idea.<\/span><\/div>\n<\/div>\n<div class=\"jsx-1764542821\">\n<div id=\"readNote\" class=\"jsx-1764542821\">\n<div class=\"jsx-537108098\">\n<p class=\"jsx-3954459878\"><span style=\"font-size: 14pt;\">La propuesta de gravar a los superricos es impulsada en el G20 por el mandatario brasile\u00f1o, Luiz In\u00e1cio Lula da Silva, que este a\u00f1o preside el bloque de las 20 mayores econom\u00edas globales.<\/span><\/p>\n<p class=\"jsx-3954459878\"><span style=\"font-size: 14pt;\">Janet Yellen, secretaria del Tesoro estadounidense, afirm\u00f3 en conferencia de prensa en Rio que Estados Unidos se opone a un impuesto coordinado.<\/span><\/p>\n<p class=\"jsx-3954459878\"><span style=\"font-size: 14pt;\">\u201cNo vemos la necesidad ni creemos que sea deseable intentar negociar un acuerdo global sobre ese tema (&#8230;) Estados Unidos apoya firmemente un sistema tributario progresivo, que asegure que los individuos muy ricos con altos ingresos paguen su cuota justa\u201d, dijo Yellen.<\/span><\/p>\n<p class=\"jsx-3954459878\"><span style=\"font-size: 14pt;\">No obstante, aunque no exista consenso sobre ese punto, el ministro brasile\u00f1o de Hacienda, Fernando Haddad, celebr\u00f3 las discusiones y dijo que la declaraci\u00f3n que se emitir\u00e1 hoy representa un \u201cprimer paso reconocido por los miembros del G20\u201d.<\/span><\/p>\n<p class=\"jsx-3954459878\"><span style=\"font-size: 14pt;\">El texto final contemplar\u00e1 \u201cla propuesta brasile\u00f1a de comenzar a pensar la tributaci\u00f3n internacional no s\u00f3lo desde el punto de vista de las empresas sino tambi\u00e9n de los individuos superricos (\u2026) Es una conquista de naturaleza moral\u201d, afirm\u00f3 Haddad a periodistas al cabo del primer d\u00eda de reuniones este jueves.<\/span><\/p>\n<p class=\"jsx-3954459878\"><span style=\"font-size: 14pt;\">Seg\u00fan un borrador de esta declaraci\u00f3n al que accedi\u00f3 AFP, los miembros del G20 asumen que: \u201cRespetando plenamente la soberan\u00eda fiscal, nos esforzaremos por cooperar para asegurar que las personas ultrarricas sean efectivamente gravadas\u201d.<\/span><\/p>\n<\/div>\n<\/div>\n<\/div>\n<\/div>\n","protected":false},"excerpt":{"rendered":"<p>Estados Unidos se opuso ayer 25 de julio,\u00a0a la creaci\u00f3n de un impuesto global a las grandes riquezas, no obstante<\/p>\n","protected":false},"author":4,"featured_media":42779,"comment_status":"closed","ping_status":"closed","sticky":false,"template":"","format":"standard","meta":{"colormag_page_container_layout":"default_layout","colormag_page_sidebar_layout":"default_layout","_jetpack_memberships_contains_paid_content":false,"footnotes":"","jetpack_publicize_message":"","jetpack_publicize_feature_enabled":true,"jetpack_social_post_already_shared":false,"jetpack_social_options":{"image_generator_settings":{"template":"highway","default_image_id":0,"font":"","enabled":false},"version":2}},"categories":[2050],"tags":[],"class_list":["post-42778","post","type-post","status-publish","format-standard","has-post-thumbnail","hentry","category-economia"],"jetpack_publicize_connections":[],"jetpack_featured_media_url":"https:\/\/i0.wp.com\/politicosaldesnudo.com.mx\/wp-content\/uploads\/2024\/07\/yellen_afp.jpg_270939306.jpg?fit=1200%2C750&ssl=1","jetpack-related-posts":[],"jetpack_sharing_enabled":true,"_links":{"self":[{"href":"https:\/\/politicosaldesnudo.com.mx\/index.php\/wp-json\/wp\/v2\/posts\/42778","targetHints":{"allow":["GET"]}}],"collection":[{"href":"https:\/\/politicosaldesnudo.com.mx\/index.php\/wp-json\/wp\/v2\/posts"}],"about":[{"href":"https:\/\/politicosaldesnudo.com.mx\/index.php\/wp-json\/wp\/v2\/types\/post"}],"author":[{"embeddable":true,"href":"https:\/\/politicosaldesnudo.com.mx\/index.php\/wp-json\/wp\/v2\/users\/4"}],"replies":[{"embeddable":true,"href":"https:\/\/politicosaldesnudo.com.mx\/index.php\/wp-json\/wp\/v2\/comments?post=42778"}],"version-history":[{"count":0,"href":"https:\/\/politicosaldesnudo.com.mx\/index.php\/wp-json\/wp\/v2\/posts\/42778\/revisions"}],"wp:featuredmedia":[{"embeddable":true,"href":"https:\/\/politicosaldesnudo.com.mx\/index.php\/wp-json\/wp\/v2\/media\/42779"}],"wp:attachment":[{"href":"https:\/\/politicosaldesnudo.com.mx\/index.php\/wp-json\/wp\/v2\/media?parent=42778"}],"wp:term":[{"taxonomy":"category","embeddable":true,"href":"https:\/\/politicosaldesnudo.com.mx\/index.php\/wp-json\/wp\/v2\/categories?post=42778"},{"taxonomy":"post_tag","embeddable":true,"href":"https:\/\/politicosaldesnudo.com.mx\/index.php\/wp-json\/wp\/v2\/tags?post=42778"}],"curies":[{"name":"wp","href":"https:\/\/api.w.org\/{rel}","templated":true}]}}