{"id":42791,"date":"2024-07-26T08:29:47","date_gmt":"2024-07-26T13:29:47","guid":{"rendered":"https:\/\/politicosaldesnudo.com.mx\/?p=42791"},"modified":"2024-07-26T08:29:47","modified_gmt":"2024-07-26T13:29:47","slug":"expo-transporte-anpact-2025-dejara-a-guadalajara-derrama-turistica-de-960-millones-de-pesos","status":"publish","type":"post","link":"https:\/\/politicosaldesnudo.com.mx\/index.php\/2024\/07\/26\/expo-transporte-anpact-2025-dejara-a-guadalajara-derrama-turistica-de-960-millones-de-pesos\/","title":{"rendered":"Expo Transporte ANPACT 2025 dejar\u00e1 a Guadalajara derrama tur\u00edstica de 960 millones de pesos"},"content":{"rendered":"<div>\n<p><span style=\"font-size: 14pt;\">La Asociaci\u00f3n de Hoteles de Jalisco (AHJ) prev\u00e9 que Expo Transporte ANPACT 2025, generar\u00e1 una derrama hotelera de 80 millones de pesos con una demanda de 40,000 cuartos-noche, lo que supondr\u00e1 una ocupaci\u00f3n hotelera en la ciudad superior a 95 por ciento.<\/span><\/p>\n<\/div>\n<div>\n<div>\n<div><span style=\"font-size: 14pt;\">La vigesimoprimera edici\u00f3n de Expo Transporte ANPACT\u00a0(Asociaci\u00f3n Nacional de Productores de Autobuses, Camiones y Tractocamiones) que se realizar\u00e1 en Guadalajara en noviembre de 2025, dejar\u00e1 a la ciudad una derrama econ\u00f3mica de 960 millones de pesos.<\/span><\/div>\n<\/div>\n<div>\n<div id=\"readNote\">\n<div>\n<p><span style=\"font-size: 14pt;\">Al anunciar que la exposici\u00f3n m\u00e1s importante del sector en todo el continente, volver\u00e1 a\u00a0Expo Guadalajara\u00a0del 12 al 15 de noviembre, el presidente ejecutivo de\u00a0ANPACT, Rogelio Arzate, coment\u00f3 que esperan superar el n\u00famero de visitantes de la edici\u00f3n pasada con m\u00e1s de 60,000 asistentes de 35 pa\u00edses.<\/span><\/p>\n<blockquote><p><span style=\"font-size: 14pt;\">Con Expo Transporte ANPACT, la expo m\u00e1s grande del continente americano de veh\u00edculos de carga y pasaje, continuaremos invirtiendo e innovando en el camino hacia la descarbonizaci\u00f3n, con la adopci\u00f3n de tecnolog\u00edas cada vez m\u00e1s verdes, seguras y, desde luego, eficientes\u00bb, subray\u00f3 Arzate.<\/span><\/p><\/blockquote>\n<p><span style=\"font-size: 14pt;\">Por su parte, la\u00a0Asociaci\u00f3n de Hoteles de Jalisco\u00a0(AHJ) prev\u00e9 que\u00a0Expo Transporte ANPACT 2025, generar\u00e1 una derrama hotelera de 80 millones de pesos con una demanda de 40,000 cuartos-noche, lo que supondr\u00e1 una ocupaci\u00f3n hotelera en la ciudad superior a 95 por ciento.<\/span><\/p>\n<p><span style=\"font-size: 14pt;\">\u00abEn cuanto a la derrama econ\u00f3mica que involucra a todos los prestadores de servicios que atienden al turismo de reuniones y convenciones, se estima que alcanzar\u00e1 los 960 millones de pesos; este monto representa 12 veces m\u00e1s la derrama que aportan directamente los hoteles, subrayando as\u00ed la significativa contribuci\u00f3n de este tipo de turismo a la cadena de valor del sector tur\u00edstico\u00bb, precis\u00f3 el presidente de la AHJ, Bernardo Aguilar.<\/span><\/p>\n<p><span style=\"font-size: 14pt;\">Luego de dos ediciones celebradas en el Centro Expositor de Puebla, Expo Transporte ANPACT regres\u00f3 a Expo Guadalajara en 2023, y para la edici\u00f3n 21 del pr\u00f3ximo a\u00f1o, ocupar\u00e1 70,000 metros cuadrados de \u00e1rea bruta, indic\u00f3 Alejandro Osorio, director de Asuntos P\u00fablicos y Comunicaci\u00f3n ANPACT.<\/span><\/p>\n<\/div>\n<\/div>\n<\/div>\n<\/div>\n","protected":false},"excerpt":{"rendered":"<p>La Asociaci\u00f3n de Hoteles de Jalisco (AHJ) prev\u00e9 que Expo Transporte ANPACT 2025, generar\u00e1 una derrama hotelera de 80 millones<\/p>\n","protected":false},"author":4,"featured_media":42792,"comment_status":"closed","ping_status":"closed","sticky":false,"template":"","format":"standard","meta":{"colormag_page_container_layout":"default_layout","colormag_page_sidebar_layout":"default_layout","_jetpack_memberships_contains_paid_content":false,"footnotes":"","jetpack_publicize_message":"","jetpack_publicize_feature_enabled":true,"jetpack_social_post_already_shared":false,"jetpack_social_options":{"image_generator_settings":{"template":"highway","default_image_id":0,"font":"","enabled":false},"version":2}},"categories":[30],"tags":[],"class_list":["post-42791","post","type-post","status-publish","format-standard","has-post-thumbnail","hentry","category-estados"],"jetpack_publicize_connections":[],"jetpack_featured_media_url":"https:\/\/i0.wp.com\/politicosaldesnudo.com.mx\/wp-content\/uploads\/2024\/07\/expo-guadalajara-turismo-exposiciones-archivo-el-economista.jpg_554688468.jpg?fit=1200%2C675&ssl=1","jetpack-related-posts":[],"jetpack_sharing_enabled":true,"_links":{"self":[{"href":"https:\/\/politicosaldesnudo.com.mx\/index.php\/wp-json\/wp\/v2\/posts\/42791","targetHints":{"allow":["GET"]}}],"collection":[{"href":"https:\/\/politicosaldesnudo.com.mx\/index.php\/wp-json\/wp\/v2\/posts"}],"about":[{"href":"https:\/\/politicosaldesnudo.com.mx\/index.php\/wp-json\/wp\/v2\/types\/post"}],"author":[{"embeddable":true,"href":"https:\/\/politicosaldesnudo.com.mx\/index.php\/wp-json\/wp\/v2\/users\/4"}],"replies":[{"embeddable":true,"href":"https:\/\/politicosaldesnudo.com.mx\/index.php\/wp-json\/wp\/v2\/comments?post=42791"}],"version-history":[{"count":0,"href":"https:\/\/politicosaldesnudo.com.mx\/index.php\/wp-json\/wp\/v2\/posts\/42791\/revisions"}],"wp:featuredmedia":[{"embeddable":true,"href":"https:\/\/politicosaldesnudo.com.mx\/index.php\/wp-json\/wp\/v2\/media\/42792"}],"wp:attachment":[{"href":"https:\/\/politicosaldesnudo.com.mx\/index.php\/wp-json\/wp\/v2\/media?parent=42791"}],"wp:term":[{"taxonomy":"category","embeddable":true,"href":"https:\/\/politicosaldesnudo.com.mx\/index.php\/wp-json\/wp\/v2\/categories?post=42791"},{"taxonomy":"post_tag","embeddable":true,"href":"https:\/\/politicosaldesnudo.com.mx\/index.php\/wp-json\/wp\/v2\/tags?post=42791"}],"curies":[{"name":"wp","href":"https:\/\/api.w.org\/{rel}","templated":true}]}}