{"id":42794,"date":"2024-07-26T08:32:55","date_gmt":"2024-07-26T13:32:55","guid":{"rendered":"https:\/\/politicosaldesnudo.com.mx\/?p=42794"},"modified":"2024-07-26T08:32:55","modified_gmt":"2024-07-26T13:32:55","slug":"asesinan-a-ex-rector-de-la-uas-y-ex-alcalde-de-culiacan","status":"publish","type":"post","link":"https:\/\/politicosaldesnudo.com.mx\/index.php\/2024\/07\/26\/asesinan-a-ex-rector-de-la-uas-y-ex-alcalde-de-culiacan\/","title":{"rendered":"Asesinan a ex rector de la UAS y ex alcalde de Culiac\u00e1n"},"content":{"rendered":"<p><span style=\"font-size: 14pt;\">H\u00e9ctor Melesio Cu\u00e9n Ojeda, dirigente del Partido Sinaloense, ex rector de la Universidad Aut\u00f3noma de Sinaloa (UAS) y ex alcalde de Culiac\u00e1n, muri\u00f3 anoche luego de ser atacado a balazos en la ciudad de Culiac\u00e1n.<\/span><\/p>\n<p><span style=\"font-size: 14pt;\">Cu\u00e9n Ojeda, quien en las elecciones pasadas, particip\u00f3 como candidato a diputado plurinominal por el PRI, fue traslado aun con vida a una cl\u00ednica privada, pero falleci\u00f3 cuando recib\u00eda atenci\u00f3n m\u00e9dica.<\/span><\/p>\n<p><span style=\"font-size: 14pt;\">El pol\u00edtico, de 69 a\u00f1os de edad, fue atacado en la zona conocida como La Presita, al norte de Culiac\u00e1n, cuando dos sujetos que se desplazaban en motocicletas les dispararon en repetidas ocasiones.<\/span><\/p>\n<p><span style=\"font-size: 14pt;\">El nombre de Cu\u00e9n Ojeda reson\u00f3 \u00faltimamente en medios de comunicaci\u00f3n con la pol\u00e9mica existente entre el gobierno de Sinaloa y la UAS, producto de una propuesta de reforma a la Ley Org\u00e1nica de la m\u00e1xima casa de estudios del estado.<\/span><\/p>\n","protected":false},"excerpt":{"rendered":"<p>H\u00e9ctor Melesio Cu\u00e9n Ojeda, dirigente del Partido Sinaloense, ex rector de la Universidad Aut\u00f3noma de Sinaloa (UAS) y ex alcalde<\/p>\n","protected":false},"author":4,"featured_media":42795,"comment_status":"closed","ping_status":"closed","sticky":false,"template":"","format":"standard","meta":{"colormag_page_container_layout":"default_layout","colormag_page_sidebar_layout":"default_layout","_jetpack_memberships_contains_paid_content":false,"footnotes":"","jetpack_publicize_message":"","jetpack_publicize_feature_enabled":true,"jetpack_social_post_already_shared":false,"jetpack_social_options":{"image_generator_settings":{"template":"highway","default_image_id":0,"font":"","enabled":false},"version":2}},"categories":[30],"tags":[],"class_list":["post-42794","post","type-post","status-publish","format-standard","has-post-thumbnail","hentry","category-estados"],"jetpack_publicize_connections":[],"jetpack_featured_media_url":"https:\/\/i0.wp.com\/politicosaldesnudo.com.mx\/wp-content\/uploads\/2024\/07\/rocha-moya-expresa-sus-condolencias-por-fallecimiento-de-cuen-ojeda-537371.jpg?fit=800%2C600&ssl=1","jetpack-related-posts":[],"jetpack_sharing_enabled":true,"_links":{"self":[{"href":"https:\/\/politicosaldesnudo.com.mx\/index.php\/wp-json\/wp\/v2\/posts\/42794","targetHints":{"allow":["GET"]}}],"collection":[{"href":"https:\/\/politicosaldesnudo.com.mx\/index.php\/wp-json\/wp\/v2\/posts"}],"about":[{"href":"https:\/\/politicosaldesnudo.com.mx\/index.php\/wp-json\/wp\/v2\/types\/post"}],"author":[{"embeddable":true,"href":"https:\/\/politicosaldesnudo.com.mx\/index.php\/wp-json\/wp\/v2\/users\/4"}],"replies":[{"embeddable":true,"href":"https:\/\/politicosaldesnudo.com.mx\/index.php\/wp-json\/wp\/v2\/comments?post=42794"}],"version-history":[{"count":0,"href":"https:\/\/politicosaldesnudo.com.mx\/index.php\/wp-json\/wp\/v2\/posts\/42794\/revisions"}],"wp:featuredmedia":[{"embeddable":true,"href":"https:\/\/politicosaldesnudo.com.mx\/index.php\/wp-json\/wp\/v2\/media\/42795"}],"wp:attachment":[{"href":"https:\/\/politicosaldesnudo.com.mx\/index.php\/wp-json\/wp\/v2\/media?parent=42794"}],"wp:term":[{"taxonomy":"category","embeddable":true,"href":"https:\/\/politicosaldesnudo.com.mx\/index.php\/wp-json\/wp\/v2\/categories?post=42794"},{"taxonomy":"post_tag","embeddable":true,"href":"https:\/\/politicosaldesnudo.com.mx\/index.php\/wp-json\/wp\/v2\/tags?post=42794"}],"curies":[{"name":"wp","href":"https:\/\/api.w.org\/{rel}","templated":true}]}}