{"id":42798,"date":"2024-07-26T08:35:33","date_gmt":"2024-07-26T13:35:33","guid":{"rendered":"https:\/\/politicosaldesnudo.com.mx\/?p=42798"},"modified":"2024-07-26T08:35:33","modified_gmt":"2024-07-26T13:35:33","slug":"renuncia-en-medio-de-controversias-el-fiscal-de-queretaro","status":"publish","type":"post","link":"https:\/\/politicosaldesnudo.com.mx\/index.php\/2024\/07\/26\/renuncia-en-medio-de-controversias-el-fiscal-de-queretaro\/","title":{"rendered":"Renuncia en medio de controversias el fiscal de Quer\u00e9taro"},"content":{"rendered":"<div dir=\"auto\"><span style=\"font-size: 14pt;\">De forma sorpresiva, Alejandro Echeverr\u00eda Cornejo, Fiscal de Justicia de Quer\u00e9taro (FJQ) renunci\u00f3 la noche de este jueves ante el congreso local, horas despu\u00e9s de la detenci\u00f3n de tres altos mandos de la Secretar\u00eda de Seguridad Ciudadana por delitos que no se han dado a conocer.<\/span><\/div>\n<div dir=\"auto\"><\/div>\n<div dir=\"auto\"><span style=\"font-size: 14pt;\">Su periodo como fiscal terminaba en mayo de 2025, es decir dentro de diez meses.<\/span><\/div>\n<div dir=\"auto\"><\/div>\n<div dir=\"auto\"><span style=\"font-size: 14pt;\">La renuncia de Echeverr\u00eda Cornejo fue informada por la diputada local Ana Paola L\u00f3pez Birlain, Presidenta de la Mesa Directiva de la 60 legislatura de Quer\u00e9taro.<\/span><\/div>\n<div dir=\"auto\"><\/div>\n<div dir=\"auto\"><span style=\"font-size: 14pt;\">Revel\u00f3 que la tarde del jueves se recibi\u00f3 en Oficial\u00eda de Partes del Congreso de Quer\u00e9taro, una carta oficial suscrita por\u00a0 Alejandro Echeverr\u00eda, en la cual dio a conocer su renuncia al cargo como Fiscal General de Justicia de la entidad.<\/span><\/div>\n<div dir=\"auto\"><\/div>\n<div dir=\"auto\"><span style=\"font-size: 14pt;\">La legisladora no dio a conocer los motivos de la renuncia de Echeverr\u00eda Cornejo.<\/span><\/div>\n<div dir=\"auto\"><\/div>\n<div dir=\"auto\"><span style=\"font-size: 14pt;\">Ana Paola L\u00f3pez explic\u00f3 que en virtud de lo anterior, en apego al principio de legalidad, la legislatura del estado deber\u00e1 realizar el procedimiento previsto en la Constituci\u00f3n Pol\u00edtica de Quer\u00e9taro para designar al nuevo fiscal.<\/span><\/div>\n<div dir=\"auto\"><\/div>\n<div dir=\"auto\"><span style=\"font-size: 14pt;\">Puntualiz\u00f3 que conforme a lo dispuesto por el art\u00edculo 17 fracci\u00f3n V de la constituci\u00f3n local, corresponde al Congreso del Estado admitir las renuncias de los funcionarios cuya designaci\u00f3n compete a la Legislatura.<\/span><\/div>\n<div dir=\"auto\"><\/div>\n<div dir=\"auto\"><span style=\"font-size: 14pt;\">\u00abReiterando, que el eventual nombramiento de un nuevo titular de la Fiscal\u00eda General del Estado deber\u00e1 sujetarse a las reglas previstas en el art\u00edculo 30 bis, de la constituci\u00f3n pol\u00edtica del Estado Libre y Soberano\u201d, agreg\u00f3.<\/span><\/div>\n<div dir=\"auto\"><\/div>\n<div dir=\"auto\"><span style=\"font-size: 14pt;\">El\u00a0 gobernador de Quer\u00e9taro Mauricio Kuri Gonz\u00e1lez, manifest\u00f3 su total respeto a la decisi\u00f3n del funcionario de renunciar al cargo.<\/span><\/div>\n<div dir=\"auto\"><\/div>\n<div dir=\"auto\"><span style=\"font-size: 14pt;\">El mandatario coment\u00f3 que estar\u00e1 atento a la determinaci\u00f3n que tome el Congreso del Estado en relaci\u00f3n con la vacante generada por la salida del Fiscal General.<\/span><\/div>\n<div dir=\"auto\"><\/div>\n<div dir=\"auto\"><span style=\"font-size: 14pt;\">Ante la renuncia de Alejandro Echeverr\u00eda Cornejo ha trascendido que\u00a0 el vicefiscal de Investigaci\u00f3n y Persecuci\u00f3n del Delito Humberto P\u00e9rez Gonz\u00e1lez lo suplir\u00e1 en las funciones en calidad de encargado de despacho.<\/span><\/div>\n<div dir=\"auto\"><\/div>\n<div dir=\"auto\"><span style=\"font-size: 14pt;\">El art\u00edculo 30 de la Ley Org\u00e1nica de la Fiscal\u00eda dice que cuando se trate de una ausencia definitiva del fiscal ,el titular del Poder Ejecutivo del Estado, presentar\u00e1 una terna de candidatos para suplirlo ante la Legislatura Local.<\/span><\/div>\n<div dir=\"auto\"><\/div>\n<div dir=\"auto\"><span style=\"font-size: 14pt;\">La renuncia de Echeverr\u00eda Cornejo se suscit\u00f3 en medio de controversias provocadas por la detenci\u00f3n del Subsecretario de Seguridad Ciudadana Israel Zadoc Nieves Rojo;\u00a0 del titular de la Unidad de An\u00e1lisis e Inteligencia Israel G\u00e1lvez Rodr\u00edguez y de Ernesto Alonso Perrusqu\u00eda, director de operaci\u00f3n policial.<\/span><\/div>\n<div dir=\"auto\"><\/div>\n<div dir=\"auto\"><span style=\"font-size: 14pt;\">Hasta la noche de este jueves la FJQ no he informado el motivo de las detenciones de los tres funcionarios de la Secretar\u00eda de Seguridad Ciudadana de Quer\u00e9taro.<\/span><\/div>\n<div dir=\"auto\"><\/div>\n<div dir=\"auto\"><span style=\"font-size: 14pt;\">El ya exfiscal de justicia tambi\u00e9n fue\u00a0 se\u00f1alado en varias ocasiones por madres buscadoras de desaparecidos de no cooperar con esos colectivos.\u00a0<\/span><\/div>\n<div dir=\"auto\"><\/div>\n<div dir=\"auto\"><span style=\"font-size: 14pt;\">En particular, por la negativa de Alejandro Echeverr\u00eda de permitir el acceso a penales a las activistas ni tampoco al servicio m\u00e9dico forense para verificar si los cad\u00e1veres que hay en ese lugar corresponden a alguna victima de desaparici\u00f3n\u00a0 forzada.\u00a0<\/span><\/div>\n<div dir=\"auto\"><\/div>\n<div dir=\"auto\"><span style=\"font-size: 14pt;\">Incluso el a\u00f1o pasado polic\u00edas de investigaci\u00f3n reprimieron a madres buscadoras que en protesta por la falta de colaboraci\u00f3n de la fiscal\u00eda se hab\u00edan apostado en las afueras de las oficinas de esa dependencia.<\/span><\/div>\n","protected":false},"excerpt":{"rendered":"<p>De forma sorpresiva, Alejandro Echeverr\u00eda Cornejo, Fiscal de Justicia de Quer\u00e9taro (FJQ) renunci\u00f3 la noche de este jueves ante el<\/p>\n","protected":false},"author":4,"featured_media":42799,"comment_status":"closed","ping_status":"closed","sticky":false,"template":"","format":"standard","meta":{"colormag_page_container_layout":"default_layout","colormag_page_sidebar_layout":"default_layout","_jetpack_memberships_contains_paid_content":false,"footnotes":"","jetpack_publicize_message":"","jetpack_publicize_feature_enabled":true,"jetpack_social_post_already_shared":false,"jetpack_social_options":{"image_generator_settings":{"template":"highway","default_image_id":0,"font":"","enabled":false},"version":2}},"categories":[30],"tags":[],"class_list":["post-42798","post","type-post","status-publish","format-standard","has-post-thumbnail","hentry","category-estados"],"jetpack_publicize_connections":[],"jetpack_featured_media_url":"https:\/\/i0.wp.com\/politicosaldesnudo.com.mx\/wp-content\/uploads\/2024\/07\/fiscal.jpeg?fit=1140%2C712&ssl=1","jetpack-related-posts":[],"jetpack_sharing_enabled":true,"_links":{"self":[{"href":"https:\/\/politicosaldesnudo.com.mx\/index.php\/wp-json\/wp\/v2\/posts\/42798","targetHints":{"allow":["GET"]}}],"collection":[{"href":"https:\/\/politicosaldesnudo.com.mx\/index.php\/wp-json\/wp\/v2\/posts"}],"about":[{"href":"https:\/\/politicosaldesnudo.com.mx\/index.php\/wp-json\/wp\/v2\/types\/post"}],"author":[{"embeddable":true,"href":"https:\/\/politicosaldesnudo.com.mx\/index.php\/wp-json\/wp\/v2\/users\/4"}],"replies":[{"embeddable":true,"href":"https:\/\/politicosaldesnudo.com.mx\/index.php\/wp-json\/wp\/v2\/comments?post=42798"}],"version-history":[{"count":0,"href":"https:\/\/politicosaldesnudo.com.mx\/index.php\/wp-json\/wp\/v2\/posts\/42798\/revisions"}],"wp:featuredmedia":[{"embeddable":true,"href":"https:\/\/politicosaldesnudo.com.mx\/index.php\/wp-json\/wp\/v2\/media\/42799"}],"wp:attachment":[{"href":"https:\/\/politicosaldesnudo.com.mx\/index.php\/wp-json\/wp\/v2\/media?parent=42798"}],"wp:term":[{"taxonomy":"category","embeddable":true,"href":"https:\/\/politicosaldesnudo.com.mx\/index.php\/wp-json\/wp\/v2\/categories?post=42798"},{"taxonomy":"post_tag","embeddable":true,"href":"https:\/\/politicosaldesnudo.com.mx\/index.php\/wp-json\/wp\/v2\/tags?post=42798"}],"curies":[{"name":"wp","href":"https:\/\/api.w.org\/{rel}","templated":true}]}}