{"id":42801,"date":"2024-07-26T08:38:22","date_gmt":"2024-07-26T13:38:22","guid":{"rendered":"https:\/\/politicosaldesnudo.com.mx\/?p=42801"},"modified":"2024-07-26T08:38:22","modified_gmt":"2024-07-26T13:38:22","slug":"buro-de-prisiones-de-eu-reporta-que-ovidio-guzman-hijo-de-el-chapo-habria-sido-liberado","status":"publish","type":"post","link":"https:\/\/politicosaldesnudo.com.mx\/index.php\/2024\/07\/26\/buro-de-prisiones-de-eu-reporta-que-ovidio-guzman-hijo-de-el-chapo-habria-sido-liberado\/","title":{"rendered":"Bur\u00f3 de Prisiones de EU reporta que Ovidio Guzm\u00e1n, hijo de \u00abEl Chapo\u00bb, habr\u00eda sido liberado"},"content":{"rendered":"<p><span style=\"font-size: 14pt;\">El\u00a0Bur\u00f3 de Prisiones de Estados Unidos\u00a0report\u00f3 que\u00a0Ovidio Guzm\u00e1n, hijo de\u00a0\u00abEl Chapo\u00bb Guzm\u00e1n, habr\u00eda sido liberado el pasado 23 de julio de 2024.<\/span><\/p>\n<p><span style=\"font-size: 14pt;\">Bajo el\u00a0n\u00famero de registro 72884-748, la p\u00e1gina oficial del gobierno estadounidense apunta que\u00a0el hijo de\u00a0Joaqu\u00edn\u00a0&#8216;El Chapo&#8217; Guzm\u00e1n no estar\u00eda m\u00e1s\u00a0recluido\u00a0en el Centro Correccional Metropolitano de Chicago, Illinois, en Estados Unidos.<\/span><\/p>\n<p><span style=\"font-size: 14pt;\">Ovidio Guzm\u00e1n, uno de los l\u00edderes de la facci\u00f3n de Los Chapitos pertenecientes al C\u00e1rtel de Sinaloa,\u00a0fue detenido el\u00a0pasado\u00a05 de enero\u00a0de 2023 en Sinaloa, en el llamado\u00a0\u00absegundo culiacanazo\u00bb.<\/span><\/p>\n<p><span style=\"font-size: 14pt;\">Tras estar recluido en el Centro Federal de Readaptaci\u00f3n Social (Cefereso) n\u00famero 1, conocido como\u00a0\u201cEl Altiplano\u201d, fue\u00a0extraditado\u00a0a\u00a0Estados Unidos\u00a0donde enfrentaba\u00a0cargos por conspiraci\u00f3n para importar y distribuir coca\u00edna, metanfetaminas y marihuana\u00a0desde M\u00e9xico.<\/span><\/p>\n","protected":false},"excerpt":{"rendered":"<p>El\u00a0Bur\u00f3 de Prisiones de Estados Unidos\u00a0report\u00f3 que\u00a0Ovidio Guzm\u00e1n, hijo de\u00a0\u00abEl Chapo\u00bb Guzm\u00e1n, habr\u00eda sido liberado el pasado 23 de julio<\/p>\n","protected":false},"author":4,"featured_media":42802,"comment_status":"closed","ping_status":"closed","sticky":false,"template":"","format":"standard","meta":{"colormag_page_container_layout":"default_layout","colormag_page_sidebar_layout":"default_layout","_jetpack_memberships_contains_paid_content":false,"footnotes":"","jetpack_publicize_message":"","jetpack_publicize_feature_enabled":true,"jetpack_social_post_already_shared":false,"jetpack_social_options":{"image_generator_settings":{"template":"highway","default_image_id":0,"font":"","enabled":false},"version":2}},"categories":[28],"tags":[],"class_list":["post-42801","post","type-post","status-publish","format-standard","has-post-thumbnail","hentry","category-internacional"],"jetpack_publicize_connections":[],"jetpack_featured_media_url":"https:\/\/i0.wp.com\/politicosaldesnudo.com.mx\/wp-content\/uploads\/2024\/07\/Ovidio-Guzman.png?fit=768%2C479&ssl=1","jetpack-related-posts":[],"jetpack_sharing_enabled":true,"_links":{"self":[{"href":"https:\/\/politicosaldesnudo.com.mx\/index.php\/wp-json\/wp\/v2\/posts\/42801","targetHints":{"allow":["GET"]}}],"collection":[{"href":"https:\/\/politicosaldesnudo.com.mx\/index.php\/wp-json\/wp\/v2\/posts"}],"about":[{"href":"https:\/\/politicosaldesnudo.com.mx\/index.php\/wp-json\/wp\/v2\/types\/post"}],"author":[{"embeddable":true,"href":"https:\/\/politicosaldesnudo.com.mx\/index.php\/wp-json\/wp\/v2\/users\/4"}],"replies":[{"embeddable":true,"href":"https:\/\/politicosaldesnudo.com.mx\/index.php\/wp-json\/wp\/v2\/comments?post=42801"}],"version-history":[{"count":0,"href":"https:\/\/politicosaldesnudo.com.mx\/index.php\/wp-json\/wp\/v2\/posts\/42801\/revisions"}],"wp:featuredmedia":[{"embeddable":true,"href":"https:\/\/politicosaldesnudo.com.mx\/index.php\/wp-json\/wp\/v2\/media\/42802"}],"wp:attachment":[{"href":"https:\/\/politicosaldesnudo.com.mx\/index.php\/wp-json\/wp\/v2\/media?parent=42801"}],"wp:term":[{"taxonomy":"category","embeddable":true,"href":"https:\/\/politicosaldesnudo.com.mx\/index.php\/wp-json\/wp\/v2\/categories?post=42801"},{"taxonomy":"post_tag","embeddable":true,"href":"https:\/\/politicosaldesnudo.com.mx\/index.php\/wp-json\/wp\/v2\/tags?post=42801"}],"curies":[{"name":"wp","href":"https:\/\/api.w.org\/{rel}","templated":true}]}}