{"id":42819,"date":"2024-07-27T01:11:16","date_gmt":"2024-07-27T06:11:16","guid":{"rendered":"https:\/\/politicosaldesnudo.com.mx\/?p=42819"},"modified":"2024-07-27T01:11:16","modified_gmt":"2024-07-27T06:11:16","slug":"trump-dice-que-puede-haber-una-tercera-guerra-mundial-si-no-gana-las-elecciones","status":"publish","type":"post","link":"https:\/\/politicosaldesnudo.com.mx\/index.php\/2024\/07\/27\/trump-dice-que-puede-haber-una-tercera-guerra-mundial-si-no-gana-las-elecciones\/","title":{"rendered":"Trump dice que puede haber una \u00abTercera Guerra Mundial\u00bb si no gana las elecciones"},"content":{"rendered":"<div>\n<div id=\"content-body-225-12304859\">\n<p><span style=\"font-size: 14pt;\">El candidato presidencial republicano Donald Trump\u00a0afirm\u00f3 este viernes que habr\u00e1 una\u00a0\u00abgran guerra\u00bb en Oriente Medio\u00a0y, potencialmente, una\u00a0\u00abTercera Guerra Mundial\u00bb,\u00a0si no gana las elecciones presidenciales de noviembre pr\u00f3ximo.<\/span><\/p>\n<p><span style=\"font-size: 14pt;\">El exmandatario (2017-2021) mantuvo este viernes un encuentro con\u00a0el primer ministro de Israel, Benjamin Netanyahu, en su casa vacacional de Mar-a-Lago (Florida), un d\u00eda despu\u00e9s de que el l\u00edder israel\u00ed se reuniera por separado con el presidente de EU,\u00a0Joe Biden, y la vicepresidenta,\u00a0Kamala Harris, en la Casa Blanca.<\/span><\/p>\n<\/div>\n<\/div>\n<div>\n<div id=\"dfp-nota-1x3s\" data-google-query-id=\"CPXkhbzHxocDFceApgQdxGESyQ\">\n<div id=\"google_ads_iframe_\/2000002\/la-prensa\/mexico_nota_1x3_0__container__\"><span style=\"font-size: 14pt;\">\u00abSi ganamos (las elecciones), ser\u00e1 muy sencillo. Todo se resolver\u00e1 y muy r\u00e1pidamente\u00bb, dijo Trump a los periodistas al comienzo de la reuni\u00f3n.<\/span><\/div>\n<\/div>\n<\/div>\n<article>\n<div id=\"content-body-5851641-12304859\">\n<p><span style=\"font-size: 14pt;\">Pero, advirti\u00f3 que, de no llegar a la Casa Blanca, \u00abterminaremos con grandes guerras en Oriente Medio y tal vez una\u00a0Tercera Guerra Mundial\u00bb.<\/span><\/p>\n<p><span style=\"font-size: 14pt;\">\u00abEstamos m\u00e1s cerca de una\u00a0Tercera Guerra Mundial\u00a0en este momento que en cualquier otro momento desde la\u00a0Segunda Guerra Mundial.\u00a0Nunca hemos estado tan cerca, porque tenemos gente incompetente al mando de nuestro pa\u00eds\u00bb, alert\u00f3 el exmandatario.<\/span><\/p>\n<p><span style=\"font-size: 14pt;\">Trump\u00a0recibi\u00f3 este mediod\u00eda con gesto de cercan\u00eda al mandatario israel\u00ed en la puerta de su mansi\u00f3n y ambos se saludaron d\u00e1ndose la mano con firmeza, para luego pasar al interior, seg\u00fan se observ\u00f3 en un video publicado en redes sociales por miembros de la campa\u00f1a del expresidente.<\/span><\/p>\n<section>\n<div>\n<div><span style=\"font-size: 14pt;\">El exmandatario expres\u00f3 en la reuni\u00f3n su solidaridad con Israel despu\u00e9s del \u00abatroz ataque\u00bb del 7 de octubre de 2023 y prometi\u00f3 que, \u00abcuando regrese a la Casa Blanca\u00bb har\u00e1 todo lo posible para llevar la paz a\u00a0Oriente Medio\u00a0\u00aby evitar que el antisemitismo se propague por los campus universitarios de los Estados Unidos\u00bb.<\/span><\/div>\n<\/div>\n<\/section>\n<p><span style=\"font-size: 14pt;\">Tras el recibimiento al\u00a0primer ministro israel\u00ed\u00a0y a la esposa de este,\u00a0Sara Netanyahu, ambos ingresaron al interior de la mansi\u00f3n para sostener una reuni\u00f3n que transcurri\u00f3 a puerta cerrada.<\/span><\/p>\n<p><span style=\"font-size: 14pt;\">\u00abNing\u00fan presidente ha hecho lo que yo he hecho por\u00a0Israel\u00bb, dijo\u00a0Trump\u00a0durante lo que parece el final de un almuerzo, seg\u00fan un v\u00eddeo divulgado en las redes sociales.<\/span><\/p>\n<p><span style=\"font-size: 14pt;\">Netanyahu, por su parte, agradeci\u00f3 a\u00a0Trump\u00a0el trabajo realizado para \u00abpromover la estabilidad en la regi\u00f3n a trav\u00e9s de, entre muchos logros hist\u00f3ricos, los Acuerdos de Abraham o el traslado de la\u00a0Embajada de los Estados Unidos en Israel a Jerusal\u00e9n\u00bb, seg\u00fan la web de campa\u00f1a del exmandatario.<\/span><\/p>\n<p><span style=\"font-size: 14pt;\">Tambi\u00e9n le agradeci\u00f3 el \u00abreconocimiento de la soberan\u00eda israel\u00ed de los\u00a0Altos del Gol\u00e1n, la eliminaci\u00f3n de\u00a0Qasem Soleimani\u00a0(exgeneral al frente de la\u00a0Fuerza Quds de los Guardianes de la Revoluci\u00f3n iran\u00ed)\u00bb y el fin del \u00abhorrible acuerdo nuclear con Ir\u00e1n\u00bb.<\/span><\/p>\n<p><span style=\"font-size: 14pt;\">Netanyahu\u00a0viaj\u00f3 esta semana a Washington para dirigirse al Congreso e instar a los funcionarios electos a que contin\u00faen el apoyo de\u00a0Estados Unidos a Israel\u00a0en su guerra contra\u00a0Hamas en Gaza.<\/span><\/p>\n<p><span style=\"font-size: 14pt;\">El l\u00edder israel\u00ed arrib\u00f3 a Florida proveniente de Washington, donde el mi\u00e9rcoles ofreci\u00f3 un discurso en el Congreso y el jueves sostuvo un encuentro con\u00a0Biden\u00a0y con la presumible candidata dem\u00f3crata a la Presidencia,\u00a0Kamala Harris,\u00a0qui\u00e9n advirti\u00f3 a\u00a0Netanyahu\u00a0que \u00abno se quedar\u00e1 callada\u00bb ante el sufrimiento humano en Gaza.<\/span><\/p>\n<p><span style=\"font-size: 14pt;\">\u00abAcabo de decirle al primer ministro Netanyahu que es hora de que se cierre el acuerdo. As\u00ed que a todos los que han estado pidiendo un alto el fuego y anhelan la paz, los veo y los escucho. Hagamos el acuerdo para conseguir un alto el fuego y poner fin a la guerra\u00bb, declar\u00f3\u00a0Harris\u00a0ante la prensa al final del encuentro.<\/span><\/p>\n<p><span style=\"font-size: 14pt;\">Sobre los comentarios de\u00a0Harris\u00a0a los periodistas este jueves tras su reuni\u00f3n con\u00a0Netanyahu, Trump dijo este viernes\u00a0al canal CNN en Mar-a-Lago\u00a0que estos fueron \u00abirrespetuosos con Israel\u00bb.<\/span><\/p>\n<p><span style=\"font-size: 14pt;\">\u00abCreo que sus comentarios (de Harris) fueron irrespetuosos. No fueron muy amables con respecto a Israel. En realidad, no s\u00e9 c\u00f3mo una persona jud\u00eda pudo votar por ella, pero eso es asunto suyo\u00bb, asever\u00f3 el expresidente.<\/span><\/p>\n<\/div>\n<\/article>\n","protected":false},"excerpt":{"rendered":"<p>El candidato presidencial republicano Donald Trump\u00a0afirm\u00f3 este viernes que habr\u00e1 una\u00a0\u00abgran guerra\u00bb en Oriente Medio\u00a0y, potencialmente, una\u00a0\u00abTercera Guerra Mundial\u00bb,\u00a0si no<\/p>\n","protected":false},"author":4,"featured_media":42820,"comment_status":"closed","ping_status":"closed","sticky":false,"template":"","format":"standard","meta":{"colormag_page_container_layout":"default_layout","colormag_page_sidebar_layout":"default_layout","_jetpack_memberships_contains_paid_content":false,"footnotes":"","jetpack_publicize_message":"","jetpack_publicize_feature_enabled":true,"jetpack_social_post_already_shared":false,"jetpack_social_options":{"image_generator_settings":{"template":"highway","default_image_id":0,"font":"","enabled":false},"version":2}},"categories":[28],"tags":[],"class_list":["post-42819","post","type-post","status-publish","format-standard","has-post-thumbnail","hentry","category-internacional"],"jetpack_publicize_connections":[],"jetpack_featured_media_url":"https:\/\/i0.wp.com\/politicosaldesnudo.com.mx\/wp-content\/uploads\/2024\/07\/Donald-Trump.jpg?fit=768%2C479&ssl=1","jetpack-related-posts":[],"jetpack_sharing_enabled":true,"_links":{"self":[{"href":"https:\/\/politicosaldesnudo.com.mx\/index.php\/wp-json\/wp\/v2\/posts\/42819","targetHints":{"allow":["GET"]}}],"collection":[{"href":"https:\/\/politicosaldesnudo.com.mx\/index.php\/wp-json\/wp\/v2\/posts"}],"about":[{"href":"https:\/\/politicosaldesnudo.com.mx\/index.php\/wp-json\/wp\/v2\/types\/post"}],"author":[{"embeddable":true,"href":"https:\/\/politicosaldesnudo.com.mx\/index.php\/wp-json\/wp\/v2\/users\/4"}],"replies":[{"embeddable":true,"href":"https:\/\/politicosaldesnudo.com.mx\/index.php\/wp-json\/wp\/v2\/comments?post=42819"}],"version-history":[{"count":0,"href":"https:\/\/politicosaldesnudo.com.mx\/index.php\/wp-json\/wp\/v2\/posts\/42819\/revisions"}],"wp:featuredmedia":[{"embeddable":true,"href":"https:\/\/politicosaldesnudo.com.mx\/index.php\/wp-json\/wp\/v2\/media\/42820"}],"wp:attachment":[{"href":"https:\/\/politicosaldesnudo.com.mx\/index.php\/wp-json\/wp\/v2\/media?parent=42819"}],"wp:term":[{"taxonomy":"category","embeddable":true,"href":"https:\/\/politicosaldesnudo.com.mx\/index.php\/wp-json\/wp\/v2\/categories?post=42819"},{"taxonomy":"post_tag","embeddable":true,"href":"https:\/\/politicosaldesnudo.com.mx\/index.php\/wp-json\/wp\/v2\/tags?post=42819"}],"curies":[{"name":"wp","href":"https:\/\/api.w.org\/{rel}","templated":true}]}}