{"id":42822,"date":"2024-07-27T01:13:24","date_gmt":"2024-07-27T06:13:24","guid":{"rendered":"https:\/\/politicosaldesnudo.com.mx\/?p=42822"},"modified":"2024-07-27T01:13:24","modified_gmt":"2024-07-27T06:13:24","slug":"departamento-de-justicia-de-eu-va-por-mas-capos-del-narco-en-mexico","status":"publish","type":"post","link":"https:\/\/politicosaldesnudo.com.mx\/index.php\/2024\/07\/27\/departamento-de-justicia-de-eu-va-por-mas-capos-del-narco-en-mexico\/","title":{"rendered":"Departamento de Justicia de EU va por m\u00e1s capos del narco en M\u00e9xico"},"content":{"rendered":"<div>\n<div id=\"content-body-225-12301978\">\n<p><span style=\"font-size: 14pt;\">El Departamento de Justicia de Estados Unidos asegur\u00f3 que, adem\u00e1s de la detenci\u00f3n de\u00a0Ismael \u2018El Mayo\u2019 Zambada Garc\u00eda y Joaqu\u00edn Guzm\u00e1n L\u00f3pez, van por m\u00e1s cabecillas del\u00a0crimen organizado\u00a0vinculados con el tr\u00e1fico de fentanilo al pa\u00eds norteamericano.<\/span><\/p>\n<p><span style=\"font-size: 14pt;\">\u201cEl fentanilo es la amenaza de drogas m\u00e1s fuerte que nuestro pa\u00eds ha enfrentado. El Departamento de Justicia no descansar\u00e1 hasta que cada l\u00edder, miembro y asociado del cartel responsable del envenenamiento de nuestras comunidades sea considerado responsable\u201d, subray\u00f3 el fiscal general Merrick B. Garland.<\/span><\/p>\n<\/div>\n<\/div>\n<div>\n<div id=\"dfp-nota-1x3s\" data-google-query-id=\"COSQrv7HxocDFS6CpgQdLDQLEw\">\n<div id=\"google_ads_iframe_\/2000002\/la-prensa\/mexico_nota_1x3_0__container__\">\n<div id=\"inArticle_1\">\n<div>\n<div>\n<div>\n<div><span style=\"font-size: 14pt;\">El fiscal tambi\u00e9n inform\u00f3 que Zambada Garc\u00eda, considerado cofundador del C\u00e1rtel de Sinaloa\u00a0\u2014\u201cuna de las organizaciones de tr\u00e1fico de drogas m\u00e1s violentas y poderosas del mundo\u201d seg\u00fan el funcionario\u2014, enfrentar\u00e1 la justicia en los pr\u00f3ximos d\u00edas ante una Corte Federal en EU, junto al otro detenido del d\u00eda de ayer, Joaqu\u00edn Guzm\u00e1n L\u00f3pez, cabecilla de la facci\u00f3n de Los Chapitos, tambi\u00e9n del CDS.<\/span><\/div>\n<\/div>\n<\/div>\n<\/div>\n<\/div>\n<\/div>\n<\/div>\n<\/div>\n<article>\n<div id=\"content-body-5851641-12301978\">\n<p><span style=\"font-size: 14pt;\">Merrick B. Garland confirm\u00f3 que la detenci\u00f3n de ambos l\u00edderes del C\u00e1rtel\u00a0se llev\u00f3 a cabo en El Paso, Texas, y que los dos presuntos criminales enfrentan m\u00faltiples acusaciones en los Estados Unidos por\u00a0liderar las operaciones criminales de la organizaci\u00f3n.<\/span><\/p>\n<p><span style=\"font-size: 14pt;\">Ismael Zambada Garc\u00eda, El Mayo, es acusado de tr\u00e1fico de fentanilo, robo de dinero, ofensas con arma de fuego, asesinato y conspiraci\u00f3n para cometer asesinato.<\/span><\/p>\n<p><span style=\"font-size: 14pt;\">Joaqu\u00edn Guzm\u00e1n L\u00f3pez, hijo de El Chapo, enfrenta acusaciones de tr\u00e1fico de coca\u00edna, hero\u00edna y metanfetamina, entre otras drogas, en grandes cantidades.<\/span><\/p>\n<p><span style=\"font-size: 14pt;\">\u201cEl Mayo y Guzm\u00e1n L\u00f3pez se unen a una lista creciente de l\u00edderes y asociados del C\u00e1rtel de Sinaloa que el Departamento de Justicia est\u00e1 arrestando en los Estados Unidos\u201d, apunt\u00f3 Garland.<\/span><\/p>\n<p><span style=\"font-size: 14pt;\">Esto incluye al otro cofundador del cartel,\u00a0El Chapo, otro de Los Chapitos, Ovidio Guzm\u00e1n L\u00f3pez, y al sicario del c\u00e1rtel, N\u00e9stor Isidro P\u00e9rez Salas, conocido como El Nini.<\/span><\/p>\n<\/div>\n<\/article>\n","protected":false},"excerpt":{"rendered":"<p>El Departamento de Justicia de Estados Unidos asegur\u00f3 que, adem\u00e1s de la detenci\u00f3n de\u00a0Ismael \u2018El Mayo\u2019 Zambada Garc\u00eda y Joaqu\u00edn<\/p>\n","protected":false},"author":4,"featured_media":42823,"comment_status":"closed","ping_status":"closed","sticky":false,"template":"","format":"standard","meta":{"colormag_page_container_layout":"default_layout","colormag_page_sidebar_layout":"default_layout","_jetpack_memberships_contains_paid_content":false,"footnotes":"","jetpack_publicize_message":"","jetpack_publicize_feature_enabled":true,"jetpack_social_post_already_shared":false,"jetpack_social_options":{"image_generator_settings":{"template":"highway","default_image_id":0,"font":"","enabled":false},"version":2}},"categories":[28],"tags":[],"class_list":["post-42822","post","type-post","status-publish","format-standard","has-post-thumbnail","hentry","category-internacional"],"jetpack_publicize_connections":[],"jetpack_featured_media_url":"https:\/\/i0.wp.com\/politicosaldesnudo.com.mx\/wp-content\/uploads\/2024\/07\/Capos-de-Mexico.jpg?fit=768%2C479&ssl=1","jetpack-related-posts":[],"jetpack_sharing_enabled":true,"_links":{"self":[{"href":"https:\/\/politicosaldesnudo.com.mx\/index.php\/wp-json\/wp\/v2\/posts\/42822","targetHints":{"allow":["GET"]}}],"collection":[{"href":"https:\/\/politicosaldesnudo.com.mx\/index.php\/wp-json\/wp\/v2\/posts"}],"about":[{"href":"https:\/\/politicosaldesnudo.com.mx\/index.php\/wp-json\/wp\/v2\/types\/post"}],"author":[{"embeddable":true,"href":"https:\/\/politicosaldesnudo.com.mx\/index.php\/wp-json\/wp\/v2\/users\/4"}],"replies":[{"embeddable":true,"href":"https:\/\/politicosaldesnudo.com.mx\/index.php\/wp-json\/wp\/v2\/comments?post=42822"}],"version-history":[{"count":0,"href":"https:\/\/politicosaldesnudo.com.mx\/index.php\/wp-json\/wp\/v2\/posts\/42822\/revisions"}],"wp:featuredmedia":[{"embeddable":true,"href":"https:\/\/politicosaldesnudo.com.mx\/index.php\/wp-json\/wp\/v2\/media\/42823"}],"wp:attachment":[{"href":"https:\/\/politicosaldesnudo.com.mx\/index.php\/wp-json\/wp\/v2\/media?parent=42822"}],"wp:term":[{"taxonomy":"category","embeddable":true,"href":"https:\/\/politicosaldesnudo.com.mx\/index.php\/wp-json\/wp\/v2\/categories?post=42822"},{"taxonomy":"post_tag","embeddable":true,"href":"https:\/\/politicosaldesnudo.com.mx\/index.php\/wp-json\/wp\/v2\/tags?post=42822"}],"curies":[{"name":"wp","href":"https:\/\/api.w.org\/{rel}","templated":true}]}}