{"id":42825,"date":"2024-07-27T01:15:30","date_gmt":"2024-07-27T06:15:30","guid":{"rendered":"https:\/\/politicosaldesnudo.com.mx\/?p=42825"},"modified":"2024-07-27T01:15:30","modified_gmt":"2024-07-27T06:15:30","slug":"trafico-de-fentanilo-encabeza-los-cargos-que-enfrentan-el-mayo-zambada-y-joaquin-guzman","status":"publish","type":"post","link":"https:\/\/politicosaldesnudo.com.mx\/index.php\/2024\/07\/27\/trafico-de-fentanilo-encabeza-los-cargos-que-enfrentan-el-mayo-zambada-y-joaquin-guzman\/","title":{"rendered":"Tr\u00e1fico de fentanilo encabeza los cargos que enfrentan El Mayo Zambada y Joaqu\u00edn Guzm\u00e1n"},"content":{"rendered":"<div>\n<div id=\"content-body-225-12300499\">\n<p><span style=\"font-size: 14pt;\">Ismael El Mayo Zambada y Joaqu\u00edn Guzm\u00e1n L\u00f3pez\u00a0enfrentan cargos por tr\u00e1fico de fentanilo en Estados Unidos, adem\u00e1s de varias acusaciones relacionadas con el crimen organizado.<\/span><\/p>\n<p><span style=\"font-size: 14pt;\">\u00abEl Departamento de Justicia ha puesto bajo custodia a otros dos presuntos l\u00edderes del c\u00e1rtel de Sinaloa, una de las organizaciones de narcotraficantes m\u00e1s violentas y poderosas del mundo. Ismael Zambada Garc\u00eda, El Mayo, cofundador del c\u00e1rtel, y Joaqu\u00edn Guzm\u00e1n L\u00f3pez, hijo de su otro cofundador (\u2018El Chapo\u2019 Guzm\u00e1n), fueron detenidos hoy en El Paso, Texas\u201d, inform\u00f3 Merrick B. Garland, Fiscal General de EU.<\/span><\/p>\n<\/div>\n<\/div>\n<div>\n<div id=\"dfp-nota-1x3s\" data-google-query-id=\"CMqG2LzIxocDFbKFpgQdpoMsrQ\">\n<div id=\"google_ads_iframe_\/2000002\/la-prensa\/mexico_nota_1x3_0__container__\">\n<div id=\"inArticle_1\">\n<div>\n<div>\n<div>\n<div><span style=\"font-size: 14pt;\">Ambos individuos enfrentan m\u00faltiples cargos en los Estados Unidos relacionados con la direcci\u00f3n de las operaciones delictivas del C\u00e1rtel de Sinaloa, que incluyen \u00absus mort\u00edferas redes de fabricaci\u00f3n y tr\u00e1fico de fentanilo\u00bb, seg\u00fan inform\u00f3 el\u00a0Departamento de Estado al confirmar la detenci\u00f3n de los l\u00edderes criminales.<\/span><\/div>\n<\/div>\n<\/div>\n<\/div>\n<\/div>\n<\/div>\n<\/div>\n<\/div>\n<article>\n<div id=\"content-body-5851641-12300499\">\n<p><span style=\"font-size: 14pt;\">El Mayo Zambada era uno de los dos criminales m\u00e1s buscados por la DEA, agencia que ofrec\u00eda hasta\u00a015 millones de d\u00f3lares\u00a0por informaci\u00f3n que ayudara a su detenci\u00f3n. Es considerado el cofundador del C\u00e1rtel de Sinaloa junto a\u00a0Joaqu\u00edn \u2018El Chapo\u2019 Guzm\u00e1n Loera\u00a0(encarcelado en Estados Unidos) y se le relaciona con delitos de\u00a0posesi\u00f3n y tr\u00e1fico de drogas como coca\u00edna, marihuana, fentanilo y metanfetamina; lavado de dinero; conspiraci\u00f3n para poseer armas de fuego; homicidio; asociaci\u00f3n delictuosa en c\u00e1rteles de narcotr\u00e1fico; y secuestro.<\/span><\/p>\n<p><span style=\"font-size: 14pt;\">A sus 75 a\u00f1os, Zambada Garc\u00eda nunca hab\u00eda pisado la c\u00e1rcel ni en M\u00e9xico ni en Estados Unidos.<\/span><\/p>\n<p><span style=\"font-size: 14pt;\">El pasado 15 de febrero, el Departamento de Justicia de Estados Unidos, present\u00f3 una quinta acusaci\u00f3n formal contra El Mayo en un tribunal federal de Brooklyn por el delito de\u00a0asociaci\u00f3n delictuosa para fabricar y distribuir fentanilo\u00a0al pa\u00eds norteamericano. En aquella conferencia de prensa, el el subdirector interino de Operaciones Nacionales de Investigaciones de Seguridad Nacional (HSI) Iv\u00e1n J. Arvelo declar\u00f3 sobre el C\u00e1rtel de Sinaloa:<\/span><\/p>\n<p><span style=\"font-size: 14pt;\">\u201cDurante d\u00e9cadas, el despiadado y violento C\u00e1rtel de Sinaloa ha continuado su flagelo mortal con el tr\u00e1fico generalizado de fentanilo, coca\u00edna, hero\u00edna, metanfetamina y otras drogas sint\u00e9ticas para los Estados Unidos. HSI de Nueva York y nuestros colaboradores del orden p\u00fablico no se detendr\u00e1n hasta que llevemos a Zambada Garc\u00eda ante la justicia en nombre de sus innumerables v\u00edctimas\u201d.<\/span><\/p>\n<section>\n<article>\n<div>\n<div>\n<div id=\"standard_2\">\n<div><span style=\"font-size: 14pt;\">Por su parte, Joaqu\u00edn Guzm\u00e1n L\u00f3pez era uno de los l\u00edderes de la facci\u00f3n de \u00abLos Chapitos\u00bb del C\u00e1rtel de Sinaloa, encabezada por los hijos de El Chapo Guzm\u00e1n. Dicha facci\u00f3n es se\u00f1alada por la DEA como la\u00a0principal responsable del tr\u00e1fico de fentanilo a Estados Unidos, sustancia que ha causado \u201cla crisis de la droga m\u00e1s devastadora a la que jam\u00e1s se haya enfrentado nuestro pa\u00eds\u201d, seg\u00fan la propia agencia del gobierno estadounidense.<\/span><\/div>\n<\/div>\n<\/div>\n<\/div>\n<\/article>\n<\/section>\n<p><span style=\"font-size: 14pt;\">La declaraci\u00f3n tras la captura tambi\u00e9n menciona que \u00abEl Mayo y Guzm\u00e1n L\u00f3pez se suman a\u00a0una lista cada vez mayor de dirigentes y asociados del c\u00e1rtel de Sinaloa a los que el Departamento de Justicia reclama responsabilidades en Estados Unidos.\u00bb<\/span><\/p>\n<p><span style=\"font-size: 14pt;\">Esta lista incluye a Joaqu\u00edn Guzm\u00e1n Loera, conocido como \u00abEl Chapo,\u00bb cofundador del c\u00e1rtel; Ovidio Guzm\u00e1n L\u00f3pez, otro hijo de El Chapo y presunto l\u00edder del c\u00e1rtel; y N\u00e9stor Isidro P\u00e9rez Salas, conocido como \u00abEl Nini,\u00bb presunto sicario principal del c\u00e1rtel.<\/span><\/p>\n<\/div>\n<\/article>\n","protected":false},"excerpt":{"rendered":"<p>Ismael El Mayo Zambada y Joaqu\u00edn Guzm\u00e1n L\u00f3pez\u00a0enfrentan cargos por tr\u00e1fico de fentanilo en Estados Unidos, adem\u00e1s de varias acusaciones<\/p>\n","protected":false},"author":4,"featured_media":42826,"comment_status":"closed","ping_status":"closed","sticky":false,"template":"","format":"standard","meta":{"colormag_page_container_layout":"default_layout","colormag_page_sidebar_layout":"default_layout","_jetpack_memberships_contains_paid_content":false,"footnotes":"","jetpack_publicize_message":"","jetpack_publicize_feature_enabled":true,"jetpack_social_post_already_shared":false,"jetpack_social_options":{"image_generator_settings":{"template":"highway","default_image_id":0,"font":"","enabled":false},"version":2}},"categories":[28],"tags":[],"class_list":["post-42825","post","type-post","status-publish","format-standard","has-post-thumbnail","hentry","category-internacional"],"jetpack_publicize_connections":[],"jetpack_featured_media_url":"https:\/\/i0.wp.com\/politicosaldesnudo.com.mx\/wp-content\/uploads\/2024\/07\/Detencion-El-Mayo-Zambada-Joaquin-Guzman.png?fit=768%2C479&ssl=1","jetpack-related-posts":[],"jetpack_sharing_enabled":true,"_links":{"self":[{"href":"https:\/\/politicosaldesnudo.com.mx\/index.php\/wp-json\/wp\/v2\/posts\/42825","targetHints":{"allow":["GET"]}}],"collection":[{"href":"https:\/\/politicosaldesnudo.com.mx\/index.php\/wp-json\/wp\/v2\/posts"}],"about":[{"href":"https:\/\/politicosaldesnudo.com.mx\/index.php\/wp-json\/wp\/v2\/types\/post"}],"author":[{"embeddable":true,"href":"https:\/\/politicosaldesnudo.com.mx\/index.php\/wp-json\/wp\/v2\/users\/4"}],"replies":[{"embeddable":true,"href":"https:\/\/politicosaldesnudo.com.mx\/index.php\/wp-json\/wp\/v2\/comments?post=42825"}],"version-history":[{"count":0,"href":"https:\/\/politicosaldesnudo.com.mx\/index.php\/wp-json\/wp\/v2\/posts\/42825\/revisions"}],"wp:featuredmedia":[{"embeddable":true,"href":"https:\/\/politicosaldesnudo.com.mx\/index.php\/wp-json\/wp\/v2\/media\/42826"}],"wp:attachment":[{"href":"https:\/\/politicosaldesnudo.com.mx\/index.php\/wp-json\/wp\/v2\/media?parent=42825"}],"wp:term":[{"taxonomy":"category","embeddable":true,"href":"https:\/\/politicosaldesnudo.com.mx\/index.php\/wp-json\/wp\/v2\/categories?post=42825"},{"taxonomy":"post_tag","embeddable":true,"href":"https:\/\/politicosaldesnudo.com.mx\/index.php\/wp-json\/wp\/v2\/tags?post=42825"}],"curies":[{"name":"wp","href":"https:\/\/api.w.org\/{rel}","templated":true}]}}