{"id":42914,"date":"2024-07-28T01:50:10","date_gmt":"2024-07-28T06:50:10","guid":{"rendered":"https:\/\/politicosaldesnudo.com.mx\/?p=42914"},"modified":"2024-07-28T01:50:10","modified_gmt":"2024-07-28T06:50:10","slug":"llegan-a-la-camara-de-diputados-siete-personalidades-famosas","status":"publish","type":"post","link":"https:\/\/politicosaldesnudo.com.mx\/index.php\/2024\/07\/28\/llegan-a-la-camara-de-diputados-siete-personalidades-famosas\/","title":{"rendered":"Llegan a la C\u00e1mara de Diputados siete personalidades famosas"},"content":{"rendered":"<div>\n<div id=\"content-body-225-12307546\">\n<p><span style=\"font-size: 14pt;\">La\u00a0nueva legislatura de la C\u00e1mara de Diputados reunir\u00e1 a siete famosos entre actores, cantantes, estrellas de realities y deportistas,\u00a0algunos de los cuales se estrenar\u00e1n en la pol\u00edtica.<\/span><\/p>\n<p><span style=\"font-size: 14pt;\">Tras los resultados de la elecci\u00f3n del 2 de julio, la atenci\u00f3n se ha centrado en la conformaci\u00f3n de la\u00a0C\u00e1mara de Diputados donde Morena, PT y PVEM tendr\u00edan mayor\u00eda calificada para modificar la Constituci\u00f3n\u00a0y algunos de los perfiles que discutir\u00e1n reformas trascendentes, como la reforma judicial, destacan por su trayectoria en \u00e1reas que nada tienen que ver con la elaboraci\u00f3n o reforma de leyes ni con la construcci\u00f3n del presupuesto de todo el pa\u00eds.<\/span><\/p>\n<\/div>\n<\/div>\n<div>\n<div id=\"dfp-nota-1x3s\" data-google-query-id=\"CNO7io6SyYcDFQOEpgQdK7oTYw\">\n<div id=\"google_ads_iframe_\/2000002\/la-prensa\/mexico_nota_1x3_0__container__\">\n<div id=\"inArticle_1\">\n<div>\n<div>\n<div>\n<div><span style=\"font-size: 14pt;\">La mayor\u00eda de los famosos que llegar\u00e1n a San L\u00e1zaro lo har\u00e1n por la v\u00eda de la representaci\u00f3n proporcional, a excepci\u00f3n de la\u00a0exclavadista ol\u00edmpica Paola Espinosa que s\u00ed gan\u00f3 su curul en las urnas.<\/span><\/div>\n<\/div>\n<\/div>\n<\/div>\n<\/div>\n<\/div>\n<\/div>\n<\/div>\n<article>\n<div id=\"content-body-5851641-12307546\">\n<p><span style=\"font-size: 14pt;\">Espinosa fue postulada como candidata a diputada federal por el distrito 8, con cabecera en Guadalajara, Jalisco, de la coalici\u00f3n Fuerza y Coraz\u00f3n por M\u00e9xico (PAN-PRI-PRD) y el 2 de junio obtuvo el 38.45 por ciento de los votos que le dieron la victoria.<\/span><\/p>\n<p><span style=\"font-size: 14pt;\">Paola Espinosa es una destacada clavadista que gan\u00f3 la medalla de bronce en los Juegos Ol\u00edmpicos de Beijing 2008 y\u00a0la de bronce en Londres 2012, sin embargo, no tiene ninguna experiencia en la pol\u00edtica.<\/span><\/p>\n<p><span style=\"font-size: 14pt;\">Paola Longoria es otra deportista que llegar\u00e1 a\u00a0San L\u00e1zaro el pr\u00f3ximo 1 de septiembre. La campeona mundial de raquetbol amarr\u00f3 una diputaci\u00f3n plurinominal por Movimiento Ciudadano, partido que la inscribi\u00f3 en el tercer lugar de la lista de representaci\u00f3n proporcional de la segunda circunscripci\u00f3n.<\/span><\/p>\n<p><span style=\"font-size: 14pt;\">El partido naranja llevar\u00e1 a otras dos famosas a San L\u00e1zaro: la estrella de realities\u00a0Macky Gonz\u00e1lez que fue inscrita en el tercer lugar de la lista de representaci\u00f3n proporcional de la cuarta circunscripci\u00f3n; y la cantante Roc\u00edo Banquells\u00a0que fue inscrita en el cuarto lugar de la misma lista.<\/span><\/p>\n<p><span style=\"font-size: 14pt;\">Macky Gonz\u00e1lez, cuyo nombre real es\u00a0Amancay Gonz\u00e1lez Franco, ha participado en programas como Exatl\u00f3n M\u00e9xico y MasterChef Celebrity,\u00a0mientras que Roc\u00edo Banquells ha participado en novelas y ha tenido una prol\u00edfica carrera como cantante.<\/span><\/p>\n<p><span style=\"font-size: 14pt;\">En tanto, Morena llevar\u00e1 a tres famosos a la C\u00e1mara de Diputados: Cuauht\u00e9moc Blanco, exfutbolista y exgobernador de Morelos; Sergio Mayer, actor y participante de realities;\u00a0y Patricia Armend\u00e1riz, empresaria y exparticipante del programa Shark Tank.<\/span><\/p>\n<p><span style=\"font-size: 14pt;\">Esta ser\u00eda la segunda vez que\u00a0Sergio Mayer ocupa una curul en la C\u00e1mara de Diputados, la primera fue en la LXIV Legislatura (2018-2021) y al no conseguir su reelecci\u00f3n adopt\u00f3 una postura cr\u00edtica en contra de los proyectos del presidente Andr\u00e9s Manuel L\u00f3pez Obrador, uno de ellos fue el Tren Maya al que responsabiliz\u00f3 de haber causado un \u201cda\u00f1o ecol\u00f3gico irreversible\u201d.<\/span><\/p>\n<p><span style=\"font-size: 14pt;\">La empresaria Patricia Armend\u00e1riz obtuvo su reelecci\u00f3n consecutiva como diputada, mientras que Cuauht\u00e9moc Blanco se estrenar\u00e1 como legislador.<\/span><\/p>\n<\/div>\n<\/article>\n","protected":false},"excerpt":{"rendered":"<p>La\u00a0nueva legislatura de la C\u00e1mara de Diputados reunir\u00e1 a siete famosos entre actores, cantantes, estrellas de realities y deportistas,\u00a0algunos de<\/p>\n","protected":false},"author":4,"featured_media":42915,"comment_status":"closed","ping_status":"closed","sticky":false,"template":"","format":"standard","meta":{"colormag_page_container_layout":"default_layout","colormag_page_sidebar_layout":"default_layout","_jetpack_memberships_contains_paid_content":false,"footnotes":"","jetpack_publicize_message":"","jetpack_publicize_feature_enabled":true,"jetpack_social_post_already_shared":false,"jetpack_social_options":{"image_generator_settings":{"template":"highway","default_image_id":0,"font":"","enabled":false},"version":2}},"categories":[33],"tags":[],"class_list":["post-42914","post","type-post","status-publish","format-standard","has-post-thumbnail","hentry","category-nacional"],"jetpack_publicize_connections":[],"jetpack_featured_media_url":"https:\/\/i0.wp.com\/politicosaldesnudo.com.mx\/wp-content\/uploads\/2024\/07\/Construccion-2024-07-27T130945.775.jpg?fit=768%2C479&ssl=1","jetpack-related-posts":[],"jetpack_sharing_enabled":true,"_links":{"self":[{"href":"https:\/\/politicosaldesnudo.com.mx\/index.php\/wp-json\/wp\/v2\/posts\/42914","targetHints":{"allow":["GET"]}}],"collection":[{"href":"https:\/\/politicosaldesnudo.com.mx\/index.php\/wp-json\/wp\/v2\/posts"}],"about":[{"href":"https:\/\/politicosaldesnudo.com.mx\/index.php\/wp-json\/wp\/v2\/types\/post"}],"author":[{"embeddable":true,"href":"https:\/\/politicosaldesnudo.com.mx\/index.php\/wp-json\/wp\/v2\/users\/4"}],"replies":[{"embeddable":true,"href":"https:\/\/politicosaldesnudo.com.mx\/index.php\/wp-json\/wp\/v2\/comments?post=42914"}],"version-history":[{"count":0,"href":"https:\/\/politicosaldesnudo.com.mx\/index.php\/wp-json\/wp\/v2\/posts\/42914\/revisions"}],"wp:featuredmedia":[{"embeddable":true,"href":"https:\/\/politicosaldesnudo.com.mx\/index.php\/wp-json\/wp\/v2\/media\/42915"}],"wp:attachment":[{"href":"https:\/\/politicosaldesnudo.com.mx\/index.php\/wp-json\/wp\/v2\/media?parent=42914"}],"wp:term":[{"taxonomy":"category","embeddable":true,"href":"https:\/\/politicosaldesnudo.com.mx\/index.php\/wp-json\/wp\/v2\/categories?post=42914"},{"taxonomy":"post_tag","embeddable":true,"href":"https:\/\/politicosaldesnudo.com.mx\/index.php\/wp-json\/wp\/v2\/tags?post=42914"}],"curies":[{"name":"wp","href":"https:\/\/api.w.org\/{rel}","templated":true}]}}