{"id":42950,"date":"2024-07-29T08:18:18","date_gmt":"2024-07-29T13:18:18","guid":{"rendered":"https:\/\/politicosaldesnudo.com.mx\/?p=42950"},"modified":"2024-07-29T08:18:18","modified_gmt":"2024-07-29T13:18:18","slug":"entre-percepciones-y-suposiciones","status":"publish","type":"post","link":"https:\/\/politicosaldesnudo.com.mx\/index.php\/2024\/07\/29\/entre-percepciones-y-suposiciones\/","title":{"rendered":"ENTRE PERCEPCIONES Y SUPOSICIONES"},"content":{"rendered":"<p><span style=\"font-size: 14pt;\"><strong>RICARDO HOMS<\/strong><\/span><\/p>\n<p><span style=\"font-size: 14pt;\">La inauguraci\u00f3n de los juegos ol\u00edmpicos de Par\u00eds nos dieron un gran ejemplo de los peligros de las percepciones convertidas en suposiciones y los da\u00f1os que pueden generar en la reputaci\u00f3n de personas, instituciones, gobiernos o eventos.<\/span><\/p>\n<p><span style=\"font-size: 14pt;\">Una de las tantas representaciones art\u00edsticas que se exhibieron a lo largo de varias horas de desfiles y producciones art\u00edsticas espectaculares, sobresali\u00f3 porque aparentemente era una alegor\u00eda referente a la \u201c\u00faltima cena de Jes\u00fas\u201d, personificada por figuras ex\u00f3ticas de la cultura Drag. Su impacto fue inmediato.<\/span><\/p>\n<p><span style=\"font-size: 14pt;\">Vimos como empezaron circular mensajes de reprobaci\u00f3n en las redes sociales, considerando esta banalizaci\u00f3n una falta de respeto al cristianismo.<\/span><\/p>\n<p><span style=\"font-size: 14pt;\">Toda la magnificencia y derroche de buen gusto y elegancia para promover la cultura universal, perdi\u00f3 relevancia frente a la afrenta.<\/span><\/p>\n<p><span style=\"font-size: 14pt;\">Fue hasta que empez\u00f3 a circular informaci\u00f3n que adjudicaba el motivo de la obra, -no a la pintura La \u00faltima cena\u201d de Leonardo Da Vinci-, sino a la obra \u201cFestin des dieux\u201d, pintura de la mitolog\u00eda pagana realizada por el pintor holand\u00e9s Jan Harmensz Van Bijlert, obra realizada en 1635 que hoy se encuentra en el museo Magnin de la ciudad de Avignon, Francia.<\/span><\/p>\n<p><span style=\"font-size: 14pt;\">Este caso es sintom\u00e1tico y describe un fen\u00f3meno de hoy, referente a la creaci\u00f3n de percepciones p\u00fablicas que se convierten en referente para la generaci\u00f3n de una suposici\u00f3n colectiva.<\/span><\/p>\n<p><span style=\"font-size: 14pt;\">Del mismo modo en que el manejo subjetivo y poco claro de los temas que se impulsan en la agenda p\u00fablica, est\u00e1 creando la percepci\u00f3n colectiva de que la reforma al Poder\u00a0 Judicial de inmediato pondr\u00e1 orden a la impartici\u00f3n de justicia, cuando hasta un estudiante de derecho sabe que las polic\u00edas de todo el pa\u00eds son las principales transgresoras de los derechos humanos en M\u00e9xico, as\u00ed como los ministerios p\u00fablicos. Sin embargo, estos no forman parte del Poder Judicial Federal, sino de las fiscal\u00edas de cada una de las entidades federativas y de la Fiscal\u00eda General de la Rep\u00fablica.<\/span><\/p>\n<p><span style=\"font-size: 14pt;\">Es evidente que se juega con las suposiciones de la gente, -o sea del ciudadano-, que espera que los cambios favorables ser\u00e1n inmediatos y con resultados visibles en corto tiempo.<\/span><\/p>\n<p><span style=\"font-size: 14pt;\">Las suposiciones siempre ser\u00e1n por cuenta y riesgo del ciudadano y no generan compromiso para ning\u00fan gobierno.<\/span><\/p>\n<p><span style=\"font-size: 14pt;\">Por ello, vemos que dejar todo el peso del impacto social en el \u00e1mbito de las percepciones es muy c\u00f3modo y rentable pol\u00edticamente.<\/span><\/p>\n<p><span style=\"font-size: 14pt;\">No precisar ni aclarar es una vieja estrategia pol\u00edtica que juega con las imprecisiones y ello ofrece siempre una puerta de salida para no comprometerse.<\/span><\/p>\n<p><span style=\"font-size: 14pt;\">Las sociedades que crecen y se desarrollan son las que est\u00e1n bien informadas y con solidez emocional para no dejarse manipular por la ret\u00f3rica pol\u00edtica.<\/span><\/p>\n<p><span style=\"font-size: 14pt;\">\u00bfA usted qu\u00e9 le parece?<\/span><\/p>\n","protected":false},"excerpt":{"rendered":"<p>RICARDO HOMS La inauguraci\u00f3n de los juegos ol\u00edmpicos de Par\u00eds nos dieron un gran ejemplo de los peligros de las<\/p>\n","protected":false},"author":4,"featured_media":26269,"comment_status":"closed","ping_status":"closed","sticky":false,"template":"","format":"standard","meta":{"colormag_page_container_layout":"default_layout","colormag_page_sidebar_layout":"default_layout","_jetpack_memberships_contains_paid_content":false,"footnotes":"","jetpack_publicize_message":"","jetpack_publicize_feature_enabled":true,"jetpack_social_post_already_shared":false,"jetpack_social_options":{"image_generator_settings":{"template":"highway","default_image_id":0,"font":"","enabled":false},"version":2}},"categories":[26],"tags":[],"class_list":["post-42950","post","type-post","status-publish","format-standard","has-post-thumbnail","hentry","category-columnistas"],"jetpack_publicize_connections":[],"jetpack_featured_media_url":"https:\/\/i0.wp.com\/politicosaldesnudo.com.mx\/wp-content\/uploads\/2023\/11\/BANNER-homs.jpg?fit=800%2C445&ssl=1","jetpack-related-posts":[],"jetpack_sharing_enabled":true,"_links":{"self":[{"href":"https:\/\/politicosaldesnudo.com.mx\/index.php\/wp-json\/wp\/v2\/posts\/42950","targetHints":{"allow":["GET"]}}],"collection":[{"href":"https:\/\/politicosaldesnudo.com.mx\/index.php\/wp-json\/wp\/v2\/posts"}],"about":[{"href":"https:\/\/politicosaldesnudo.com.mx\/index.php\/wp-json\/wp\/v2\/types\/post"}],"author":[{"embeddable":true,"href":"https:\/\/politicosaldesnudo.com.mx\/index.php\/wp-json\/wp\/v2\/users\/4"}],"replies":[{"embeddable":true,"href":"https:\/\/politicosaldesnudo.com.mx\/index.php\/wp-json\/wp\/v2\/comments?post=42950"}],"version-history":[{"count":0,"href":"https:\/\/politicosaldesnudo.com.mx\/index.php\/wp-json\/wp\/v2\/posts\/42950\/revisions"}],"wp:featuredmedia":[{"embeddable":true,"href":"https:\/\/politicosaldesnudo.com.mx\/index.php\/wp-json\/wp\/v2\/media\/26269"}],"wp:attachment":[{"href":"https:\/\/politicosaldesnudo.com.mx\/index.php\/wp-json\/wp\/v2\/media?parent=42950"}],"wp:term":[{"taxonomy":"category","embeddable":true,"href":"https:\/\/politicosaldesnudo.com.mx\/index.php\/wp-json\/wp\/v2\/categories?post=42950"},{"taxonomy":"post_tag","embeddable":true,"href":"https:\/\/politicosaldesnudo.com.mx\/index.php\/wp-json\/wp\/v2\/tags?post=42950"}],"curies":[{"name":"wp","href":"https:\/\/api.w.org\/{rel}","templated":true}]}}