{"id":42957,"date":"2024-07-29T08:23:57","date_gmt":"2024-07-29T13:23:57","guid":{"rendered":"https:\/\/politicosaldesnudo.com.mx\/?p=42957"},"modified":"2024-07-29T08:23:57","modified_gmt":"2024-07-29T13:23:57","slug":"detienen-al-presunto-feminicida-de-enfermera-baleada-en-hospital-del-imss-en-veracruz","status":"publish","type":"post","link":"https:\/\/politicosaldesnudo.com.mx\/index.php\/2024\/07\/29\/detienen-al-presunto-feminicida-de-enfermera-baleada-en-hospital-del-imss-en-veracruz\/","title":{"rendered":"Detienen al presunto feminicida de enfermera baleada en hospital del IMSS en Veracruz"},"content":{"rendered":"<div>\n<div id=\"content-body-225-12312393\">\n<p><span style=\"font-size: 14pt;\">Luis Alfredo \u00abN\u00bb, uno de los presuntos feminicidas de la joven\u00a0Noriko Dallana, asesinada en\u00a0la Cl\u00ednica 36 del Instituto Mexicano del Seguro Social (IMSS), en el municipio de Coatzacoalco, Veracruz, fue detenido este domingo.<\/span><\/p>\n<p><span style=\"font-size: 14pt;\">De acuerdo con el informe que brinda la autoridad, se da a conocer que derivado de actos de investigaci\u00f3n\u00a0el pasado viernes se solicit\u00f3 orden de aprehensi\u00f3n contra dos presuntos responsables del feminicidio de Noriko Dallana\u00a0el 19 de julio.<\/span><\/p>\n<\/div>\n<\/div>\n<div>\n<div id=\"dfp-nota-1x1s\" data-google-query-id=\"CKzOhPirzIcDFWmIpgQdpjsOHQ\">\n<div id=\"google_ads_iframe_\/2000002\/la-prensa\/mexico_nota_1x1_0__container__\"><span style=\"font-size: 14pt;\">Elementos de la Polic\u00eda Ministerial cumplimentaron la\u00a0orden de aprehensi\u00f3n contra Luis Alfredo \u201cN\u201d,\u00a0presunto autor material del feminicidio, en la colonia Francisco I. Madero del municipio de Cosoleacaque.<\/span><\/div>\n<\/div>\n<\/div>\n<article>\n<div id=\"content-body-5851641-12312393\">\n<p><span style=\"font-size: 14pt;\">El detenido, identificado tambi\u00e9n como \u00abEl Guacho\u00bb, habr\u00eda sido contratado por asesinar a la joven enfermera.<\/span><\/p>\n<p><span style=\"font-size: 14pt;\">La segunda persona que es buscada por las autoridades, estar\u00eda identificada y se espera que en las pr\u00f3ximas horas realicen su detenci\u00f3n.<\/span><\/p>\n<p><span style=\"font-size: 14pt;\">Noriko Dallana\u00a0fue sorprendida por un desconocido la ma\u00f1ana del viernes 19 de julio, quien le dispar\u00f3 en la cabeza cuando estaba por ingresar al Hospital General de Zona 36 del municipio de Coatzacoalcos, en donde era pasante de enfermer\u00eda.<\/span><\/p>\n<p><span style=\"font-size: 14pt;\">Personas que se encontraban cerca solicitaron el apoyo del personal m\u00e9dico de ese hospital, y de inmediato le brindaron la ayuda y la enviaron a quir\u00f3fano para salvarle la vida.<\/span><\/p>\n<section>\n<div>\n<div>\n<div><span style=\"font-size: 14pt;\">Sin embargo, no logr\u00f3 sobrevivir y dieron a conocer que muri\u00f3 el s\u00e1bado 20 de julio en ese hospital, en el que realizaba sus \u00faltimos d\u00edas de pr\u00e1cticas profesionales.<\/span><\/div>\n<\/div>\n<\/div>\n<\/section>\n<p><span style=\"font-size: 14pt;\">La familia y amigos de\u00a0Noriko Dallana\u00a0solicitaron la intervenci\u00f3n de las autoridades correspondientes para detener al responsable luego de que el caso se diera a concoer.<\/span><\/p>\n<p><span style=\"font-size: 14pt;\">El 21 de julio que la colectiva feminista Medusas de la Costa realiz\u00f3 una marcha pac\u00edfica para exigir justicia a las autoridades por la muerte de la joven.<\/span><\/p>\n<p><span style=\"font-size: 14pt;\">En esa marcha estuvo presente la familia quien realiz\u00f3, con el resto de personas, un recorrido desde el Hemiciclo de los Ni\u00f1os H\u00e9roes en el Malec\u00f3n de Coatzacoalcos hasta la Fiscal\u00eda Especializada en Delitos Sexuales.<\/span><\/p>\n<\/div>\n<\/article>\n","protected":false},"excerpt":{"rendered":"<p>Luis Alfredo \u00abN\u00bb, uno de los presuntos feminicidas de la joven\u00a0Noriko Dallana, asesinada en\u00a0la Cl\u00ednica 36 del Instituto Mexicano del<\/p>\n","protected":false},"author":4,"featured_media":42958,"comment_status":"closed","ping_status":"closed","sticky":false,"template":"","format":"standard","meta":{"colormag_page_container_layout":"default_layout","colormag_page_sidebar_layout":"default_layout","_jetpack_memberships_contains_paid_content":false,"footnotes":"","jetpack_publicize_message":"","jetpack_publicize_feature_enabled":true,"jetpack_social_post_already_shared":false,"jetpack_social_options":{"image_generator_settings":{"template":"highway","default_image_id":0,"font":"","enabled":false},"version":2}},"categories":[33],"tags":[],"class_list":["post-42957","post","type-post","status-publish","format-standard","has-post-thumbnail","hentry","category-nacional"],"jetpack_publicize_connections":[],"jetpack_featured_media_url":"https:\/\/i0.wp.com\/politicosaldesnudo.com.mx\/wp-content\/uploads\/2024\/07\/Huerfanos-por-feminicidio.jpg?fit=768%2C479&ssl=1","jetpack-related-posts":[],"jetpack_sharing_enabled":true,"_links":{"self":[{"href":"https:\/\/politicosaldesnudo.com.mx\/index.php\/wp-json\/wp\/v2\/posts\/42957","targetHints":{"allow":["GET"]}}],"collection":[{"href":"https:\/\/politicosaldesnudo.com.mx\/index.php\/wp-json\/wp\/v2\/posts"}],"about":[{"href":"https:\/\/politicosaldesnudo.com.mx\/index.php\/wp-json\/wp\/v2\/types\/post"}],"author":[{"embeddable":true,"href":"https:\/\/politicosaldesnudo.com.mx\/index.php\/wp-json\/wp\/v2\/users\/4"}],"replies":[{"embeddable":true,"href":"https:\/\/politicosaldesnudo.com.mx\/index.php\/wp-json\/wp\/v2\/comments?post=42957"}],"version-history":[{"count":0,"href":"https:\/\/politicosaldesnudo.com.mx\/index.php\/wp-json\/wp\/v2\/posts\/42957\/revisions"}],"wp:featuredmedia":[{"embeddable":true,"href":"https:\/\/politicosaldesnudo.com.mx\/index.php\/wp-json\/wp\/v2\/media\/42958"}],"wp:attachment":[{"href":"https:\/\/politicosaldesnudo.com.mx\/index.php\/wp-json\/wp\/v2\/media?parent=42957"}],"wp:term":[{"taxonomy":"category","embeddable":true,"href":"https:\/\/politicosaldesnudo.com.mx\/index.php\/wp-json\/wp\/v2\/categories?post=42957"},{"taxonomy":"post_tag","embeddable":true,"href":"https:\/\/politicosaldesnudo.com.mx\/index.php\/wp-json\/wp\/v2\/tags?post=42957"}],"curies":[{"name":"wp","href":"https:\/\/api.w.org\/{rel}","templated":true}]}}