{"id":42967,"date":"2024-07-29T08:31:34","date_gmt":"2024-07-29T13:31:34","guid":{"rendered":"https:\/\/politicosaldesnudo.com.mx\/?p=42967"},"modified":"2024-07-29T08:31:34","modified_gmt":"2024-07-29T13:31:34","slug":"berrinches-y-rabietas-recurso-de-opositores-tercera-y-ultima-parte","status":"publish","type":"post","link":"https:\/\/politicosaldesnudo.com.mx\/index.php\/2024\/07\/29\/berrinches-y-rabietas-recurso-de-opositores-tercera-y-ultima-parte\/","title":{"rendered":"BERRINCHES Y RABIETAS, RECURSO DE OPOSITORES (Tercera y \u00faltima parte)"},"content":{"rendered":"<p><span style=\"font-size: 14pt;\"><strong>Por Francisco Blanco Calder\u00f3n<\/strong><\/span><\/p>\n<p><span style=\"font-size: 14pt;\">Es curioso c\u00f3mo, en tiempo y forma, encajan los refranes mexicanos: \u201cdar sopa de su propio chocolate\u201d lo que significa pagarle con la misma moneda a alguien, sobre todo si se trata de una persona abusiva o ventajosa, o que suele presionar a otros para obtener lo que quiere. En pocas palabras es la cruda realidad para Alito Moreno en su queja, protesta, disgusto contra el peri\u00f3dico Reforma por divulgar sus m\u00faltiples residencias y hasta su playa privada y esos excesos como gobernador de Campeche, legislador y dirigente partidista, grabaciones divulgadas recientemente del saqueo a las arcas del Partido en moches y m\u00e1s moches. Ahora que pretende su nueva reelecci\u00f3n por ocho a\u00f1os al frente del partido en decadencia. Se queja del mal trato del Reforma cuando lo utiliz\u00f3 tantas y tantas fake news, mentiras, chismes y rumores contra AMLO y la 4T. \u201cMachetazo a caballo de espada\u201d dir\u00edan otros.<\/span><\/p>\n<p><span style=\"font-size: 14pt;\">Marko Cortes, junto a Zambrano, PAN y PRD, formaron alianza, junto a Alito, en defensa de \u00a0intereses de esa oligarqu\u00eda expulsada del presupuesto p\u00fablico, y que la usaron para denostar la figura de AMLO y los logros y avances de la 4T. Ellos con el financiamiento de Claudio equis doblegaron a sus mezquinos intereses a Reforma, Universal y Financiero para recuperar el control del pa\u00eds que devastaron, apoyados por los medios convencionales y una pl\u00e9yade de analistas, comentaristas, intelectuales org\u00e1nicos para hacer guerra sucia con el fin de desestabilizar al cambio de r\u00e9gimen alcanzado por voluntad popular en el 2018 y ratificado en el proceso electoral del 2024.<\/span><\/p>\n<p><span style=\"font-size: 14pt;\">Ahora, el PRI y el PAN, buscan refugiarse en pr\u00f3ximas victorias, creando nuevos partidos, gracias a la marea rosa, esa que Claudio equis les financi\u00f3, apoyados con una sociedad civil ficticia y organizaciones sociales inventadas a su conveniencia. Abandonar al tricolor y al azul celeste para optar un rosado p\u00e1lido y simpl\u00f3n. Se suma Eduardo Verastegui y su extrema derecha trompista, cuasi religiosa y multinacional. Del PRD ni sus luces, ya est\u00e1 formalmente desaparecido, sin edificio propio ni subsidios formales, brinca que brinca para ara\u00f1ar a la opini\u00f3n del pueblo, que abandon\u00f3 y traicion\u00f3, hoy arrinconados por la dupla PRI\/PAN olvid\u00e1ndose de esos militantes asesinados, secuestrados y encarcelados desde el periodo de Salinas de Gortari. La Fuerza y Coraz\u00f3n por M\u00e9xico, fracas\u00f3 el 2 de junio, ya que los dej\u00f3 sin gubernaturas, ni mayor\u00edas en congresos, federal y estatales y muy probablemente sin el financiamiento coordinado por Claudio equis y sus compinches.<\/span><\/p>\n<p><span style=\"font-size: 14pt;\">Marko Cort\u00e9s, ser\u00e1 desplazado \u00a0como dirigente panista, pero le pide a Elon Musk que construya f\u00e1bricas de Tesla en los cuatro estados gobernados por el PAN. Ya que el multimillonario anunci\u00f3 que frenar\u00e1 la construcci\u00f3n de su Gigafactory en Nuevo Le\u00f3n hasta que pasen las elecciones de EEUU pues Trump amag\u00f3 con imponer aranceles a los autos fabricados en nuestro pa\u00eds con capital de otras naciones. Oportunismo puro.<\/span><\/p>\n<p><span style=\"font-size: 14pt;\">Paralelamente jueces, magistrados y ministros del poder judicial andan desbocados pues piensan que ser\u00e1n desplazados con el inminente Plan C, \u00a0moviendo \u201cmar, cielo y tierra\u201d para influir en la opini\u00f3n p\u00fablica desinformada y curiosamente sobre informada, esa que naufraga entre el consumismo y la depresi\u00f3n por no alcanzar el sue\u00f1o dorado de promesas de los oligarcas imperiales, de dentro y fuera del pa\u00eds.<\/span><\/p>\n<p><span style=\"font-size: 14pt;\">Hasta X\u00f3chitl G\u00e1lvez amenaza con movilizaciones si la sobrerrepresentaci\u00f3n no les favorece, pues se enfrentaron al\u00a0 proceso electoral sin un plan de gobierno ni un proyecto de naci\u00f3n, solo defendiendo los intereses de grupos empresariales, los que destinaron miles de millones de d\u00f3lares en contrataci\u00f3n de robots de redes sociales, en medios, y alianzas con analistas y conductores, expulsados del presupuesto del gobierno. Dineral usado en movilizar ciudadanos en acarreos para el control y saqueo de la naci\u00f3n. Los partidos, empresas, medios y sus analistas se movilizan tambi\u00e9n en contra de la sobrerrepresentaci\u00f3n de Morena. Intereses que se oponen a que Morena obtenga la mayor\u00eda calificada en la C\u00e1mara de Diputados, esa que obtuvo en las elecciones, por el voto popular.<\/span><\/p>\n<p><span style=\"font-size: 14pt;\">Es falso que exista sobrerrepresentaci\u00f3n, Luisa Mar\u00eda Alcalde abund\u00f3 sobre criterios de la carta magna. En el fondo, no quieren que se tenga la posibilidad de llevar a cabo la reforma al Poder Judicial y que la gente pueda votar por jueces, magistrados y ministros. En la Constituci\u00f3n, en su\u00a0 \u00abArt\u00edculo 54: Ning\u00fan partido pol\u00edtico podr\u00e1 contar con m\u00e1s de 300 diputados, por mayor\u00eda y plurinominales sumados (Morena tendr\u00e1 248) [&#8230;] La fracci\u00f3n quinta del art\u00edculo 54 establece que en ning\u00fan caso un partido pol\u00edtico podr\u00e1 contar con un n\u00famero de diputados por ambos principios que representen un porcentaje de la c\u00e1mara que exceda en 8 puntos a su porcentaje de votaci\u00f3n nacional emitida (Morena no la excede) [&#8230;] Esto establece la Constituci\u00f3n y esto es lo que debe aplicarse\u00bb.<\/span><\/p>\n<p><span style=\"font-size: 14pt;\">El Plan C avanza con las reformas desechadas por ser mayor\u00eda simple, ahora ser\u00e1n aprobadas al lograr la mayor\u00eda calificada en las C\u00e1maras de Diputados y Senadores, pese a que los opositores lancen berrinches y rabietas, que no son m\u00e1s que explosiones que incluyen llantos, gritos, pataletas y otras demostraciones de frustraci\u00f3n o ira: \u201cEstos berrinches suelen ser respuesta a una baja tolerancia a la frustraci\u00f3n\u00a0 cuando espera que sus demandas y deseos sean satisfechos r\u00e1pidamente o cuando no le permiten hacer lo que quiere. No puede controlarlas porque siente las emociones, pero no las comprende. Estas rabietas tambi\u00e9n aparecen si tiene dificultad para expresar un deseo o necesidad. Esto le lleva a decir \u201cno\u201d con frecuencia utilizando la negaci\u00f3n manifiesta su voluntad y a\u00fan no dispone de vocabulario para expresar sus sentimientos. En esta etapa de desarrollo del yo, las conductas egoc\u00e9ntricas se generalizan. As\u00ed, a trav\u00e9s, el empleo del \u201cno\u201d obtiene la satisfacci\u00f3n de poder modificar de cuantos le rodean. Por eso, suele oponerse a todo cambio o situaci\u00f3n que le resulta poco atractiva\u201d. (<a href=\"https:\/\/guarderialaocaloca.com\/la-edad-de-las-oposicion-el-negativismo-y-las-rabietas\/\">https:\/\/guarderialaocaloca.com\/la-edad-de-las-oposicion-el-negativismo-y-las-rabietas\/<\/a>). Como chiquillos pues. Se quiere una oposici\u00f3n inteligente, propositiva, seria no manipulable. Eso requiere una verdadera democracia, no paleros financiados ni manipuladores dirigidos. Opositores no domesticados.<\/span><\/p>\n","protected":false},"excerpt":{"rendered":"<p>Por Francisco Blanco Calder\u00f3n Es curioso c\u00f3mo, en tiempo y forma, encajan los refranes mexicanos: \u201cdar sopa de su propio<\/p>\n","protected":false},"author":4,"featured_media":37957,"comment_status":"closed","ping_status":"closed","sticky":false,"template":"","format":"standard","meta":{"colormag_page_container_layout":"default_layout","colormag_page_sidebar_layout":"default_layout","_jetpack_memberships_contains_paid_content":false,"footnotes":"","jetpack_publicize_message":"","jetpack_publicize_feature_enabled":true,"jetpack_social_post_already_shared":false,"jetpack_social_options":{"image_generator_settings":{"template":"highway","default_image_id":0,"font":"","enabled":false},"version":2}},"categories":[26],"tags":[],"class_list":["post-42967","post","type-post","status-publish","format-standard","has-post-thumbnail","hentry","category-columnistas"],"jetpack_publicize_connections":[],"jetpack_featured_media_url":"https:\/\/i0.wp.com\/politicosaldesnudo.com.mx\/wp-content\/uploads\/2024\/05\/ESCENARIOS.jpg?fit=1816%2C1016&ssl=1","jetpack-related-posts":[],"jetpack_sharing_enabled":true,"_links":{"self":[{"href":"https:\/\/politicosaldesnudo.com.mx\/index.php\/wp-json\/wp\/v2\/posts\/42967","targetHints":{"allow":["GET"]}}],"collection":[{"href":"https:\/\/politicosaldesnudo.com.mx\/index.php\/wp-json\/wp\/v2\/posts"}],"about":[{"href":"https:\/\/politicosaldesnudo.com.mx\/index.php\/wp-json\/wp\/v2\/types\/post"}],"author":[{"embeddable":true,"href":"https:\/\/politicosaldesnudo.com.mx\/index.php\/wp-json\/wp\/v2\/users\/4"}],"replies":[{"embeddable":true,"href":"https:\/\/politicosaldesnudo.com.mx\/index.php\/wp-json\/wp\/v2\/comments?post=42967"}],"version-history":[{"count":0,"href":"https:\/\/politicosaldesnudo.com.mx\/index.php\/wp-json\/wp\/v2\/posts\/42967\/revisions"}],"wp:featuredmedia":[{"embeddable":true,"href":"https:\/\/politicosaldesnudo.com.mx\/index.php\/wp-json\/wp\/v2\/media\/37957"}],"wp:attachment":[{"href":"https:\/\/politicosaldesnudo.com.mx\/index.php\/wp-json\/wp\/v2\/media?parent=42967"}],"wp:term":[{"taxonomy":"category","embeddable":true,"href":"https:\/\/politicosaldesnudo.com.mx\/index.php\/wp-json\/wp\/v2\/categories?post=42967"},{"taxonomy":"post_tag","embeddable":true,"href":"https:\/\/politicosaldesnudo.com.mx\/index.php\/wp-json\/wp\/v2\/tags?post=42967"}],"curies":[{"name":"wp","href":"https:\/\/api.w.org\/{rel}","templated":true}]}}