{"id":4302,"date":"2022-04-22T19:04:48","date_gmt":"2022-04-23T00:04:48","guid":{"rendered":"https:\/\/politicosaldesnudo.com.mx\/?p=4302"},"modified":"2022-04-22T19:04:48","modified_gmt":"2022-04-23T00:04:48","slug":"se-proyecta-gran-inversion-para-veracruz","status":"publish","type":"post","link":"https:\/\/politicosaldesnudo.com.mx\/index.php\/2022\/04\/22\/se-proyecta-gran-inversion-para-veracruz\/","title":{"rendered":"Se proyecta gran inversi\u00f3n para Veracruz"},"content":{"rendered":"<p class=\"p1\"><span style=\"font-size: 14pt;\"><em><strong>Ciudad de M\u00e9xico.<\/strong> <\/em>El presidente <strong>Andr\u00e9s Manuel L\u00f3pez Obrador<\/strong> encabez\u00f3 en <strong>Veracruz<\/strong> la reuni\u00f3n de seguridad y la conferencia de prensa matutina, donde afirm\u00f3 que se<strong> impulsar\u00e1 el desarrollo de la entidad con inversi\u00f3n p\u00fablica y privada<\/strong>.<\/span><\/p>\n<p class=\"p1\"><span style=\"font-size: 14pt;\">Ayer inici\u00f3 la construcci\u00f3n de una planta cervecera que anteriormente se instalar\u00eda en Mexicali, Baja California; sin embargo, por la falta de agua en la regi\u00f3n se reubic\u00f3 el proyecto.<\/span><\/p>\n<p>&nbsp;<\/p>\n<p><img data-recalc-dims=\"1\" loading=\"lazy\" decoding=\"async\" class=\"aligncenter wp-image-3491 size-large\" src=\"https:\/\/i0.wp.com\/noticiasveracruz.com\/wp-content\/uploads\/2022\/04\/P-VERARUZ1-1024x573.png?resize=800%2C448\" alt=\"\" width=\"800\" height=\"448\" \/><\/p>\n<p>&nbsp;<\/p>\n<p class=\"p1\"><strong><span style=\"font-size: 14pt;\">La inversi\u00f3n privada en la planta cervecera de Constellations Brands en Veracruz alcanza los mil 300 millones de d\u00f3lares.<\/span><\/strong><\/p>\n<blockquote>\n<p class=\"p1\"><span style=\"font-size: 14pt;\">Hay el compromiso de los empresarios de concluirla en el 2024. Ya tiene el financiamiento, adquirieron 300 hect\u00e1reas y tienen todos los permisos de los gobiernos, el gobierno municipal, del estado y federal\u201d, abund\u00f3.<\/span><\/p>\n<\/blockquote>\n<p class=\"p1\"><strong><span style=\"font-size: 14pt;\">Enfatiz\u00f3 que la operaci\u00f3n de la compa\u00f1\u00eda no afectar\u00e1 el ambiente de la entidad.<\/span><\/strong><\/p>\n<blockquote>\n<p class=\"p1\"><span style=\"font-size: 14pt;\">Est\u00e1n afinando el proyecto constructivo; van a utilizar tecnolog\u00eda de punta, van a cuidar los acu\u00edferos, no se va a afectar el agua para el abasto de Veracruz, ni para otras comunidades\u201d.<\/span><\/p>\n<\/blockquote>\n<p class=\"p1\"><strong><span style=\"font-size: 14pt;\">Mencion\u00f3 que la inversi\u00f3n federal en el sureste beneficia a Veracruz, Oaxaca, Chiapas, Tabasco, Campeche, Yucat\u00e1n y Quintana Roo con un presupuesto destinado cercano a los 30 mil millones de d\u00f3lares en distintas obras, un hecho in\u00e9dito en el sur sureste.<\/span><\/strong><\/p>\n<p>&nbsp;<\/p>\n<p><strong><span style=\"font-size: 18pt;\">PAZ E INVERSI\u00d3N\u00a0<\/span><\/strong><\/p>\n<p class=\"p1\"><span style=\"font-size: 14pt;\">El mandatario resalt\u00f3 la creaci\u00f3n de los <strong>cuarteles de la Guardia Nacional en Veracruz<\/strong> con el <strong>prop\u00f3sito de procurar la paz y atraer inversiones<\/strong>. Adelant\u00f3 que la seguridad del corredor del Istmo de Tehuantepec estar\u00e1 a cargo de la Secretar\u00eda Marina.<\/span><\/p>\n<p class=\"p1\"><span style=\"font-size: 14pt;\">Sobre la incidencia delictiva en el estado a marzo de 2022, el secretario de Marina, Jos\u00e9 Rafael Ojeda Dur\u00e1n, resalt\u00f3 que los delitos de homicidio doloso, secuestro, feminicidio, extorsiones, robo a transportista, a negocio y a transe\u00fante registran un descenso respecto con meses anteriores.<\/span><\/p>\n<p class=\"p1\"><strong><span style=\"font-size: 14pt;\">Los municipios con mayor incidencia delictiva son Xalapa, Veracruz, Coatzacoalcos, C\u00f3rdoba, Minatitl\u00e1n, Poza Rica de Hidalgo y Acayucan, por lo que en estos se refuerza la estrategia de seguridad.<\/span><\/strong><\/p>\n<blockquote>\n<p class=\"p1\"><span style=\"font-size: 14pt;\">En Veracruz hay 24 mil 715 elementos desplegados del Ej\u00e9rcito y la Fuerza A\u00e9rea Mexicana, de la Secretar\u00eda de Marina, de la Guardia Nacional y de las polic\u00edas estatal y municipal.<\/span><\/p>\n<\/blockquote>\n<p class=\"p1\"><span style=\"font-size: 14pt;\">El estado reporta la construcci\u00f3n de <strong>15 compa\u00f1\u00edas de la Guardia Nacional en C\u00f3rdoba, Las Choapas, Tuxpan, Xalapa, Coatepec, Cosamaloapan de Carpio, Huatusco, Omealca, P\u00e1nuco, Papantla, Sayula de Alem\u00e1n, \u00c1lamo Temapache y Coatzacoalcos<\/strong>. Adem\u00e1s, la Secretar\u00eda de la Defensa Nacional don\u00f3 cinco instalaciones a la corporaci\u00f3n para la coordinaci\u00f3n de operaciones.<\/span><\/p>\n<p class=\"p1\"><strong><span style=\"font-size: 14pt;\">Se tienen proyectadas 12 instalaciones hacia 2023 a fin de contar con un total de 32 cuarteles en toda la entidad.<\/span><\/strong><\/p>\n<blockquote>\n<p class=\"p1\"><span style=\"font-size: 14pt;\">En el caso de robo de hidrocarburos en la presente administraci\u00f3n, se han asegurado 2 millones 221 mil 535 litros de combustible, 258 veh\u00edculos, 32 predios y 171 detenidos.<\/span><\/p>\n<\/blockquote>\n<p class=\"p1\"><span style=\"font-size: 14pt;\">Participaron en la conferencia, el gobernador Cuitl\u00e1huac Garc\u00eda Jim\u00e9nez; los secretarios de Gobernaci\u00f3n, Ad\u00e1n Augusto L\u00f3pez Hern\u00e1ndez y de la Defensa Nacional, Luis Cresencio Sandoval Gonz\u00e1lez; la secretaria de Seguridad y Protecci\u00f3n Ciudadana, Rosa Icela Rodr\u00edguez Vel\u00e1zquez; el subsecretario de Seguridad P\u00fablica, Ricardo Mej\u00eda Berdeja y el comandante de la Guardia Nacional, Luis Rodr\u00edguez Bucio.<\/span><\/p>\n<p>&nbsp;<\/p>\n<p>&nbsp;<\/p>\n","protected":false},"excerpt":{"rendered":"<p>Ciudad de M\u00e9xico. El presidente Andr\u00e9s Manuel L\u00f3pez Obrador encabez\u00f3 en Veracruz la reuni\u00f3n de seguridad y la conferencia de<\/p>\n","protected":false},"author":4,"featured_media":4303,"comment_status":"closed","ping_status":"closed","sticky":false,"template":"","format":"standard","meta":{"colormag_page_container_layout":"default_layout","colormag_page_sidebar_layout":"default_layout","_jetpack_memberships_contains_paid_content":false,"footnotes":"","jetpack_publicize_message":"","jetpack_publicize_feature_enabled":true,"jetpack_social_post_already_shared":false,"jetpack_social_options":{"image_generator_settings":{"template":"highway","default_image_id":0,"font":"","enabled":false},"version":2}},"categories":[33],"tags":[95,376,516,100],"class_list":["post-4302","post","type-post","status-publish","format-standard","has-post-thumbnail","hentry","category-nacional","tag-andres-manuel-lopez-obrador","tag-constellation-brands","tag-inversion","tag-veracruz"],"jetpack_publicize_connections":[],"jetpack_featured_media_url":"https:\/\/i0.wp.com\/politicosaldesnudo.com.mx\/wp-content\/uploads\/2022\/04\/P-VERACRUZ2-1.png?fit=1816%2C1016&ssl=1","jetpack-related-posts":[],"jetpack_sharing_enabled":true,"_links":{"self":[{"href":"https:\/\/politicosaldesnudo.com.mx\/index.php\/wp-json\/wp\/v2\/posts\/4302","targetHints":{"allow":["GET"]}}],"collection":[{"href":"https:\/\/politicosaldesnudo.com.mx\/index.php\/wp-json\/wp\/v2\/posts"}],"about":[{"href":"https:\/\/politicosaldesnudo.com.mx\/index.php\/wp-json\/wp\/v2\/types\/post"}],"author":[{"embeddable":true,"href":"https:\/\/politicosaldesnudo.com.mx\/index.php\/wp-json\/wp\/v2\/users\/4"}],"replies":[{"embeddable":true,"href":"https:\/\/politicosaldesnudo.com.mx\/index.php\/wp-json\/wp\/v2\/comments?post=4302"}],"version-history":[{"count":0,"href":"https:\/\/politicosaldesnudo.com.mx\/index.php\/wp-json\/wp\/v2\/posts\/4302\/revisions"}],"wp:featuredmedia":[{"embeddable":true,"href":"https:\/\/politicosaldesnudo.com.mx\/index.php\/wp-json\/wp\/v2\/media\/4303"}],"wp:attachment":[{"href":"https:\/\/politicosaldesnudo.com.mx\/index.php\/wp-json\/wp\/v2\/media?parent=4302"}],"wp:term":[{"taxonomy":"category","embeddable":true,"href":"https:\/\/politicosaldesnudo.com.mx\/index.php\/wp-json\/wp\/v2\/categories?post=4302"},{"taxonomy":"post_tag","embeddable":true,"href":"https:\/\/politicosaldesnudo.com.mx\/index.php\/wp-json\/wp\/v2\/tags?post=4302"}],"curies":[{"name":"wp","href":"https:\/\/api.w.org\/{rel}","templated":true}]}}