{"id":43086,"date":"2024-07-31T07:55:49","date_gmt":"2024-07-31T12:55:49","guid":{"rendered":"https:\/\/politicosaldesnudo.com.mx\/?p=43086"},"modified":"2024-07-31T07:55:49","modified_gmt":"2024-07-31T12:55:49","slug":"error-grave","status":"publish","type":"post","link":"https:\/\/politicosaldesnudo.com.mx\/index.php\/2024\/07\/31\/error-grave\/","title":{"rendered":"ERROR GRAVE"},"content":{"rendered":"<p><span style=\"font-size: 14pt;\">Es muy sabido que a finales de la gobernanza de Andr\u00e9s Manuel L\u00f3pez Obrador la situaci\u00f3n en nuestro M\u00e9xico es inestable; la tensi\u00f3n jur\u00eddica, pol\u00edtica, econ\u00f3mica y social es grande; los motivos de esas tensiones son obvios y, con un poco de inteligencia y buena voluntad esa tirantez podr\u00eda ser eliminada desde ya.<\/span><\/p>\n<p><span style=\"font-size: 14pt;\">La Academia de Derecho Penal del Colegio Nacional de Abogados Foro de M\u00e9xico, le vuelve a escribir al Primer Magistrado de la Naci\u00f3n, sobre la importancia de la prudencia y de ubicarse en la realidad jur\u00eddica mexicana; especialmente para diferenciar que la delincuencia no debe de ser protegida con aquella pol\u00edtica de \u201cabrazos y besos\u201d, y que el error m\u00e1s grave del Poder Ejecutivo es el de permitir que su Fiscal\u00eda General de la Rep\u00fablica\u00a0 siga brindando impunidad al creador de la narco-pol\u00edtica, por sobre todo el no haber sabido aprovechar la circunstancia para marcar bien, a poco costo, el destino de nuestro M\u00e9xico.<\/span><\/p>\n<p><span style=\"font-size: 14pt;\">Para que entienda Andr\u00e9s Manuel L\u00f3pez Obrador, el Poder Ejecutivo Federal no puede, no debe, no le es permisible, como lo hizo, cometer equivocaciones, yerros e incorrecciones, pues al hacerlo, es ah\u00ed donde se le carga la culpa de su mala forma de gobernar.<\/span><\/p>\n<p><span style=\"font-size: 14pt;\">Seguramente el Primer Magistrado de la Naci\u00f3n seguir\u00e1 cometiendo errores hasta el final; pero la Academia de Derecho Penal del Colegio Nacional de Abogados Foro de M\u00e9xico, considera que ello se debe a su ignorancia en temas jur\u00eddicos. Se repite, pues, que en opini\u00f3n de dicho Ateneo el error principal fue el permitir que su Fiscal General de Justicia haya sido marcadamente omiso en no investigar la impunidad que le brind\u00f3 a la narco-pol\u00edtica el encargado del despacho de su Fiscal\u00eda,\u00a0 precisamente un d\u00eda antes de que protestara el cargo de Presidente Constitucional de los Estados Unidos Mexicanos.<\/span><\/p>\n<p><span style=\"font-size: 14pt;\">El segundo craso error fue el no haber entendido, el no haber querido entender el contenido de nuestra Constituci\u00f3n Pol\u00edtica, la cual exige en su dispositivo 17 una justicia pronta y la aplicaci\u00f3n estricta del C\u00f3digo Penal en contra de la delincuencia, por muy pol\u00edtica que \u00e9sta sea.<\/span><\/p>\n<p><span style=\"font-size: 14pt;\">Hoy a finales de su gobernanza la situaci\u00f3n en justicia sigue siendo incierta; el asunto de la impunidad a la narco-pol\u00edtica sigue floreciendo extraordinariamente confuso para Andr\u00e9s Manuel L\u00f3pez Obrador y nadie sabe con exactitud si existe un plan serio por parte del Ejecutivo para combatirlo, y si hay o no posibilidades verdaderas de llegar a encarcelar al narco-pol\u00edtico neoliberal que cre\u00f3 alianzas con la delincuencia.<\/span><\/p>\n<p><span style=\"font-size: 14pt;\">La abogac\u00eda independiente de la Rep\u00fablica considera que para nada se ha tenido en cuenta el punto de vista de las togas de se\u00f1alamientos delictivos; pero seguramente si se llega a saber la verdad, ese punto quedar\u00e1 cubierto .<\/span><\/p>\n<p>&nbsp;<\/p>\n<p><span style=\"font-size: 14pt;\">Es cu\u00e1nto.<\/span><\/p>\n<p><span style=\"font-size: 14pt;\">Lic. Alberto Woolrich Ort\u00edz.<\/span><\/p>\n","protected":false},"excerpt":{"rendered":"<p>Es muy sabido que a finales de la gobernanza de Andr\u00e9s Manuel L\u00f3pez Obrador la situaci\u00f3n en nuestro M\u00e9xico es<\/p>\n","protected":false},"author":4,"featured_media":3845,"comment_status":"closed","ping_status":"closed","sticky":false,"template":"","format":"standard","meta":{"colormag_page_container_layout":"default_layout","colormag_page_sidebar_layout":"default_layout","_jetpack_memberships_contains_paid_content":false,"footnotes":"","jetpack_publicize_message":"","jetpack_publicize_feature_enabled":true,"jetpack_social_post_already_shared":false,"jetpack_social_options":{"image_generator_settings":{"template":"highway","default_image_id":0,"font":"","enabled":false},"version":2}},"categories":[26],"tags":[],"class_list":["post-43086","post","type-post","status-publish","format-standard","has-post-thumbnail","hentry","category-columnistas"],"jetpack_publicize_connections":[],"jetpack_featured_media_url":"https:\/\/i0.wp.com\/politicosaldesnudo.com.mx\/wp-content\/uploads\/2022\/04\/CABEZAL-ALBERTO-WOOD.png?fit=1816%2C1016&ssl=1","jetpack-related-posts":[],"jetpack_sharing_enabled":true,"_links":{"self":[{"href":"https:\/\/politicosaldesnudo.com.mx\/index.php\/wp-json\/wp\/v2\/posts\/43086","targetHints":{"allow":["GET"]}}],"collection":[{"href":"https:\/\/politicosaldesnudo.com.mx\/index.php\/wp-json\/wp\/v2\/posts"}],"about":[{"href":"https:\/\/politicosaldesnudo.com.mx\/index.php\/wp-json\/wp\/v2\/types\/post"}],"author":[{"embeddable":true,"href":"https:\/\/politicosaldesnudo.com.mx\/index.php\/wp-json\/wp\/v2\/users\/4"}],"replies":[{"embeddable":true,"href":"https:\/\/politicosaldesnudo.com.mx\/index.php\/wp-json\/wp\/v2\/comments?post=43086"}],"version-history":[{"count":0,"href":"https:\/\/politicosaldesnudo.com.mx\/index.php\/wp-json\/wp\/v2\/posts\/43086\/revisions"}],"wp:featuredmedia":[{"embeddable":true,"href":"https:\/\/politicosaldesnudo.com.mx\/index.php\/wp-json\/wp\/v2\/media\/3845"}],"wp:attachment":[{"href":"https:\/\/politicosaldesnudo.com.mx\/index.php\/wp-json\/wp\/v2\/media?parent=43086"}],"wp:term":[{"taxonomy":"category","embeddable":true,"href":"https:\/\/politicosaldesnudo.com.mx\/index.php\/wp-json\/wp\/v2\/categories?post=43086"},{"taxonomy":"post_tag","embeddable":true,"href":"https:\/\/politicosaldesnudo.com.mx\/index.php\/wp-json\/wp\/v2\/tags?post=43086"}],"curies":[{"name":"wp","href":"https:\/\/api.w.org\/{rel}","templated":true}]}}