{"id":43123,"date":"2024-07-31T08:33:51","date_gmt":"2024-07-31T13:33:51","guid":{"rendered":"https:\/\/politicosaldesnudo.com.mx\/?p=43123"},"modified":"2024-07-31T08:33:51","modified_gmt":"2024-07-31T13:33:51","slug":"las-ofertas-de-empleo-en-eu-bajaron-en-junio","status":"publish","type":"post","link":"https:\/\/politicosaldesnudo.com.mx\/index.php\/2024\/07\/31\/las-ofertas-de-empleo-en-eu-bajaron-en-junio\/","title":{"rendered":"Las ofertas de empleo en EU bajaron en junio"},"content":{"rendered":"<p><span style=\"font-size: 14pt;\">Las ofertas de empleo en Estados Unidos cayeron ligeramente en junio, mientras que los datos del mes anterior se revisaron al alza, lo que apunta a una resistencia continua del mercado laboral que apuntala la econom\u00eda estadounidense.<\/span><\/p>\n<p><span style=\"font-size: 14pt;\">Las ofertas de empleo en Estados Unidos cayeron ligeramente en junio, mientras que los datos del mes anterior se revisaron al alza, lo que apunta a una resistencia continua del mercado laboral que apuntala la econom\u00eda estadounidense.<\/span><\/p>\n<p><span style=\"font-size: 14pt;\">Las ofertas de empleo, un indicador de la demanda de mano de obra, cayeron en 46,000 a 8.184 millones el \u00faltimo d\u00eda de junio, inform\u00f3 el martes la Oficina de Estad\u00edsticas Laborales del Departamento de Trabajo en su Encuesta de Ofertas de Empleo y Rotaci\u00f3n Laboral (JOLTS, por sus siglas en ingl\u00e9s).<\/span><\/p>\n<p><span style=\"font-size: 14pt;\">Los datos de mayo se revisaron al alza para mostrar 8.230 millones de puestos sin cubrir, en lugar de los 8.140 millones comunicados anteriormente. Los economistas consultados por Reuters hab\u00edan pronosticado 8 millones de vacantes en junio.<\/span><\/p>\n<p><span style=\"font-size: 14pt;\">Las ofertas de empleo han disminuido desde que alcanzaron la cifra r\u00e9cord de 12.182 millones en marzo del 2022, al moderarse la demanda en respuesta a las agresivas subidas de tasas de inter\u00e9s de la Reserva Federal (Fed).<\/span><\/p>\n<p><span style=\"font-size: 14pt;\">El debilitamiento del mercado laboral se suma a la moderaci\u00f3n de la inflaci\u00f3n para que el banco central estadounidense comience a recortar las tasas en septiembre.<\/span><\/p>\n<p><span style=\"font-size: 14pt;\">Los responsables de la Fed iniciaron ayer su reuni\u00f3n de pol\u00edtica monetaria de dos d\u00edas, donde se espera que hoy mantenga la tasa de inter\u00e9s de referencia a un d\u00eda en el rango de 5.25-5.50%, donde ha estado desde el pasado mes de julio.<\/span><\/p>\n<p><span style=\"font-size: 14pt;\">El banco central estadounidense ha incrementado su tasa de inter\u00e9s oficial en 525 puntos base desde marzo del 2022 para controlar la inflaci\u00f3n.<\/span><\/p>\n","protected":false},"excerpt":{"rendered":"<p>Las ofertas de empleo en Estados Unidos cayeron ligeramente en junio, mientras que los datos del mes anterior se revisaron<\/p>\n","protected":false},"author":4,"featured_media":43124,"comment_status":"closed","ping_status":"closed","sticky":false,"template":"","format":"standard","meta":{"colormag_page_container_layout":"default_layout","colormag_page_sidebar_layout":"default_layout","_jetpack_memberships_contains_paid_content":false,"footnotes":"","jetpack_publicize_message":"","jetpack_publicize_feature_enabled":true,"jetpack_social_post_already_shared":false,"jetpack_social_options":{"image_generator_settings":{"template":"highway","default_image_id":0,"font":"","enabled":false},"version":2}},"categories":[2050],"tags":[],"class_list":["post-43123","post","type-post","status-publish","format-standard","has-post-thumbnail","hentry","category-economia"],"jetpack_publicize_connections":[],"jetpack_featured_media_url":"https:\/\/i0.wp.com\/politicosaldesnudo.com.mx\/wp-content\/uploads\/2024\/07\/desempleo_02.jpg_551917905.jpg?fit=1200%2C678&ssl=1","jetpack-related-posts":[],"jetpack_sharing_enabled":true,"_links":{"self":[{"href":"https:\/\/politicosaldesnudo.com.mx\/index.php\/wp-json\/wp\/v2\/posts\/43123","targetHints":{"allow":["GET"]}}],"collection":[{"href":"https:\/\/politicosaldesnudo.com.mx\/index.php\/wp-json\/wp\/v2\/posts"}],"about":[{"href":"https:\/\/politicosaldesnudo.com.mx\/index.php\/wp-json\/wp\/v2\/types\/post"}],"author":[{"embeddable":true,"href":"https:\/\/politicosaldesnudo.com.mx\/index.php\/wp-json\/wp\/v2\/users\/4"}],"replies":[{"embeddable":true,"href":"https:\/\/politicosaldesnudo.com.mx\/index.php\/wp-json\/wp\/v2\/comments?post=43123"}],"version-history":[{"count":0,"href":"https:\/\/politicosaldesnudo.com.mx\/index.php\/wp-json\/wp\/v2\/posts\/43123\/revisions"}],"wp:featuredmedia":[{"embeddable":true,"href":"https:\/\/politicosaldesnudo.com.mx\/index.php\/wp-json\/wp\/v2\/media\/43124"}],"wp:attachment":[{"href":"https:\/\/politicosaldesnudo.com.mx\/index.php\/wp-json\/wp\/v2\/media?parent=43123"}],"wp:term":[{"taxonomy":"category","embeddable":true,"href":"https:\/\/politicosaldesnudo.com.mx\/index.php\/wp-json\/wp\/v2\/categories?post=43123"},{"taxonomy":"post_tag","embeddable":true,"href":"https:\/\/politicosaldesnudo.com.mx\/index.php\/wp-json\/wp\/v2\/tags?post=43123"}],"curies":[{"name":"wp","href":"https:\/\/api.w.org\/{rel}","templated":true}]}}