{"id":43133,"date":"2024-07-31T08:46:03","date_gmt":"2024-07-31T13:46:03","guid":{"rendered":"https:\/\/politicosaldesnudo.com.mx\/?p=43133"},"modified":"2024-07-31T08:46:03","modified_gmt":"2024-07-31T13:46:03","slug":"coparmex-cdmx-incorpora-inteligencia-artificial-para-impulsar-la-digitalizacion-empresarial","status":"publish","type":"post","link":"https:\/\/politicosaldesnudo.com.mx\/index.php\/2024\/07\/31\/coparmex-cdmx-incorpora-inteligencia-artificial-para-impulsar-la-digitalizacion-empresarial\/","title":{"rendered":"Coparmex CDMX incorpora inteligencia artificial para impulsar la digitalizaci\u00f3n empresarial"},"content":{"rendered":"<p><span style=\"font-size: 14pt;\">El nuevo presidente de la Coparmex, Adalberto Ortiz \u00c1valos, anunci\u00f3 el lanzamiento de una asistente virtual impulsada por inteligencia artificial y una estrategia para promover la digitalizaci\u00f3n en la Ciudad de M\u00e9xico.<\/span><\/p>\n<p><span style=\"font-size: 14pt;\">Durante la toma de protesta de Adal Ortiz \u00c1valos como nuevo presidente de la Confederaci\u00f3n Patronal de la Rep\u00fablica Mexicana (Coparmex) Ciudad de M\u00e9xico, esta tarde, se present\u00f3 una estrategia para enfrentar el desaf\u00edo de la digitalizaci\u00f3n de las empresas en la capital, centrada en la incorporaci\u00f3n de inteligencia artificial.<\/span><\/p>\n<p><span style=\"font-size: 14pt;\">En su discurso, ante funcionarios estatales, el pr\u00f3ximo secretario de Econom\u00eda, Marcelo Ebrard, y representantes del sector empresarial, \u00c1valos revel\u00f3 el lanzamiento de una asistente virtual impulsada por inteligencia artificial que se integrar\u00e1 en las operaciones de la Coparmex.<\/span><\/p>\n<p><span style=\"font-size: 14pt;\">La asistente virtual, \u00abLuisa\u00bb, ofrecer\u00e1 una gama de funcionalidades dise\u00f1adas para los socios, incluyendo l\u00ednea de ayuda, y asesoramiento personalizado; la implementaci\u00f3n de esta tecnolog\u00eda tiene como objetivo facilitar procesos y fortalecer el v\u00ednculo entre los empresarios y la organizaci\u00f3n.<\/span><\/p>\n<p><span style=\"font-size: 14pt;\">Formalizaci\u00f3n de la econom\u00eda<\/span><br \/>\n<span style=\"font-size: 14pt;\">La informalidad en la Ciudad de M\u00e9xico es un tema urgente que requiere atenci\u00f3n inmediata debido a su impacto negativo en la econom\u00eda y la calidad de vida de los ciudadanos, por lo que la administraci\u00f3n entrante se est\u00e1 concentrando en abordar esta situaci\u00f3n, para fomentar una econom\u00eda m\u00e1s inclusiva y resiliente, en la que todos los actores puedan contribuir y beneficiarse de manera equitativa, se\u00f1alaron los empresarios.<\/span><\/p>\n<p><span style=\"font-size: 14pt;\">\u00c1valos subray\u00f3 la importancia de la educaci\u00f3n financiera como un componente clave en la transici\u00f3n hacia la formalizaci\u00f3n, ya que muchos empresarios en la informalidad carecen de acceso a servicios financieros como cr\u00e9ditos y seguros, lo que limita su capacidad de crecimiento y aumenta su vulnerabilidad.<\/span><\/p>\n<p><span style=\"font-size: 14pt;\">\u201cEnfrentar la informalidad es crucial para el desarrollo econ\u00f3mico de la Ciudad de M\u00e9xico, no solo se trata de regularizar negocios, sino de brindar apoyo y educaci\u00f3n financiera para que los emprendedores puedan integrarse al sector formal, donde se les garantizan derechos y oportunidades que no tienen en la informalidad\u201d, detall\u00f3.<\/span><\/p>\n<p><span style=\"font-size: 14pt;\">El nuevo presidente de la Coparmex Ciudad de M\u00e9xico enfatiz\u00f3 la necesidad de abordar la informalidad con empat\u00eda y apoyo, en lugar de castigar a los empresarios informales, \u00abse buscar\u00e1 motivarlos y guiarlos en el proceso de integraci\u00f3n al sector formal\u00bb.<\/span><\/p>\n<p><span style=\"font-size: 14pt;\">\u00c1valos tambi\u00e9n mencion\u00f3 la intenci\u00f3n de la Coparmex de colaborar estrechamente con el gobierno entrante para desarrollar pol\u00edticas p\u00fablicas enfocadas en este eje, esto incluir\u00e1 la simplificaci\u00f3n de tr\u00e1mites y la creaci\u00f3n de un entorno m\u00e1s favorable para los negocios formales.<\/span><\/p>\n<p><span style=\"font-size: 14pt;\">La colaboraci\u00f3n con las autoridades tambi\u00e9n se abocar\u00e1 en dise\u00f1ar leyes y mecanismos institucionales que fortalezcan el tejido empresarial y combatan la informalidad.<\/span><\/p>\n<p><span style=\"font-size: 14pt;\">Finalmente, el presidente de la Coparmex se\u00f1al\u00f3 que la organizaci\u00f3n participar\u00e1 activamente en el dise\u00f1o de proyectos estrat\u00e9gicos y pol\u00edticas p\u00fablicas que mejoren el ambiente de negocios en la Ciudad de M\u00e9xico.<\/span><\/p>\n<p><span style=\"font-size: 14pt;\">\u00c1valos hizo hincapi\u00e9 en la importancia de evaluar y dar seguimiento a los avances en materia econ\u00f3mica y social, para asegurar que las soluciones implementadas sean efectivas y adaptativas.<\/span><\/p>\n","protected":false},"excerpt":{"rendered":"<p>El nuevo presidente de la Coparmex, Adalberto Ortiz \u00c1valos, anunci\u00f3 el lanzamiento de una asistente virtual impulsada por inteligencia artificial<\/p>\n","protected":false},"author":4,"featured_media":43134,"comment_status":"closed","ping_status":"closed","sticky":false,"template":"","format":"standard","meta":{"colormag_page_container_layout":"default_layout","colormag_page_sidebar_layout":"default_layout","_jetpack_memberships_contains_paid_content":false,"footnotes":"","jetpack_publicize_message":"","jetpack_publicize_feature_enabled":true,"jetpack_social_post_already_shared":false,"jetpack_social_options":{"image_generator_settings":{"template":"highway","default_image_id":0,"font":"","enabled":false},"version":2}},"categories":[30],"tags":[],"class_list":["post-43133","post","type-post","status-publish","format-standard","has-post-thumbnail","hentry","category-estados"],"jetpack_publicize_connections":[],"jetpack_featured_media_url":"https:\/\/i0.wp.com\/politicosaldesnudo.com.mx\/wp-content\/uploads\/2024\/07\/adal_ortiz_avalos_coparmex_cdmx_cortesia.png_554688468.png?fit=1200%2C675&ssl=1","jetpack-related-posts":[],"jetpack_sharing_enabled":true,"_links":{"self":[{"href":"https:\/\/politicosaldesnudo.com.mx\/index.php\/wp-json\/wp\/v2\/posts\/43133","targetHints":{"allow":["GET"]}}],"collection":[{"href":"https:\/\/politicosaldesnudo.com.mx\/index.php\/wp-json\/wp\/v2\/posts"}],"about":[{"href":"https:\/\/politicosaldesnudo.com.mx\/index.php\/wp-json\/wp\/v2\/types\/post"}],"author":[{"embeddable":true,"href":"https:\/\/politicosaldesnudo.com.mx\/index.php\/wp-json\/wp\/v2\/users\/4"}],"replies":[{"embeddable":true,"href":"https:\/\/politicosaldesnudo.com.mx\/index.php\/wp-json\/wp\/v2\/comments?post=43133"}],"version-history":[{"count":0,"href":"https:\/\/politicosaldesnudo.com.mx\/index.php\/wp-json\/wp\/v2\/posts\/43133\/revisions"}],"wp:featuredmedia":[{"embeddable":true,"href":"https:\/\/politicosaldesnudo.com.mx\/index.php\/wp-json\/wp\/v2\/media\/43134"}],"wp:attachment":[{"href":"https:\/\/politicosaldesnudo.com.mx\/index.php\/wp-json\/wp\/v2\/media?parent=43133"}],"wp:term":[{"taxonomy":"category","embeddable":true,"href":"https:\/\/politicosaldesnudo.com.mx\/index.php\/wp-json\/wp\/v2\/categories?post=43133"},{"taxonomy":"post_tag","embeddable":true,"href":"https:\/\/politicosaldesnudo.com.mx\/index.php\/wp-json\/wp\/v2\/tags?post=43133"}],"curies":[{"name":"wp","href":"https:\/\/api.w.org\/{rel}","templated":true}]}}