{"id":4314,"date":"2022-04-25T00:00:35","date_gmt":"2022-04-25T05:00:35","guid":{"rendered":"https:\/\/politicosaldesnudo.com.mx\/?p=4314"},"modified":"2022-04-23T05:32:58","modified_gmt":"2022-04-23T10:32:58","slug":"debanhy-y-el-machismo","status":"publish","type":"post","link":"https:\/\/politicosaldesnudo.com.mx\/index.php\/2022\/04\/25\/debanhy-y-el-machismo\/","title":{"rendered":"Debanhy y el machismo"},"content":{"rendered":"<p>&nbsp;<\/p>\n<p><strong><span style=\"font-size: 18pt;\">Por Ricardo Homs<\/span><\/strong><\/p>\n<p class=\"p1\"><strong><span style=\"font-size: 14pt;\">La muerte de Debanhy Escobar nos recuerda una vez m\u00e1s un problema dif\u00edcil de resolver: la violencia en contra de la mujer.<span class=\"Apple-converted-space\">\u00a0<\/span><\/span><\/strong><\/p>\n<p class=\"p1\"><span style=\"font-size: 14pt;\"><strong>El caso de Debahny<\/strong>, -la joven abandonada a las cinco de la ma\u00f1ana en la carretera que va de Monterrey a Nuevo Laredo-, se convirti\u00f3 en una noticia nacional que conmovi\u00f3 a la opini\u00f3n p\u00fablica, principalmente <strong>por el coraje y determinaci\u00f3n de sus padres por encontrarla<\/strong>, hasta que su cuerpo fue descubierto en una cisterna de un motel. Sin embargo, este <strong>caso tuvo exposici\u00f3n medi\u00e1tica y por ello la fiscal\u00eda de Nuevo Le\u00f3n le dedic\u00f3 recursos, tiempo y esfuerzo en encontrarla.<\/strong><\/span><\/p>\n<p class=\"p1\"><span style=\"font-size: 14pt;\">Sin embargo, no todas las v\u00edctimas tienen la atenci\u00f3n de las autoridades, e incluso, se cometen graves injusticias que quedan impunes.<\/span><\/p>\n<blockquote>\n<p class=\"p1\"><span style=\"font-size: 14pt;\">Este grave problema podemos considerar tiene m\u00faltiples manifestaciones: desde la violencia dom\u00e9stica, que puede concluir en feminicidio, hasta las agresiones sexuales, e incluso desapariciones forzadas que seguramente se originan como parte del negocio de trata de personas con fines de comercio sexual.<\/span><\/p>\n<\/blockquote>\n<p class=\"p1\"><span style=\"font-size: 14pt;\">Como ejemplo de las <strong>injusticias cotidianas que viven las mujeres en M\u00e9xico<\/strong> est\u00e1 el caso de <strong>Roxana<\/strong>.<span class=\"Apple-converted-space\">\u00a0<\/span><\/span><\/p>\n<p class=\"p1\"><span style=\"font-size: 14pt;\">\u00bfPor qu\u00e9 los jueces Vicente Guadarrama, Alheli Segura y Norma Ang\u00e9lica Delgado del tribunal de Texcoco revocaron las medidas cautelares que otorgaban libertad provisional a Roxana Ruiz para que enfrentara su proceso en libertad?<\/span><\/p>\n<p class=\"p1\"><span style=\"font-size: 14pt;\"><strong>Roxana<\/strong>, -joven oaxaque\u00f1a-, <strong>mat\u00f3 en leg\u00edtima defensa a su violador en mayo del 2021 en Ciudad Netzahualc\u00f3yotl, Estado de M\u00e9xico<\/strong>, al defenderse de la agresi\u00f3n, por lo que originalmente <strong>fue condenada a prisi\u00f3n preventiva<\/strong>. Sin embargo, el pasado 15 de febrero fue liberada por orden de un juez. Sin embargo, los tres jueces antes mencionados revocaron la libertad provisional. \u00bfPor qu\u00e9 lo hicieron?<\/span><\/p>\n<p class=\"p1\"><strong><span style=\"font-size: 14pt;\">Es m\u00e1s, cuando fue aprehendida no le realizaron pruebas periciales, ni examen m\u00e9dico, ni psicol\u00f3gico, ni tampoco le tomaron declaraci\u00f3n en su calidad de v\u00edctima de violaci\u00f3n.<\/span><\/strong><\/p>\n<p class=\"p1\"><span style=\"font-size: 14pt;\">Contra todo lo que se diga, el detonante de <strong>la violencia contra la mujer se origina en la actitud machista<\/strong> que prevalece en casi todas las estructuras de procuraci\u00f3n de justicia de este pa\u00eds, que se <strong>convierte en indiferencia frente a los delitos de g\u00e9nero<\/strong> y a veces, incluso en actitudes agresivas, sarc\u00e1sticas o hasta c\u00f3mplices de los agresores.<\/span><\/p>\n<p class=\"p1\"><span style=\"font-size: 14pt;\">La mujer que llega a denunciar violencia de g\u00e9nero, si pertenece a los estratos poblacionales y sociales bajos, su denuncia es ignorada tanto por polic\u00edas, como por ministerios p\u00fablicos e incluso por los niveles m\u00e1s b\u00e1sicos de los juzgados. <strong>Cuando la violencia crece y culmina en un asesinato, -que ahora se clasifica como feminicidio-, es cuando por fin las autoridades reaccionan.<\/strong><\/span><\/p>\n<p class=\"p1\"><strong><span style=\"font-size: 14pt;\">Si las denuncias se mantienen en bajo perfil, con toda seguridad ser\u00e1n archivadas e ignoradas.<\/span><\/strong><\/p>\n<p class=\"p1\"><span style=\"font-size: 14pt;\">Muchas veces las v\u00edctimas acusan las actitudes morbosas de los funcionarios que les atienden. Otras veces los funcionarios del juzgado, -as\u00ed como los polic\u00edas-, terminan sugiriendo a la v\u00edctima que no pierda su tiempo presentando denuncia porque no va a prosperar.<\/span><\/p>\n<blockquote>\n<p class=\"p1\"><span style=\"font-size: 14pt;\">Otras veces a cambio de una gratificaci\u00f3n los funcionarios del juzgado comparten los datos de contacto de las v\u00edctimas que denuncian, con sus agresores, por lo que estos, o sus familiares, o incluso c\u00f3mplices, se dedican a acosar a la denunciante para que retire la demanda.<\/span><\/p>\n<\/blockquote>\n<p class=\"p1\"><span style=\"font-size: 14pt;\">Llama la atenci\u00f3n que no s\u00f3lo los funcionarios del g\u00e9nero masculino asumen actitudes machistas, sino tambi\u00e9n las funcionarias, que, con evidente ausencia de sororidad, tratan despectivamente a las v\u00edctimas.<\/span><\/p>\n<p class=\"p1\"><span style=\"font-size: 14pt;\">Llama la atenci\u00f3n que de los <strong>tres jueces que regresan a Roxana a la c\u00e1rcel aplicando prisi\u00f3n preventiva, dos son mujeres<\/strong>, no obstante que ella no representa un peligro para la sociedad e incluso n<strong>unca dej\u00f3 de ir a firmar como lo marca la ley<\/strong>.<\/span><\/p>\n<p class=\"p1\"><strong><span style=\"font-size: 14pt;\">Es urgente atender esta problem\u00e1tica dentro del poder judicial.<\/span><\/strong><\/p>\n<p>&nbsp;<\/p>\n<p class=\"p1\"><strong><span style=\"font-size: 18pt;\">\u00bfA usted qu\u00e9 le parece?<\/span><\/strong><\/p>\n<p>&nbsp;<\/p>\n<p class=\"p1\"><strong><span style=\"font-size: 14pt;\">Facebook:<a href=\"https:\/\/www.facebook.com\/Ricardo.Homs1\">@Ricardo.Homs1<\/a><\/span><\/strong><\/p>\n<p class=\"p1\"><strong><span style=\"font-size: 14pt;\">Twitter: <\/span><\/strong><a href=\"https:\/\/twitter.com\/homsricardo\"><strong><span style=\"font-size: 14pt;\">@homsricardo<\/span><\/strong><\/a><\/p>\n<p class=\"p1\"><strong><span style=\"font-size: 14pt;\">Linkedin: <a href=\"https:\/\/www.linkedin.com\/in\/ricardo-homs-3920449\/?originalSubdomain=mx\">RicardoHoms<\/a><\/span><\/strong><\/p>\n<p class=\"p1\"><a href=\"https:\/\/ricardohoms.com\/\"><strong><span style=\"font-size: 14pt;\">www.ricardohoms.com<\/span><\/strong><\/a><\/p>\n<p>&nbsp;<\/p>\n<p>&nbsp;<\/p>\n<p>&nbsp;<\/p>\n","protected":false},"excerpt":{"rendered":"<p>&nbsp; Por Ricardo Homs La muerte de Debanhy Escobar nos recuerda una vez m\u00e1s un problema dif\u00edcil de resolver: la [&hellip;]<\/p>\n","protected":false},"author":4,"featured_media":3778,"comment_status":"closed","ping_status":"closed","sticky":false,"template":"","format":"standard","meta":{"site-sidebar-layout":"default","site-content-layout":"","ast-site-content-layout":"default","site-content-style":"default","site-sidebar-style":"default","ast-global-header-display":"","ast-banner-title-visibility":"","ast-main-header-display":"","ast-hfb-above-header-display":"","ast-hfb-below-header-display":"","ast-hfb-mobile-header-display":"","site-post-title":"","ast-breadcrumbs-content":"","ast-featured-img":"","footer-sml-layout":"","ast-disable-related-posts":"","theme-transparent-header-meta":"","adv-header-id-meta":"","stick-header-meta":"","header-above-stick-meta":"","header-main-stick-meta":"","header-below-stick-meta":"","astra-migrate-meta-layouts":"default","ast-page-background-enabled":"default","ast-page-background-meta":{"desktop":{"background-color":"var(--ast-global-color-5)","background-image":"","background-repeat":"repeat","background-position":"center center","background-size":"auto","background-attachment":"scroll","background-type":"","background-media":"","overlay-type":"","overlay-color":"","overlay-opacity":"","overlay-gradient":""},"tablet":{"background-color":"","background-image":"","background-repeat":"repeat","background-position":"center center","background-size":"auto","background-attachment":"scroll","background-type":"","background-media":"","overlay-type":"","overlay-color":"","overlay-opacity":"","overlay-gradient":""},"mobile":{"background-color":"","background-image":"","background-repeat":"repeat","background-position":"center center","background-size":"auto","background-attachment":"scroll","background-type":"","background-media":"","overlay-type":"","overlay-color":"","overlay-opacity":"","overlay-gradient":""}},"ast-content-background-meta":{"desktop":{"background-color":"var(--ast-global-color-4)","background-image":"","background-repeat":"repeat","background-position":"center center","background-size":"auto","background-attachment":"scroll","background-type":"","background-media":"","overlay-type":"","overlay-color":"","overlay-opacity":"","overlay-gradient":""},"tablet":{"background-color":"var(--ast-global-color-4)","background-image":"","background-repeat":"repeat","background-position":"center center","background-size":"auto","background-attachment":"scroll","background-type":"","background-media":"","overlay-type":"","overlay-color":"","overlay-opacity":"","overlay-gradient":""},"mobile":{"background-color":"var(--ast-global-color-4)","background-image":"","background-repeat":"repeat","background-position":"center center","background-size":"auto","background-attachment":"scroll","background-type":"","background-media":"","overlay-type":"","overlay-color":"","overlay-opacity":"","overlay-gradient":""}},"_jetpack_newsletter_access":"","_jetpack_dont_email_post_to_subs":false,"_jetpack_newsletter_tier_id":0,"_jetpack_memberships_contains_paywalled_content":false,"_jetpack_feature_clip_id":0,"_jetpack_memberships_contains_paid_content":false,"footnotes":"","jetpack_publicize_message":"","jetpack_publicize_feature_enabled":true,"jetpack_social_post_already_shared":false,"jetpack_social_options":{"image_generator_settings":{"template":"highway","default_image_id":0,"font":"","enabled":false},"version":2},"jetpack_post_was_ever_published":false},"categories":[26],"tags":[519,211,66],"class_list":["post-4314","post","type-post","status-publish","format-standard","has-post-thumbnail","hentry","category-columnistas","tag-debahni-escobar","tag-feminicidio","tag-nuevo-leon"],"yoast_head":"<!-- This site is optimized with the Yoast SEO plugin v28.3 - https:\/\/yoast.com\/product\/yoast-seo-wordpress\/ -->\n<title>Debanhy y el machismo - Pol\u00edticos al Desnudo<\/title>\n<meta name=\"robots\" content=\"index, follow, max-snippet:-1, max-image-preview:large, max-video-preview:-1\" \/>\n<link rel=\"canonical\" href=\"https:\/\/politicosaldesnudo.com.mx\/index.php\/2022\/04\/25\/debanhy-y-el-machismo\/\" \/>\n<meta property=\"og:locale\" content=\"es_ES\" \/>\n<meta property=\"og:type\" content=\"article\" \/>\n<meta property=\"og:title\" content=\"Debanhy y el machismo - Pol\u00edticos al Desnudo\" \/>\n<meta property=\"og:description\" content=\"&nbsp; Por Ricardo Homs La muerte de Debanhy Escobar nos recuerda una vez m\u00e1s un problema dif\u00edcil de resolver: la [&hellip;]\" \/>\n<meta property=\"og:url\" content=\"https:\/\/politicosaldesnudo.com.mx\/index.php\/2022\/04\/25\/debanhy-y-el-machismo\/\" \/>\n<meta property=\"og:site_name\" content=\"Pol\u00edticos al Desnudo\" \/>\n<meta property=\"article:publisher\" content=\"https:\/\/www.facebook.com\/PoliticosAD\" \/>\n<meta property=\"article:published_time\" content=\"2022-04-25T05:00:35+00:00\" \/>\n<meta property=\"og:image\" content=\"https:\/\/i0.wp.com\/politicosaldesnudo.com.mx\/wp-content\/uploads\/2022\/04\/RICARDO-HOMS.png?fit=1816%2C1016&ssl=1\" \/>\n\t<meta property=\"og:image:width\" content=\"1816\" \/>\n\t<meta property=\"og:image:height\" content=\"1016\" \/>\n\t<meta property=\"og:image:type\" content=\"image\/png\" \/>\n<meta name=\"author\" content=\"Redacci\u00f3n Pol\u00edticos\" \/>\n<meta name=\"twitter:card\" content=\"summary_large_image\" \/>\n<meta name=\"twitter:label1\" content=\"Escrito por\" \/>\n\t<meta name=\"twitter:data1\" content=\"Redacci\u00f3n Pol\u00edticos\" \/>\n\t<meta name=\"twitter:label2\" content=\"Tiempo de lectura\" \/>\n\t<meta name=\"twitter:data2\" content=\"3 minutos\" \/>\n<script type=\"application\/ld+json\" class=\"yoast-schema-graph\">{\"@context\":\"https:\\\/\\\/schema.org\",\"@graph\":[{\"@type\":\"Article\",\"@id\":\"https:\\\/\\\/politicosaldesnudo.com.mx\\\/index.php\\\/2022\\\/04\\\/25\\\/debanhy-y-el-machismo\\\/#article\",\"isPartOf\":{\"@id\":\"https:\\\/\\\/politicosaldesnudo.com.mx\\\/index.php\\\/2022\\\/04\\\/25\\\/debanhy-y-el-machismo\\\/\"},\"author\":{\"name\":\"Redacci\u00f3n Pol\u00edticos\",\"@id\":\"https:\\\/\\\/politicosaldesnudo.com.mx\\\/#\\\/schema\\\/person\\\/ef3a64e561cc3f3f5dc52fab81adde7e\"},\"headline\":\"Debanhy y el machismo\",\"datePublished\":\"2022-04-25T05:00:35+00:00\",\"mainEntityOfPage\":{\"@id\":\"https:\\\/\\\/politicosaldesnudo.com.mx\\\/index.php\\\/2022\\\/04\\\/25\\\/debanhy-y-el-machismo\\\/\"},\"wordCount\":692,\"publisher\":{\"@id\":\"https:\\\/\\\/politicosaldesnudo.com.mx\\\/#organization\"},\"image\":{\"@id\":\"https:\\\/\\\/politicosaldesnudo.com.mx\\\/index.php\\\/2022\\\/04\\\/25\\\/debanhy-y-el-machismo\\\/#primaryimage\"},\"thumbnailUrl\":\"https:\\\/\\\/i0.wp.com\\\/politicosaldesnudo.com.mx\\\/wp-content\\\/uploads\\\/2022\\\/04\\\/RICARDO-HOMS.png?fit=1816%2C1016&ssl=1\",\"keywords\":[\"DEBAHNI ESCOBAR\",\"FEMINICIDIO\",\"NUEVO LE\u00d3N\"],\"articleSection\":[\"OPINI\u00d3N\"],\"inLanguage\":\"es\"},{\"@type\":\"WebPage\",\"@id\":\"https:\\\/\\\/politicosaldesnudo.com.mx\\\/index.php\\\/2022\\\/04\\\/25\\\/debanhy-y-el-machismo\\\/\",\"url\":\"https:\\\/\\\/politicosaldesnudo.com.mx\\\/index.php\\\/2022\\\/04\\\/25\\\/debanhy-y-el-machismo\\\/\",\"name\":\"Debanhy y el machismo - Pol\u00edticos al Desnudo\",\"isPartOf\":{\"@id\":\"https:\\\/\\\/politicosaldesnudo.com.mx\\\/#website\"},\"primaryImageOfPage\":{\"@id\":\"https:\\\/\\\/politicosaldesnudo.com.mx\\\/index.php\\\/2022\\\/04\\\/25\\\/debanhy-y-el-machismo\\\/#primaryimage\"},\"image\":{\"@id\":\"https:\\\/\\\/politicosaldesnudo.com.mx\\\/index.php\\\/2022\\\/04\\\/25\\\/debanhy-y-el-machismo\\\/#primaryimage\"},\"thumbnailUrl\":\"https:\\\/\\\/i0.wp.com\\\/politicosaldesnudo.com.mx\\\/wp-content\\\/uploads\\\/2022\\\/04\\\/RICARDO-HOMS.png?fit=1816%2C1016&ssl=1\",\"datePublished\":\"2022-04-25T05:00:35+00:00\",\"breadcrumb\":{\"@id\":\"https:\\\/\\\/politicosaldesnudo.com.mx\\\/index.php\\\/2022\\\/04\\\/25\\\/debanhy-y-el-machismo\\\/#breadcrumb\"},\"inLanguage\":\"es\",\"potentialAction\":[{\"@type\":\"ReadAction\",\"target\":[\"https:\\\/\\\/politicosaldesnudo.com.mx\\\/index.php\\\/2022\\\/04\\\/25\\\/debanhy-y-el-machismo\\\/\"]}]},{\"@type\":\"ImageObject\",\"inLanguage\":\"es\",\"@id\":\"https:\\\/\\\/politicosaldesnudo.com.mx\\\/index.php\\\/2022\\\/04\\\/25\\\/debanhy-y-el-machismo\\\/#primaryimage\",\"url\":\"https:\\\/\\\/i0.wp.com\\\/politicosaldesnudo.com.mx\\\/wp-content\\\/uploads\\\/2022\\\/04\\\/RICARDO-HOMS.png?fit=1816%2C1016&ssl=1\",\"contentUrl\":\"https:\\\/\\\/i0.wp.com\\\/politicosaldesnudo.com.mx\\\/wp-content\\\/uploads\\\/2022\\\/04\\\/RICARDO-HOMS.png?fit=1816%2C1016&ssl=1\",\"width\":1816,\"height\":1016},{\"@type\":\"BreadcrumbList\",\"@id\":\"https:\\\/\\\/politicosaldesnudo.com.mx\\\/index.php\\\/2022\\\/04\\\/25\\\/debanhy-y-el-machismo\\\/#breadcrumb\",\"itemListElement\":[{\"@type\":\"ListItem\",\"position\":1,\"name\":\"Portada\",\"item\":\"https:\\\/\\\/politicosaldesnudo.com.mx\\\/\"},{\"@type\":\"ListItem\",\"position\":2,\"name\":\"Debanhy y el machismo\"}]},{\"@type\":\"WebSite\",\"@id\":\"https:\\\/\\\/politicosaldesnudo.com.mx\\\/#website\",\"url\":\"https:\\\/\\\/politicosaldesnudo.com.mx\\\/\",\"name\":\"Pol\u00edticos al Desnudo\",\"description\":\"\",\"publisher\":{\"@id\":\"https:\\\/\\\/politicosaldesnudo.com.mx\\\/#organization\"},\"potentialAction\":[{\"@type\":\"SearchAction\",\"target\":{\"@type\":\"EntryPoint\",\"urlTemplate\":\"https:\\\/\\\/politicosaldesnudo.com.mx\\\/?s={search_term_string}\"},\"query-input\":{\"@type\":\"PropertyValueSpecification\",\"valueRequired\":true,\"valueName\":\"search_term_string\"}}],\"inLanguage\":\"es\"},{\"@type\":\"Organization\",\"@id\":\"https:\\\/\\\/politicosaldesnudo.com.mx\\\/#organization\",\"name\":\"Pol\u00edticos al Desnudo\",\"url\":\"https:\\\/\\\/politicosaldesnudo.com.mx\\\/\",\"logo\":{\"@type\":\"ImageObject\",\"inLanguage\":\"es\",\"@id\":\"https:\\\/\\\/politicosaldesnudo.com.mx\\\/#\\\/schema\\\/logo\\\/image\\\/\",\"url\":\"https:\\\/\\\/i0.wp.com\\\/politicosaldesnudo.com.mx\\\/wp-content\\\/uploads\\\/2026\\\/08\\\/cropped-logo.webp?fit=400%2C126&ssl=1\",\"contentUrl\":\"https:\\\/\\\/i0.wp.com\\\/politicosaldesnudo.com.mx\\\/wp-content\\\/uploads\\\/2026\\\/08\\\/cropped-logo.webp?fit=400%2C126&ssl=1\",\"width\":400,\"height\":126,\"caption\":\"Pol\u00edticos al Desnudo\"},\"image\":{\"@id\":\"https:\\\/\\\/politicosaldesnudo.com.mx\\\/#\\\/schema\\\/logo\\\/image\\\/\"},\"sameAs\":[\"https:\\\/\\\/www.facebook.com\\\/PoliticosAD\"]},{\"@type\":\"Person\",\"@id\":\"https:\\\/\\\/politicosaldesnudo.com.mx\\\/#\\\/schema\\\/person\\\/ef3a64e561cc3f3f5dc52fab81adde7e\",\"name\":\"Redacci\u00f3n Pol\u00edticos\",\"url\":\"https:\\\/\\\/politicosaldesnudo.com.mx\\\/index.php\\\/author\\\/redaccion-politicos\\\/\"}]}<\/script>\n<!-- \/ Yoast SEO plugin. -->","yoast_head_json":{"title":"Debanhy y el machismo - Pol\u00edticos al Desnudo","robots":{"index":"index","follow":"follow","max-snippet":"max-snippet:-1","max-image-preview":"max-image-preview:large","max-video-preview":"max-video-preview:-1"},"canonical":"https:\/\/politicosaldesnudo.com.mx\/index.php\/2022\/04\/25\/debanhy-y-el-machismo\/","og_locale":"es_ES","og_type":"article","og_title":"Debanhy y el machismo - Pol\u00edticos al Desnudo","og_description":"&nbsp; Por Ricardo Homs La muerte de Debanhy Escobar nos recuerda una vez m\u00e1s un problema dif\u00edcil de resolver: la [&hellip;]","og_url":"https:\/\/politicosaldesnudo.com.mx\/index.php\/2022\/04\/25\/debanhy-y-el-machismo\/","og_site_name":"Pol\u00edticos al Desnudo","article_publisher":"https:\/\/www.facebook.com\/PoliticosAD","article_published_time":"2022-04-25T05:00:35+00:00","og_image":[{"width":1816,"height":1016,"url":"https:\/\/i0.wp.com\/politicosaldesnudo.com.mx\/wp-content\/uploads\/2022\/04\/RICARDO-HOMS.png?fit=1816%2C1016&ssl=1","type":"image\/png"}],"author":"Redacci\u00f3n Pol\u00edticos","twitter_card":"summary_large_image","twitter_misc":{"Escrito por":"Redacci\u00f3n Pol\u00edticos","Tiempo de lectura":"3 minutos"},"schema":{"@context":"https:\/\/schema.org","@graph":[{"@type":"Article","@id":"https:\/\/politicosaldesnudo.com.mx\/index.php\/2022\/04\/25\/debanhy-y-el-machismo\/#article","isPartOf":{"@id":"https:\/\/politicosaldesnudo.com.mx\/index.php\/2022\/04\/25\/debanhy-y-el-machismo\/"},"author":{"name":"Redacci\u00f3n Pol\u00edticos","@id":"https:\/\/politicosaldesnudo.com.mx\/#\/schema\/person\/ef3a64e561cc3f3f5dc52fab81adde7e"},"headline":"Debanhy y el machismo","datePublished":"2022-04-25T05:00:35+00:00","mainEntityOfPage":{"@id":"https:\/\/politicosaldesnudo.com.mx\/index.php\/2022\/04\/25\/debanhy-y-el-machismo\/"},"wordCount":692,"publisher":{"@id":"https:\/\/politicosaldesnudo.com.mx\/#organization"},"image":{"@id":"https:\/\/politicosaldesnudo.com.mx\/index.php\/2022\/04\/25\/debanhy-y-el-machismo\/#primaryimage"},"thumbnailUrl":"https:\/\/i0.wp.com\/politicosaldesnudo.com.mx\/wp-content\/uploads\/2022\/04\/RICARDO-HOMS.png?fit=1816%2C1016&ssl=1","keywords":["DEBAHNI ESCOBAR","FEMINICIDIO","NUEVO LE\u00d3N"],"articleSection":["OPINI\u00d3N"],"inLanguage":"es"},{"@type":"WebPage","@id":"https:\/\/politicosaldesnudo.com.mx\/index.php\/2022\/04\/25\/debanhy-y-el-machismo\/","url":"https:\/\/politicosaldesnudo.com.mx\/index.php\/2022\/04\/25\/debanhy-y-el-machismo\/","name":"Debanhy y el machismo - Pol\u00edticos al Desnudo","isPartOf":{"@id":"https:\/\/politicosaldesnudo.com.mx\/#website"},"primaryImageOfPage":{"@id":"https:\/\/politicosaldesnudo.com.mx\/index.php\/2022\/04\/25\/debanhy-y-el-machismo\/#primaryimage"},"image":{"@id":"https:\/\/politicosaldesnudo.com.mx\/index.php\/2022\/04\/25\/debanhy-y-el-machismo\/#primaryimage"},"thumbnailUrl":"https:\/\/i0.wp.com\/politicosaldesnudo.com.mx\/wp-content\/uploads\/2022\/04\/RICARDO-HOMS.png?fit=1816%2C1016&ssl=1","datePublished":"2022-04-25T05:00:35+00:00","breadcrumb":{"@id":"https:\/\/politicosaldesnudo.com.mx\/index.php\/2022\/04\/25\/debanhy-y-el-machismo\/#breadcrumb"},"inLanguage":"es","potentialAction":[{"@type":"ReadAction","target":["https:\/\/politicosaldesnudo.com.mx\/index.php\/2022\/04\/25\/debanhy-y-el-machismo\/"]}]},{"@type":"ImageObject","inLanguage":"es","@id":"https:\/\/politicosaldesnudo.com.mx\/index.php\/2022\/04\/25\/debanhy-y-el-machismo\/#primaryimage","url":"https:\/\/i0.wp.com\/politicosaldesnudo.com.mx\/wp-content\/uploads\/2022\/04\/RICARDO-HOMS.png?fit=1816%2C1016&ssl=1","contentUrl":"https:\/\/i0.wp.com\/politicosaldesnudo.com.mx\/wp-content\/uploads\/2022\/04\/RICARDO-HOMS.png?fit=1816%2C1016&ssl=1","width":1816,"height":1016},{"@type":"BreadcrumbList","@id":"https:\/\/politicosaldesnudo.com.mx\/index.php\/2022\/04\/25\/debanhy-y-el-machismo\/#breadcrumb","itemListElement":[{"@type":"ListItem","position":1,"name":"Portada","item":"https:\/\/politicosaldesnudo.com.mx\/"},{"@type":"ListItem","position":2,"name":"Debanhy y el machismo"}]},{"@type":"WebSite","@id":"https:\/\/politicosaldesnudo.com.mx\/#website","url":"https:\/\/politicosaldesnudo.com.mx\/","name":"Pol\u00edticos al Desnudo","description":"","publisher":{"@id":"https:\/\/politicosaldesnudo.com.mx\/#organization"},"potentialAction":[{"@type":"SearchAction","target":{"@type":"EntryPoint","urlTemplate":"https:\/\/politicosaldesnudo.com.mx\/?s={search_term_string}"},"query-input":{"@type":"PropertyValueSpecification","valueRequired":true,"valueName":"search_term_string"}}],"inLanguage":"es"},{"@type":"Organization","@id":"https:\/\/politicosaldesnudo.com.mx\/#organization","name":"Pol\u00edticos al Desnudo","url":"https:\/\/politicosaldesnudo.com.mx\/","logo":{"@type":"ImageObject","inLanguage":"es","@id":"https:\/\/politicosaldesnudo.com.mx\/#\/schema\/logo\/image\/","url":"https:\/\/i0.wp.com\/politicosaldesnudo.com.mx\/wp-content\/uploads\/2026\/08\/cropped-logo.webp?fit=400%2C126&ssl=1","contentUrl":"https:\/\/i0.wp.com\/politicosaldesnudo.com.mx\/wp-content\/uploads\/2026\/08\/cropped-logo.webp?fit=400%2C126&ssl=1","width":400,"height":126,"caption":"Pol\u00edticos al Desnudo"},"image":{"@id":"https:\/\/politicosaldesnudo.com.mx\/#\/schema\/logo\/image\/"},"sameAs":["https:\/\/www.facebook.com\/PoliticosAD"]},{"@type":"Person","@id":"https:\/\/politicosaldesnudo.com.mx\/#\/schema\/person\/ef3a64e561cc3f3f5dc52fab81adde7e","name":"Redacci\u00f3n Pol\u00edticos","url":"https:\/\/politicosaldesnudo.com.mx\/index.php\/author\/redaccion-politicos\/"}]}},"jetpack_publicize_connections":[],"jetpack-related-posts":[{"id":87580,"url":"https:\/\/politicosaldesnudo.com.mx\/index.php\/2026\/08\/08\/detienen-a-hector-ivan-n-senalado-por-la-muerte-de-un-adulto-mayor-en-monterrey\/","url_meta":{"origin":4314,"position":0},"title":"Detienen a H\u00e9ctor Iv\u00e1n \u201cN\u201d, se\u00f1alado por la muerte de un adulto mayor en Monterrey","author":"Redacci\u00f3n Pol\u00edticos","date":"8 de agosto de 2026","format":false,"excerpt":"El detenido habr\u00eda empujado a la v\u00edctima cuando ambos se encontraban en la banqueta de la avenida Ruiz Cortines; el adulto mayor cay\u00f3 a la calle y fue arrollado por un tr\u00e1iler. Monterrey, Nuevo Le\u00f3n. \u2014 H\u00e9ctor Iv\u00e1n \u201cN\u201d fue detenido por elementos de la Secretar\u00eda de Seguridad y Protecci\u00f3n\u2026","rel":"","context":"En \u00abESTADOS\u00bb","block_context":{"text":"ESTADOS","link":"https:\/\/politicosaldesnudo.com.mx\/index.php\/category\/estados\/"},"img":{"alt_text":"","src":"https:\/\/i0.wp.com\/politicosaldesnudo.com.mx\/wp-content\/uploads\/2026\/08\/hector-ivan-n-provoco-muerte-adulto-mayor-monterrey.jpg?fit=1200%2C769&ssl=1&resize=350%2C200","width":350,"height":200,"srcset":"https:\/\/i0.wp.com\/politicosaldesnudo.com.mx\/wp-content\/uploads\/2026\/08\/hector-ivan-n-provoco-muerte-adulto-mayor-monterrey.jpg?fit=1200%2C769&ssl=1&resize=350%2C200 1x, https:\/\/i0.wp.com\/politicosaldesnudo.com.mx\/wp-content\/uploads\/2026\/08\/hector-ivan-n-provoco-muerte-adulto-mayor-monterrey.jpg?fit=1200%2C769&ssl=1&resize=525%2C300 1.5x, https:\/\/i0.wp.com\/politicosaldesnudo.com.mx\/wp-content\/uploads\/2026\/08\/hector-ivan-n-provoco-muerte-adulto-mayor-monterrey.jpg?fit=1200%2C769&ssl=1&resize=700%2C400 2x, https:\/\/i0.wp.com\/politicosaldesnudo.com.mx\/wp-content\/uploads\/2026\/08\/hector-ivan-n-provoco-muerte-adulto-mayor-monterrey.jpg?fit=1200%2C769&ssl=1&resize=1050%2C600 3x"},"classes":[]},{"id":42309,"url":"https:\/\/politicosaldesnudo.com.mx\/index.php\/2024\/07\/19\/covid-19-sin-datos-oficiales\/","url_meta":{"origin":4314,"position":1},"title":"Covid 19 sin datos oficiales","author":"Redacci\u00f3n Pol\u00edticos","date":"19 de julio de 2024","format":false,"excerpt":"Autoridades no reconocen que ha habido un aumento paulatino La mayor\u00eda de las personas contagiadas presentan s\u00edntomas leves Las vacunas contra el Covid 19 se encuentran agotadas en farmacias Por Miguel \u00c1ngel Cristiani G. Aunque se asegura extraoficialmente que en las \u00faltimas semanas, se ha registrado un incremento paulatino en\u2026","rel":"","context":"En \u00abOPINI\u00d3N\u00bb","block_context":{"text":"OPINI\u00d3N","link":"https:\/\/politicosaldesnudo.com.mx\/index.php\/category\/columnistas\/"},"img":{"alt_text":"","src":"https:\/\/i0.wp.com\/politicosaldesnudo.com.mx\/wp-content\/uploads\/2022\/04\/CRISTIANI.png?fit=1200%2C671&ssl=1&resize=350%2C200","width":350,"height":200,"srcset":"https:\/\/i0.wp.com\/politicosaldesnudo.com.mx\/wp-content\/uploads\/2022\/04\/CRISTIANI.png?fit=1200%2C671&ssl=1&resize=350%2C200 1x, https:\/\/i0.wp.com\/politicosaldesnudo.com.mx\/wp-content\/uploads\/2022\/04\/CRISTIANI.png?fit=1200%2C671&ssl=1&resize=525%2C300 1.5x, https:\/\/i0.wp.com\/politicosaldesnudo.com.mx\/wp-content\/uploads\/2022\/04\/CRISTIANI.png?fit=1200%2C671&ssl=1&resize=700%2C400 2x, https:\/\/i0.wp.com\/politicosaldesnudo.com.mx\/wp-content\/uploads\/2022\/04\/CRISTIANI.png?fit=1200%2C671&ssl=1&resize=1050%2C600 3x"},"classes":[]},{"id":88109,"url":"https:\/\/politicosaldesnudo.com.mx\/index.php\/2026\/08\/27\/cateos-contra-el-huachicol-destapan-rancho-con-135-animales-exoticos-en-tamaulipas\/","url_meta":{"origin":4314,"position":2},"title":"Cateos contra el huachicol destapan rancho con 135 animales ex\u00f3ticos en Tamaulipas","author":"Redacci\u00f3n Pol\u00edticos","date":"27 de agosto de 2026","format":false,"excerpt":"Tigres, jaguares, leones, hienas, monos y hasta un camello fueron encontrados durante un operativo federal en Tampico y Altamira; tambi\u00e9n se aseguraron 68 mil litros de di\u00e9sel. Tamaulipas.\u2014 Una investigaci\u00f3n contra el comercio ilegal de combustibles condujo a las autoridades federales hasta un rancho que albergaba 135 animales ex\u00f3ticos, varios\u2026","rel":"","context":"En \u00abESTADOS\u00bb","block_context":{"text":"ESTADOS","link":"https:\/\/politicosaldesnudo.com.mx\/index.php\/category\/estados\/"},"img":{"alt_text":"","src":"https:\/\/i0.wp.com\/politicosaldesnudo.com.mx\/wp-content\/uploads\/2026\/08\/ChatGPT-Image-27-ago-2026-18_22_18.png?fit=1200%2C675&ssl=1&resize=350%2C200","width":350,"height":200,"srcset":"https:\/\/i0.wp.com\/politicosaldesnudo.com.mx\/wp-content\/uploads\/2026\/08\/ChatGPT-Image-27-ago-2026-18_22_18.png?fit=1200%2C675&ssl=1&resize=350%2C200 1x, https:\/\/i0.wp.com\/politicosaldesnudo.com.mx\/wp-content\/uploads\/2026\/08\/ChatGPT-Image-27-ago-2026-18_22_18.png?fit=1200%2C675&ssl=1&resize=525%2C300 1.5x, https:\/\/i0.wp.com\/politicosaldesnudo.com.mx\/wp-content\/uploads\/2026\/08\/ChatGPT-Image-27-ago-2026-18_22_18.png?fit=1200%2C675&ssl=1&resize=700%2C400 2x, https:\/\/i0.wp.com\/politicosaldesnudo.com.mx\/wp-content\/uploads\/2026\/08\/ChatGPT-Image-27-ago-2026-18_22_18.png?fit=1200%2C675&ssl=1&resize=1050%2C600 3x"},"classes":[]},{"id":87930,"url":"https:\/\/politicosaldesnudo.com.mx\/index.php\/2026\/08\/21\/pan-busca-dejar-atras-la-influencia-de-los-yunes\/","url_meta":{"origin":4314,"position":3},"title":"PAN busca dejar atr\u00e1s la influencia de los Yunes","author":"Redacci\u00f3n Pol\u00edticos","date":"21 de agosto de 2026","format":false,"excerpt":"ALMA GRANDE POR \u00c1NGEL \u00c1LVARO PE\u00d1A La declaraci\u00f3n de Jorge Romero Herrera sobre Miguel \u00c1ngel Yunes Linares y Miguel \u00c1ngel Yunes M\u00e1rquez coloca nuevamente al PAN frente a una de las rupturas pol\u00edticas que m\u00e1s repercusi\u00f3n han tenido en Veracruz. El dirigente nacional asegur\u00f3 que los Yunes ya no tendr\u00e1n\u2026","rel":"","context":"En \u00abOPINI\u00d3N\u00bb","block_context":{"text":"OPINI\u00d3N","link":"https:\/\/politicosaldesnudo.com.mx\/index.php\/category\/columnistas\/"},"img":{"alt_text":"","src":"https:\/\/i0.wp.com\/politicosaldesnudo.com.mx\/wp-content\/uploads\/2026\/08\/ag-210826.png?fit=1200%2C659&ssl=1&resize=350%2C200","width":350,"height":200,"srcset":"https:\/\/i0.wp.com\/politicosaldesnudo.com.mx\/wp-content\/uploads\/2026\/08\/ag-210826.png?fit=1200%2C659&ssl=1&resize=350%2C200 1x, https:\/\/i0.wp.com\/politicosaldesnudo.com.mx\/wp-content\/uploads\/2026\/08\/ag-210826.png?fit=1200%2C659&ssl=1&resize=525%2C300 1.5x, https:\/\/i0.wp.com\/politicosaldesnudo.com.mx\/wp-content\/uploads\/2026\/08\/ag-210826.png?fit=1200%2C659&ssl=1&resize=700%2C400 2x, https:\/\/i0.wp.com\/politicosaldesnudo.com.mx\/wp-content\/uploads\/2026\/08\/ag-210826.png?fit=1200%2C659&ssl=1&resize=1050%2C600 3x"},"classes":[]},{"id":53553,"url":"https:\/\/politicosaldesnudo.com.mx\/index.php\/2025\/01\/03\/la-encuestitis-por-veracruz\/","url_meta":{"origin":4314,"position":4},"title":"La encuestitis por Veracruz","author":"Redacci\u00f3n Pol\u00edticos","date":"3 de enero de 2025","format":false,"excerpt":"Por: Luis Ram\u00edrez Baqueiro \u201cEl valor, al igual que el amor, necesita alimentarse de esperanza.\u201d \u2013 Napole\u00f3n Bonaparte. \u00a0 Un instrumento infalible para determinar y medir el posicionamiento p\u00fablico de los actores pol\u00edticos que aspiran por un posible cargo de elecci\u00f3n popular es la encuesta. Pero en pol\u00edtica como ciencia,\u2026","rel":"","context":"En \u00abOPINI\u00d3N\u00bb","block_context":{"text":"OPINI\u00d3N","link":"https:\/\/politicosaldesnudo.com.mx\/index.php\/category\/columnistas\/"},"img":{"alt_text":"","src":"https:\/\/i0.wp.com\/politicosaldesnudo.com.mx\/wp-content\/uploads\/2024\/05\/LUIS-RAMIREZ-BAQUEIRO.jpg?fit=800%2C445&ssl=1&resize=350%2C200","width":350,"height":200,"srcset":"https:\/\/i0.wp.com\/politicosaldesnudo.com.mx\/wp-content\/uploads\/2024\/05\/LUIS-RAMIREZ-BAQUEIRO.jpg?fit=800%2C445&ssl=1&resize=350%2C200 1x, https:\/\/i0.wp.com\/politicosaldesnudo.com.mx\/wp-content\/uploads\/2024\/05\/LUIS-RAMIREZ-BAQUEIRO.jpg?fit=800%2C445&ssl=1&resize=525%2C300 1.5x, https:\/\/i0.wp.com\/politicosaldesnudo.com.mx\/wp-content\/uploads\/2024\/05\/LUIS-RAMIREZ-BAQUEIRO.jpg?fit=800%2C445&ssl=1&resize=700%2C400 2x"},"classes":[]},{"id":88057,"url":"https:\/\/politicosaldesnudo.com.mx\/index.php\/2026\/08\/25\/canada-se-suma-a-la-alerta-por-mexicali-y-advierte-sobre-violencia-y-secuestros-en-mexico\/","url_meta":{"origin":4314,"position":5},"title":"Canad\u00e1 se suma a la alerta por Mexicali y advierte sobre violencia y secuestros en M\u00e9xico","author":"Redacci\u00f3n Pol\u00edticos","date":"25 de agosto de 2026","format":false,"excerpt":"El Gobierno de Canad\u00e1 actualiz\u00f3 sus recomendaciones de viaje para M\u00e9xico e incorpor\u00f3 la alerta de seguridad emitida por Estados Unidos ante una posible amenaza en Mexicali, Baja California. El aviso estadounidense orden\u00f3 suspender durante este 25 de agosto las actividades de su personal gubernamental y los viajes oficiales hacia\u2026","rel":"","context":"En \u00abINTERNACIONAL\u00bb","block_context":{"text":"INTERNACIONAL","link":"https:\/\/politicosaldesnudo.com.mx\/index.php\/category\/internacional\/"},"img":{"alt_text":"","src":"https:\/\/i0.wp.com\/politicosaldesnudo.com.mx\/wp-content\/uploads\/2026\/08\/mapa-alerta.png?fit=1200%2C675&ssl=1&resize=350%2C200","width":350,"height":200,"srcset":"https:\/\/i0.wp.com\/politicosaldesnudo.com.mx\/wp-content\/uploads\/2026\/08\/mapa-alerta.png?fit=1200%2C675&ssl=1&resize=350%2C200 1x, https:\/\/i0.wp.com\/politicosaldesnudo.com.mx\/wp-content\/uploads\/2026\/08\/mapa-alerta.png?fit=1200%2C675&ssl=1&resize=525%2C300 1.5x, https:\/\/i0.wp.com\/politicosaldesnudo.com.mx\/wp-content\/uploads\/2026\/08\/mapa-alerta.png?fit=1200%2C675&ssl=1&resize=700%2C400 2x, https:\/\/i0.wp.com\/politicosaldesnudo.com.mx\/wp-content\/uploads\/2026\/08\/mapa-alerta.png?fit=1200%2C675&ssl=1&resize=1050%2C600 3x"},"classes":[]}],"jetpack_sharing_enabled":true,"jetpack_featured_media_url":"https:\/\/i0.wp.com\/politicosaldesnudo.com.mx\/wp-content\/uploads\/2022\/04\/RICARDO-HOMS.png?fit=1816%2C1016&ssl=1","_links":{"self":[{"href":"https:\/\/politicosaldesnudo.com.mx\/index.php\/wp-json\/wp\/v2\/posts\/4314","targetHints":{"allow":["GET"]}}],"collection":[{"href":"https:\/\/politicosaldesnudo.com.mx\/index.php\/wp-json\/wp\/v2\/posts"}],"about":[{"href":"https:\/\/politicosaldesnudo.com.mx\/index.php\/wp-json\/wp\/v2\/types\/post"}],"author":[{"embeddable":true,"href":"https:\/\/politicosaldesnudo.com.mx\/index.php\/wp-json\/wp\/v2\/users\/4"}],"replies":[{"embeddable":true,"href":"https:\/\/politicosaldesnudo.com.mx\/index.php\/wp-json\/wp\/v2\/comments?post=4314"}],"version-history":[{"count":0,"href":"https:\/\/politicosaldesnudo.com.mx\/index.php\/wp-json\/wp\/v2\/posts\/4314\/revisions"}],"wp:featuredmedia":[{"embeddable":true,"href":"https:\/\/politicosaldesnudo.com.mx\/index.php\/wp-json\/wp\/v2\/media\/3778"}],"wp:attachment":[{"href":"https:\/\/politicosaldesnudo.com.mx\/index.php\/wp-json\/wp\/v2\/media?parent=4314"}],"wp:term":[{"taxonomy":"category","embeddable":true,"href":"https:\/\/politicosaldesnudo.com.mx\/index.php\/wp-json\/wp\/v2\/categories?post=4314"},{"taxonomy":"post_tag","embeddable":true,"href":"https:\/\/politicosaldesnudo.com.mx\/index.php\/wp-json\/wp\/v2\/tags?post=4314"}],"curies":[{"name":"wp","href":"https:\/\/api.w.org\/{rel}","templated":true}]}}