{"id":43145,"date":"2024-07-31T09:02:25","date_gmt":"2024-07-31T14:02:25","guid":{"rendered":"https:\/\/politicosaldesnudo.com.mx\/?p=43145"},"modified":"2024-07-31T09:02:25","modified_gmt":"2024-07-31T14:02:25","slug":"exmilitares-reconocen-a-edmundo-gonzalez-como-presidente-electo-de-venezuela","status":"publish","type":"post","link":"https:\/\/politicosaldesnudo.com.mx\/index.php\/2024\/07\/31\/exmilitares-reconocen-a-edmundo-gonzalez-como-presidente-electo-de-venezuela\/","title":{"rendered":"Exmilitares reconocen a Edmundo Gonz\u00e1lez como presidente electo de Venezuela"},"content":{"rendered":"<div class=\"content-body clearfix \">\n<div id=\"content-body-225-12321764\">\n<p><span style=\"font-size: 14pt;\">Dos militares retirados del Ej\u00e9rcito venezolano llamaron a las fuerzas armadas a ponerse del lado del pueblo venezolano, terminar con la represi\u00f3n de las manifestaciones y reconocer al \u201cnuevo presidente electo\u201d, Edmundo Gonz\u00e1lez, surgido de las elecciones del pasado domingo.<\/span><\/p>\n<p><span style=\"font-size: 14pt;\">En un video subido a internet, los hermanos Javier y Juan Carlos Nieto Quintero manifestaron su descontento con el gobierno de Nicol\u00e1s Maduro.<\/span><\/p>\n<\/div>\n<\/div>\n<div class=\"advertisment \">\n<div id=\"dfp-nota-1x3s\" data-google-query-id=\"CMz_8qi40YcDFfjCTwIdcaMX4w\">\n<div id=\"google_ads_iframe_\/2000002\/la-prensa\/mexico_nota_1x3_0__container__\">\n<div id=\"inArticle_1\" class=\"st-placement inArticle_1 inArticle\">\n<div class=\"st-adunit st-adunit-tagged st-reset st-show\">\n<div class=\"st-adunit-ad st-reset\">\n<div class=\"st-display-render st-reset open 970x250\">\n<div class=\"st-canvas st-reset horizontal-static\"><span style=\"font-size: 14pt;\">\u201cNos dirigimos a todo el cuerpo de generales y almirantes oficiales, sus oficiales y tropa de las Fuerzas Armadas Nacionales para persuadirlos a tomar las decisiones correctas en este momento hist\u00f3rico que vive la patria, hoy a punto de entrar en una espiral de violencia y anarqu\u00eda\u201d, llaman los exmilitares.<\/span><\/div>\n<\/div>\n<\/div>\n<\/div>\n<\/div>\n<\/div>\n<\/div>\n<\/div>\n<article class=\"content-continued-body clearfix \">\n<div id=\"content-body-5851641-12321764\">\n<p><span style=\"font-size: 14pt;\">Tambi\u00e9n rechazan los actos de las fuerzas de seguridad del gobierno contra los manifestantes que desde el lunes han salido a las calles a protestar por los cuestionados resultados de las elecciones del domingo que le dieron el triunfo a Maduro.<\/span><\/p>\n<p><span style=\"font-size: 14pt;\">\u201cYa hoy el pueblo est\u00e1 en las calles y est\u00e1 siendo reprimido. Hay incluso j\u00f3venes muriendo por manos de la delincuencia. Recuerden ustedes, se\u00f1ores oficiales, que las armas de la rep\u00fablica est\u00e1n hechas para defender y no reprimir a nuestro pueblo\u201d, dicen los hermanos Nieto Quintero.<\/span><\/p>\n<p><span style=\"font-size: 14pt;\">\u201cLa voluntad del pueblo soberano se manifest\u00f3 y hay evidencia de ello. La comunidad internacional los respalda y debemos hacerla respetar. No hay duda de que tenemos un nuevo presidente y comandante en jefe de las Fuerzas Armadas\u201d, dicen en el video, en el que reconocen a Edmundo Gonz\u00e1lez como nuevo presidente electo de Venezuela.<\/span><\/p>\n<section>\n<article class=\"mundo\nmedia \"><\/p>\n<div class=\"teaser \">\n<div class=\"youtubeWrapper st-swap-parent st-swap--active\">\n<div id=\"standard_2\" class=\"st-placement standard_2 inVideo\">\n<div class=\"st-adunit st-show st-reset\"><span style=\"font-size: 14pt;\">Tras hacer un llamado a las fuerzas armadas a dirimir el conflicto, \u201cpues es evidente que en Venezuela no existen poderes p\u00fablicos independientes para sostener la gobernabilidad\u201d, los hermanos Nieto Quintero proponen una junta de transici\u00f3n c\u00edvico militar temporal encabezada por Edmundo Gonz\u00e1lez.<\/span><\/div>\n<\/div>\n<\/div>\n<\/div>\n<\/article>\n<\/section>\n<p><span style=\"font-size: 14pt;\">Javier Nieto Quintero fue acusado de participar en un plan para derrocar al entonces presidente venezolano Hugo Ch\u00e1vez en un caso conocido como los \u201cparacachitos\u201d, por lo que recibi\u00f3 una condena en la prisi\u00f3n militar de Ramo Verde desde 2004 a 2007.<\/span><\/p>\n<p><span style=\"font-size: 14pt;\">Tambi\u00e9n fue se\u00f1alado por participar en una operaci\u00f3n en 2020 que permiti\u00f3 la entrada de un comando conformado por decenas de paramilitares, disidentes venezolanos y cuatro milicianos estadounidenses, llamada \u201cOperaci\u00f3n Gede\u00f3n\u201d, con la intenci\u00f3n de sacar del poder a Maduro. La operaci\u00f3n fracas\u00f3, murieron seis personas y el resto fue detenido.<\/span><\/p>\n<p><span style=\"font-size: 14pt;\">Mientras que su hermano Juan Carlos, general retirado de la Guardia Nacional Bolivariana, fue detenido por la Inteligencia Militar venezolana y encarcelado cinco a\u00f1os por la \u201cOperaci\u00f3n Jeric\u00f3\u201d, otro intento de golpe contra Maduro en 2014.<\/span><br \/>\n<span style=\"font-size: 14pt;\">Actualmente, ambos viven fuera de Venezuela.<\/span><\/p>\n<\/div>\n<\/article>\n","protected":false},"excerpt":{"rendered":"<p>Dos militares retirados del Ej\u00e9rcito venezolano llamaron a las fuerzas armadas a ponerse del lado del pueblo venezolano, terminar con<\/p>\n","protected":false},"author":4,"featured_media":43146,"comment_status":"closed","ping_status":"closed","sticky":false,"template":"","format":"standard","meta":{"colormag_page_container_layout":"default_layout","colormag_page_sidebar_layout":"default_layout","_jetpack_memberships_contains_paid_content":false,"footnotes":"","jetpack_publicize_message":"","jetpack_publicize_feature_enabled":true,"jetpack_social_post_already_shared":false,"jetpack_social_options":{"image_generator_settings":{"template":"highway","default_image_id":0,"font":"","enabled":false},"version":2}},"categories":[28],"tags":[],"class_list":["post-43145","post","type-post","status-publish","format-standard","has-post-thumbnail","hentry","category-internacional"],"jetpack_publicize_connections":[],"jetpack_featured_media_url":"https:\/\/i0.wp.com\/politicosaldesnudo.com.mx\/wp-content\/uploads\/2024\/07\/Exmilitares-eleccion-Venezuela.png?fit=768%2C479&ssl=1","jetpack-related-posts":[],"jetpack_sharing_enabled":true,"_links":{"self":[{"href":"https:\/\/politicosaldesnudo.com.mx\/index.php\/wp-json\/wp\/v2\/posts\/43145","targetHints":{"allow":["GET"]}}],"collection":[{"href":"https:\/\/politicosaldesnudo.com.mx\/index.php\/wp-json\/wp\/v2\/posts"}],"about":[{"href":"https:\/\/politicosaldesnudo.com.mx\/index.php\/wp-json\/wp\/v2\/types\/post"}],"author":[{"embeddable":true,"href":"https:\/\/politicosaldesnudo.com.mx\/index.php\/wp-json\/wp\/v2\/users\/4"}],"replies":[{"embeddable":true,"href":"https:\/\/politicosaldesnudo.com.mx\/index.php\/wp-json\/wp\/v2\/comments?post=43145"}],"version-history":[{"count":0,"href":"https:\/\/politicosaldesnudo.com.mx\/index.php\/wp-json\/wp\/v2\/posts\/43145\/revisions"}],"wp:featuredmedia":[{"embeddable":true,"href":"https:\/\/politicosaldesnudo.com.mx\/index.php\/wp-json\/wp\/v2\/media\/43146"}],"wp:attachment":[{"href":"https:\/\/politicosaldesnudo.com.mx\/index.php\/wp-json\/wp\/v2\/media?parent=43145"}],"wp:term":[{"taxonomy":"category","embeddable":true,"href":"https:\/\/politicosaldesnudo.com.mx\/index.php\/wp-json\/wp\/v2\/categories?post=43145"},{"taxonomy":"post_tag","embeddable":true,"href":"https:\/\/politicosaldesnudo.com.mx\/index.php\/wp-json\/wp\/v2\/tags?post=43145"}],"curies":[{"name":"wp","href":"https:\/\/api.w.org\/{rel}","templated":true}]}}