{"id":43161,"date":"2024-08-01T08:10:41","date_gmt":"2024-08-01T13:10:41","guid":{"rendered":"https:\/\/politicosaldesnudo.com.mx\/?p=43161"},"modified":"2024-08-01T08:10:41","modified_gmt":"2024-08-01T13:10:41","slug":"cuitlahuac-a-cfe","status":"publish","type":"post","link":"https:\/\/politicosaldesnudo.com.mx\/index.php\/2024\/08\/01\/cuitlahuac-a-cfe\/","title":{"rendered":"Cuitl\u00e1huac a CFE"},"content":{"rendered":"<p style=\"font-weight: 400;\"><span style=\"font-size: 14pt;\">Por: Luis Ram\u00edrez Baqueiro<\/span><\/p>\n<p style=\"font-weight: 400;\">\n<p style=\"font-weight: 400;\"><span style=\"font-size: 14pt;\"><em>\u201cLa ciencia es la est\u00e9tica de la inteligencia.\u201d \u2013 Gast\u00f3n Bachelard.<\/em><\/span><\/p>\n<p style=\"font-weight: 400;\"><span style=\"font-size: 14pt;\">\u00a0<\/span><\/p>\n<p style=\"font-weight: 400;\"><span style=\"font-size: 14pt;\">Nadie se explica c\u00f3mo es que la presidenta electa de M\u00e9xico, la Doctora Claudia Sheinbaum Pardo tiene tantas consideraciones y afectos por el gobernador de Veracruz, Cuitl\u00e1huac Garc\u00eda Jim\u00e9nez.<\/span><\/p>\n<p style=\"font-weight: 400;\"><span style=\"font-size: 14pt;\">Es muy simple, ambos son catedr\u00e1ticos e investigadores universitarios, ambos tienen carreras afines en las \u00e1reas exactas, ella con Licenciatura en F\u00edsica el Ingeniero Mec\u00e1nico El\u00e9ctrico, eso para el saque como dir\u00edan por ah\u00ed es mucho avance, ambos gobernadores al mismo tiempo de entidades importantes y con grandes bastiones morenistas.<\/span><\/p>\n<p style=\"font-weight: 400;\"><span style=\"font-size: 14pt;\">Cuitl\u00e1huac Garc\u00eda Jim\u00e9nez mostr\u00f3 identidad con Sheinbaum desde el arranque de su Gobierno, cuando firmar\u00e1n un acuerdo para buscar aplicar algunos programas dentro de la funci\u00f3n p\u00fablica en la entidad, de ese acuerdo nos remontamos al 16 de enero de 2022.\u00a0<a href=\"https:\/\/www.infobae.com\/america\/mexico\/2022\/01\/16\/sheinbaum-y-cuitlahuac-garcia-firmaron-acuerdo-entre-veracruz-y-la-cdmx-nos-une-la-democracia\/\" data-saferedirecturl=\"https:\/\/www.google.com\/url?q=https:\/\/www.infobae.com\/america\/mexico\/2022\/01\/16\/sheinbaum-y-cuitlahuac-garcia-firmaron-acuerdo-entre-veracruz-y-la-cdmx-nos-une-la-democracia\/&amp;source=gmail&amp;ust=1722604096188000&amp;usg=AOvVaw3Tc1ViLD2xHcj9LYdm6nkB\">https:\/\/www.infobae.com\/america\/mexico\/2022\/01\/16\/sheinbaum-y-cuitlahuac-garcia-firmaron-acuerdo-entre-veracruz-y-la-cdmx-nos-une-la-democracia\/<\/a><\/span><\/p>\n<p style=\"font-weight: 400;\"><span style=\"font-size: 14pt;\">En ese momento se informaba que: \u201cLa jefa de Gobierno de la Ciudad de M\u00e9xico, Claudia Sheinbaum Pardo, y el gobernador constitucional del estado de Veracruz, Cuitl\u00e1huac Garc\u00eda Jim\u00e9nez, se reunieron en el Antiguo Palacio del Ayuntamiento en la capital del pa\u00eds para firmar un convenio de tecnolog\u00eda en favor de ambas entidades federativas.\u201d<\/span><\/p>\n<p style=\"font-weight: 400;\"><span style=\"font-size: 14pt;\">La firma de ese acuerdo se daba en el marco de colaboraci\u00f3n entre estados, el cual buscaba que se compartieran activamente licencias tecnol\u00f3gicas en materia de transparencia y digitalizaci\u00f3n de los servicios p\u00fablicos para optimizar los recursos del Estado, los mandatarios proveniente del Movimiento de Regeneraci\u00f3n Nacional (Morena) se mostraron contentos de trabajar en favor de la democracia y la justicia social, afirmaron.<\/span><\/p>\n<p style=\"font-weight: 400;\"><span style=\"font-size: 14pt;\">Fue as\u00ed como poco a poco, Garc\u00eda Jim\u00e9nez cultiv\u00f3 su relaci\u00f3n y apreci\u00f3 por la doctora en Ingenier\u00eda Ambiental, mismo que lo pone en la muy alta posibilidad de incorporarse a su Gobierno en una posici\u00f3n en donde sus conocimientos sean capitalizados.<\/span><\/p>\n<p style=\"font-weight: 400;\"><span style=\"font-size: 14pt;\">Aun cuando medios nacionales y reconocidos periodistas han afirmado mil y un versiones cuestionando por qu\u00e9 lo convidar\u00eda a colaborar, la realidad es que si existe una invitaci\u00f3n real.\u00a0<a href=\"https:\/\/imagendelgolfo.mx\/estado\/cuitlahuac-garcia-si-fue-invitado-a-gabinete-de-claudia-sheinbaum-que-cargo-ocupara--\/50538675\" data-saferedirecturl=\"https:\/\/www.google.com\/url?q=https:\/\/imagendelgolfo.mx\/estado\/cuitlahuac-garcia-si-fue-invitado-a-gabinete-de-claudia-sheinbaum-que-cargo-ocupara--\/50538675&amp;source=gmail&amp;ust=1722604096188000&amp;usg=AOvVaw0sfV0ZryCZJTZzCXYe8ezY\">https:\/\/imagendelgolfo.mx\/estado\/cuitlahuac-garcia-si-fue-invitado-a-gabinete-de-claudia-sheinbaum-que-cargo-ocupara&#8211;\/50538675<\/a><\/span><\/p>\n<p style=\"font-weight: 400;\"><span style=\"font-size: 14pt;\">Se ha afirmado que ser\u00eda en una dependencia menor se habr\u00eda mencionado incluso que ser\u00eda como director de la Comisi\u00f3n Nacional para el Uso de Energ\u00edas Limpias. Pero la versi\u00f3n cay\u00f3 por tierra, cuando la misma pr\u00f3xima Secretar\u00eda de Energ\u00eda, Luz Elena Gonz\u00e1lez Escobar, quien ocup\u00f3 el cargo de secretaria de Finanzas en el Gobierno de Ciudad de M\u00e9xico, en el gobierno de Claudia Sheinbaum divulgar\u00e1 que ser\u00eda el ingeniero en energ\u00eda, Jorge Islas Samperio el pr\u00f3ximo director del Instituto Nacional de Electricidad y Energ\u00edas Limpias.<\/span><\/p>\n<p style=\"font-weight: 400;\"><span style=\"font-size: 14pt;\">Abriendo la posibilidad a la \u00fanica \u00e1rea que por su perfil acad\u00e9mico le garantiza resultados exitosos.<\/span><\/p>\n<p style=\"font-weight: 400;\"><span style=\"font-size: 14pt;\">En d\u00edas recientes el rumor ha ido \u201c<em>in crescendo\u201d\u00a0<\/em>entre los funcionarios y pasillos de la Direcci\u00f3n General de la Comisi\u00f3n Nacional de Electricidad (CFE), en donde despacha el ex gobernador de Puebla y ex Secretario de Gobernaci\u00f3n, Manuel Bartlett D\u00edaz.<\/span><\/p>\n<p style=\"font-weight: 400;\"><span style=\"font-size: 14pt;\">De igual manera se afirma en pasillos de Palacio de Gobierno en Xalapa, que el mandatario habr\u00eda realizado una infidencia a personas cercanas advirtiendo que su destino estar\u00e1 en la que fuera considerada\u00a0<em>Empresa de Clase Mundial.<\/em><\/span><\/p>\n<p style=\"font-weight: 400;\"><span style=\"font-size: 14pt;\">As\u00ed es que sus palabras del pasado 18 de julio de este a\u00f1o toman sentido, Garc\u00eda Jim\u00e9nez en conferencia de prensa tras un recorrido por el Instituto Tecnol\u00f3gico de Veracruz afirm\u00f3:<\/span><\/p>\n<p style=\"font-weight: 400;\"><span style=\"font-size: 14pt;\"><em>\u201cNos vamos a seguir viendo, he tomado la decisi\u00f3n de seguir colaborando con la Cuarta Transformaci\u00f3n, me van a tocar despu\u00e9s otras tareas, pero no me despido, porque voy a seguir regresando, estoy orgulloso de pertenecer a las tierras del Totonacapan y de la Huasteca Baja, me ver\u00e1n todav\u00eda por ac\u00e1 un buen rato\u201d, apunt\u00f3.<\/em><\/span><\/p>\n<p style=\"font-weight: 400;\"><span style=\"font-size: 14pt;\">De consumarse este movimiento, muy buenas noticias habr\u00e1n de llegarle a Veracruz en materia energ\u00e9tica y quiz\u00e1, no lo sabemos, se logre la tan anhelada reclasificaci\u00f3n de tarifas el\u00e9ctricas para zonas costeras.<\/span><\/p>\n<p style=\"font-weight: 400;\"><span style=\"font-size: 14pt;\">\u00a0<\/span><\/p>\n<p style=\"font-weight: 400;\"><span style=\"font-size: 14pt;\">Al tiempo.<\/span><\/p>\n","protected":false},"excerpt":{"rendered":"<p>Por: Luis Ram\u00edrez Baqueiro \u201cLa ciencia es la est\u00e9tica de la inteligencia.\u201d \u2013 Gast\u00f3n Bachelard. \u00a0 Nadie se explica c\u00f3mo<\/p>\n","protected":false},"author":4,"featured_media":38306,"comment_status":"closed","ping_status":"closed","sticky":false,"template":"","format":"standard","meta":{"colormag_page_container_layout":"default_layout","colormag_page_sidebar_layout":"default_layout","_jetpack_memberships_contains_paid_content":false,"footnotes":"","jetpack_publicize_message":"","jetpack_publicize_feature_enabled":true,"jetpack_social_post_already_shared":false,"jetpack_social_options":{"image_generator_settings":{"template":"highway","default_image_id":0,"font":"","enabled":false},"version":2}},"categories":[26],"tags":[],"class_list":["post-43161","post","type-post","status-publish","format-standard","has-post-thumbnail","hentry","category-columnistas"],"jetpack_publicize_connections":[],"jetpack_featured_media_url":"https:\/\/i0.wp.com\/politicosaldesnudo.com.mx\/wp-content\/uploads\/2024\/05\/ASTROLABIO-4.jpg?fit=1816%2C1016&ssl=1","jetpack-related-posts":[],"jetpack_sharing_enabled":true,"_links":{"self":[{"href":"https:\/\/politicosaldesnudo.com.mx\/index.php\/wp-json\/wp\/v2\/posts\/43161","targetHints":{"allow":["GET"]}}],"collection":[{"href":"https:\/\/politicosaldesnudo.com.mx\/index.php\/wp-json\/wp\/v2\/posts"}],"about":[{"href":"https:\/\/politicosaldesnudo.com.mx\/index.php\/wp-json\/wp\/v2\/types\/post"}],"author":[{"embeddable":true,"href":"https:\/\/politicosaldesnudo.com.mx\/index.php\/wp-json\/wp\/v2\/users\/4"}],"replies":[{"embeddable":true,"href":"https:\/\/politicosaldesnudo.com.mx\/index.php\/wp-json\/wp\/v2\/comments?post=43161"}],"version-history":[{"count":0,"href":"https:\/\/politicosaldesnudo.com.mx\/index.php\/wp-json\/wp\/v2\/posts\/43161\/revisions"}],"wp:featuredmedia":[{"embeddable":true,"href":"https:\/\/politicosaldesnudo.com.mx\/index.php\/wp-json\/wp\/v2\/media\/38306"}],"wp:attachment":[{"href":"https:\/\/politicosaldesnudo.com.mx\/index.php\/wp-json\/wp\/v2\/media?parent=43161"}],"wp:term":[{"taxonomy":"category","embeddable":true,"href":"https:\/\/politicosaldesnudo.com.mx\/index.php\/wp-json\/wp\/v2\/categories?post=43161"},{"taxonomy":"post_tag","embeddable":true,"href":"https:\/\/politicosaldesnudo.com.mx\/index.php\/wp-json\/wp\/v2\/tags?post=43161"}],"curies":[{"name":"wp","href":"https:\/\/api.w.org\/{rel}","templated":true}]}}