{"id":43216,"date":"2024-08-01T09:08:07","date_gmt":"2024-08-01T14:08:07","guid":{"rendered":"https:\/\/politicosaldesnudo.com.mx\/?p=43216"},"modified":"2024-08-01T09:08:07","modified_gmt":"2024-08-01T14:08:07","slug":"destruyen-parte-de-la-capilla-de-la-familia-de-damaso-lopez-el-licenciado-en-sinaloa","status":"publish","type":"post","link":"https:\/\/politicosaldesnudo.com.mx\/index.php\/2024\/08\/01\/destruyen-parte-de-la-capilla-de-la-familia-de-damaso-lopez-el-licenciado-en-sinaloa\/","title":{"rendered":"Destruyen parte de la capilla de la familia de D\u00e1maso L\u00f3pez, El Licenciado, en Sinaloa"},"content":{"rendered":"<div>\n<div id=\"content-body-225-12329114\">\n<p><span style=\"font-size: 14pt;\">\u00a0La\u00a0capilla de la familia de D\u00e1maso L\u00f3pez N\u00fa\u00f1ez \u00abEl Licenciado\u00bb\u00a0fue vandalizada nuevamente, pero esta vez\u00a0derribaron\u00a0toda la\u00a0fachada\u00a0aparentemente con\u00a0maquinaria pesada.<\/span><\/p>\n<p><span style=\"font-size: 14pt;\">La cripta, que albergaba los restos de su padre y su hermano, Adolfo L\u00f3pez N\u00fa\u00f1ez,\u00a0sufri\u00f3 da\u00f1os estructurales significativos.<\/span><\/p>\n<\/div>\n<\/div>\n<div>\n<div id=\"dfp-nota-1x1s\" data-google-query-id=\"CJ2PnLD704cDFSuCpgQdBSsM9A\">\n<div id=\"google_ads_iframe_\/2000002\/la-prensa\/mexico_nota_1x1_0__container__\"><span style=\"font-size: 14pt;\">Previamente, el lunes 29 de julio, la cripta familiar de \u00abEl Licenciado\u00bb ya hab\u00eda sido vandalizada. La primera vez da\u00f1aron las puertas, ventanas y muebler\u00eda e incluso\u00a0robaron los restos de su padre y hermano.<\/span><\/div>\n<\/div>\n<\/div>\n<article>\n<div id=\"content-body-5851641-12329114\">\n<p><span style=\"font-size: 14pt;\">La Fiscal\u00eda General del Estado\u00a0confirm\u00f3 estos hechos luego de que un video fuera compartido por servicios de mensajer\u00eda. Ayer, indic\u00f3 que ya se\u00a0investigaban\u00a0los\u00a0hechos\u00a0por la exhumaci\u00f3n y el robo de dos cuerpos.<\/span><\/p>\n<p><span style=\"font-size: 14pt;\">La\u00a0capilla, decorada con detalles de lujo como bancas de cedro, pisos y paredes de m\u00e1rmol, as\u00ed como estanter\u00edas de granito,\u00a0qued\u00f3 en ruinas.\u00a0Los vidrios de las ventanas fueron reventados, y las protecciones y puertas arrancadas de su base de concreto.<\/span><\/p>\n<p><span style=\"font-size: 14pt;\">\u00bfQui\u00e9n es D\u00e1maso L\u00f3pez?<\/span><\/p>\n<p><span style=\"font-size: 14pt;\">D\u00e1maso L\u00f3pez N\u00fa\u00f1ez,\u00a0quien cumple una cadena perpetua en una prisi\u00f3n de Estados Unidos desde 2018 por tr\u00e1fico de drogas,\u00a0fue un prominente narcotraficante\u00a0y excomandante de la Polic\u00eda Judicial de Sinaloa.<\/span><\/p>\n<p><span style=\"font-size: 14pt;\">Su historia de alto perfil y su relaci\u00f3n con el narcotr\u00e1fico podr\u00edan estar vinculadas al ataque a la capilla.<\/span><\/p>\n<\/div>\n<\/article>\n","protected":false},"excerpt":{"rendered":"<p>\u00a0La\u00a0capilla de la familia de D\u00e1maso L\u00f3pez N\u00fa\u00f1ez \u00abEl Licenciado\u00bb\u00a0fue vandalizada nuevamente, pero esta vez\u00a0derribaron\u00a0toda la\u00a0fachada\u00a0aparentemente con\u00a0maquinaria pesada. La cripta,<\/p>\n","protected":false},"author":4,"featured_media":43217,"comment_status":"closed","ping_status":"closed","sticky":false,"template":"","format":"standard","meta":{"colormag_page_container_layout":"default_layout","colormag_page_sidebar_layout":"default_layout","_jetpack_memberships_contains_paid_content":false,"footnotes":"","jetpack_publicize_message":"","jetpack_publicize_feature_enabled":true,"jetpack_social_post_already_shared":false,"jetpack_social_options":{"image_generator_settings":{"template":"highway","default_image_id":0,"font":"","enabled":false},"version":2}},"categories":[33],"tags":[],"class_list":["post-43216","post","type-post","status-publish","format-standard","has-post-thumbnail","hentry","category-nacional"],"jetpack_publicize_connections":[],"jetpack_featured_media_url":"https:\/\/i0.wp.com\/politicosaldesnudo.com.mx\/wp-content\/uploads\/2024\/08\/Capilla-destruida-de-los-familiares-de-El-Licenciado.jpg?fit=768%2C479&ssl=1","jetpack-related-posts":[],"jetpack_sharing_enabled":true,"_links":{"self":[{"href":"https:\/\/politicosaldesnudo.com.mx\/index.php\/wp-json\/wp\/v2\/posts\/43216","targetHints":{"allow":["GET"]}}],"collection":[{"href":"https:\/\/politicosaldesnudo.com.mx\/index.php\/wp-json\/wp\/v2\/posts"}],"about":[{"href":"https:\/\/politicosaldesnudo.com.mx\/index.php\/wp-json\/wp\/v2\/types\/post"}],"author":[{"embeddable":true,"href":"https:\/\/politicosaldesnudo.com.mx\/index.php\/wp-json\/wp\/v2\/users\/4"}],"replies":[{"embeddable":true,"href":"https:\/\/politicosaldesnudo.com.mx\/index.php\/wp-json\/wp\/v2\/comments?post=43216"}],"version-history":[{"count":0,"href":"https:\/\/politicosaldesnudo.com.mx\/index.php\/wp-json\/wp\/v2\/posts\/43216\/revisions"}],"wp:featuredmedia":[{"embeddable":true,"href":"https:\/\/politicosaldesnudo.com.mx\/index.php\/wp-json\/wp\/v2\/media\/43217"}],"wp:attachment":[{"href":"https:\/\/politicosaldesnudo.com.mx\/index.php\/wp-json\/wp\/v2\/media?parent=43216"}],"wp:term":[{"taxonomy":"category","embeddable":true,"href":"https:\/\/politicosaldesnudo.com.mx\/index.php\/wp-json\/wp\/v2\/categories?post=43216"},{"taxonomy":"post_tag","embeddable":true,"href":"https:\/\/politicosaldesnudo.com.mx\/index.php\/wp-json\/wp\/v2\/tags?post=43216"}],"curies":[{"name":"wp","href":"https:\/\/api.w.org\/{rel}","templated":true}]}}