{"id":43238,"date":"2024-08-02T08:08:10","date_gmt":"2024-08-02T13:08:10","guid":{"rendered":"https:\/\/politicosaldesnudo.com.mx\/?p=43238"},"modified":"2024-08-02T08:08:10","modified_gmt":"2024-08-02T13:08:10","slug":"detienen-en-veracruz-a-ex-agente-por-homicidio-ocurrido-en-1986","status":"publish","type":"post","link":"https:\/\/politicosaldesnudo.com.mx\/index.php\/2024\/08\/02\/detienen-en-veracruz-a-ex-agente-por-homicidio-ocurrido-en-1986\/","title":{"rendered":"Detienen en Veracruz a ex agente por homicidio ocurrido en 1986"},"content":{"rendered":"<p><span style=\"font-size: 14pt;\">La Fiscal\u00eda General de Justicia de la Ciudad de M\u00e9xico inform\u00f3 que se ejecut\u00f3 una orden de aprehensi\u00f3n en el estado de Veracruz contra Alejandro N, ex agente de tr\u00e1nsito, buscado por su presunta responsabilidad en un homicidio registrado en 1986, en Cuauht\u00e9moc.<\/span><\/p>\n<p><span style=\"font-size: 14pt;\">De acuerdo a la indagatoria iniciada por el Ministerio P\u00fablico de la entonces Procuradur\u00eda General de Justicia del Distrito Federal (PGJDF), el individuo posiblemente accion\u00f3 un arma de fuego contra la v\u00edctima, cuando ambos viajaban en una patrulla.<\/span><\/p>\n<div class=\"teads-inread sm-screen\">\n<div>\n<div id=\"teads0\" class=\"teads-player\"><span style=\"font-size: 14pt;\">Tras un intercambio de informaci\u00f3n interinstitucional con la Fiscal\u00eda General del Estado de Veracruz, se tuvo conocimiento que el individuo hab\u00eda sido asegurado y se encontraba resguardado en sus instalaciones en el municipio de Boca del R\u00edo.<\/span><\/div>\n<\/div>\n<\/div>\n<p><span style=\"font-size: 14pt;\">Con oficio de colaboraci\u00f3n, polic\u00edas de investigaci\u00f3n de la Direcci\u00f3n General de Atenci\u00f3n y Cumplimiento de Ordenamientos Judiciales se trasladaron a la referida entidad, donde le notificaron al hombre del mandato judicial en su contra por el delito cometido en 1986.<\/span><\/p>\n<p><span style=\"font-size: 14pt;\">El hombre fue trasladado a la Ciudad de M\u00e9xico e ingresado al Reclusorio Preventivo Varonil Sur, inform\u00f3 la FGJCDMX.<\/span><\/p>\n","protected":false},"excerpt":{"rendered":"<p>La Fiscal\u00eda General de Justicia de la Ciudad de M\u00e9xico inform\u00f3 que se ejecut\u00f3 una orden de aprehensi\u00f3n en el<\/p>\n","protected":false},"author":4,"featured_media":43239,"comment_status":"closed","ping_status":"closed","sticky":false,"template":"","format":"standard","meta":{"colormag_page_container_layout":"default_layout","colormag_page_sidebar_layout":"default_layout","_jetpack_memberships_contains_paid_content":false,"footnotes":"","jetpack_publicize_message":"","jetpack_publicize_feature_enabled":true,"jetpack_social_post_already_shared":false,"jetpack_social_options":{"image_generator_settings":{"template":"highway","default_image_id":0,"font":"","enabled":false},"version":2}},"categories":[33],"tags":[],"class_list":["post-43238","post","type-post","status-publish","format-standard","has-post-thumbnail","hentry","category-nacional"],"jetpack_publicize_connections":[],"jetpack_featured_media_url":"https:\/\/i0.wp.com\/politicosaldesnudo.com.mx\/wp-content\/uploads\/2024\/08\/detienen-en-veracruz-a-ex-agente-por-homicidio-ocurrido-en-1986-689html-alejandron_jornadajpg-2814html-54c81f8c-d5b3-42ed-9722-4a0806b7f232.jpg?fit=1024%2C563&ssl=1","jetpack-related-posts":[],"jetpack_sharing_enabled":true,"_links":{"self":[{"href":"https:\/\/politicosaldesnudo.com.mx\/index.php\/wp-json\/wp\/v2\/posts\/43238","targetHints":{"allow":["GET"]}}],"collection":[{"href":"https:\/\/politicosaldesnudo.com.mx\/index.php\/wp-json\/wp\/v2\/posts"}],"about":[{"href":"https:\/\/politicosaldesnudo.com.mx\/index.php\/wp-json\/wp\/v2\/types\/post"}],"author":[{"embeddable":true,"href":"https:\/\/politicosaldesnudo.com.mx\/index.php\/wp-json\/wp\/v2\/users\/4"}],"replies":[{"embeddable":true,"href":"https:\/\/politicosaldesnudo.com.mx\/index.php\/wp-json\/wp\/v2\/comments?post=43238"}],"version-history":[{"count":0,"href":"https:\/\/politicosaldesnudo.com.mx\/index.php\/wp-json\/wp\/v2\/posts\/43238\/revisions"}],"wp:featuredmedia":[{"embeddable":true,"href":"https:\/\/politicosaldesnudo.com.mx\/index.php\/wp-json\/wp\/v2\/media\/43239"}],"wp:attachment":[{"href":"https:\/\/politicosaldesnudo.com.mx\/index.php\/wp-json\/wp\/v2\/media?parent=43238"}],"wp:term":[{"taxonomy":"category","embeddable":true,"href":"https:\/\/politicosaldesnudo.com.mx\/index.php\/wp-json\/wp\/v2\/categories?post=43238"},{"taxonomy":"post_tag","embeddable":true,"href":"https:\/\/politicosaldesnudo.com.mx\/index.php\/wp-json\/wp\/v2\/tags?post=43238"}],"curies":[{"name":"wp","href":"https:\/\/api.w.org\/{rel}","templated":true}]}}