{"id":43274,"date":"2024-08-02T08:50:49","date_gmt":"2024-08-02T13:50:49","guid":{"rendered":"https:\/\/politicosaldesnudo.com.mx\/?p=43274"},"modified":"2024-08-02T08:50:49","modified_gmt":"2024-08-02T13:50:49","slug":"jalisco-acusa-alfaro-de-homicidio-a-sujeto-vinculado-a-conflicto-electoral","status":"publish","type":"post","link":"https:\/\/politicosaldesnudo.com.mx\/index.php\/2024\/08\/02\/jalisco-acusa-alfaro-de-homicidio-a-sujeto-vinculado-a-conflicto-electoral\/","title":{"rendered":"Jalisco: acusa Alfaro de homicidio a sujeto vinculado a conflicto electoral"},"content":{"rendered":"<p><span style=\"font-size: 14pt;\">Aunque en 2019 el comandante de la polic\u00eda de Guadalajara Juan Jos\u00e9 Gutierrez Navarro ya hab\u00eda sido atacado a balazos y logr\u00f3 sobreponerse tras una larga recuperaci\u00f3n, seg\u00fan el gobernador Enrique Alfaro Ram\u00edrez, el principal sospechoso del homicidio al mando policial ocurrido este mi\u00e9rcoles, es un hombre que fue detenido hace un par de meses por un conflicto en el marco de las campa\u00f1as electorales, quien presuntamente agredi\u00f3 a un brigadista que pintaba bardas a favor del partido Movimiento Ciudadano.<\/span><\/p>\n<p><span style=\"font-size: 14pt;\">\u201cTenemos confirmado que el comandante asesinado particip\u00f3 en la detenci\u00f3n de esta persona involucrada en ese conflicto durante las campa\u00f1as electorales. La principal l\u00ednea de investigaci\u00f3n en este momento que tiene la Fiscal\u00eda son las amenazas que hizo esta persona contra el comandante, entonces lo que podemos decir es que vamos a ir a fondo\u201d, dijo el gobernador jalisciense.<\/span><\/p>\n<p><span style=\"font-size: 14pt;\">El hombre al que se\u00f1ala Alfaro fue capturado en mayo pasado e identificado como Diego C., acusado \u201cpor su probable responsabilidad en el delito de homicidio calificado en grado de tentativa, en agravio de un militante\u201d de MC el 11 de mayo en la colonia Rancho Nuevo, en Guadalajara.<\/span><\/p>\n<p><span style=\"font-size: 14pt;\">Seg\u00fan la fiscal\u00eda, se le detuvo -y sigue en prisi\u00f3n preventiva por al menos un a\u00f1o- luego que el militante de MC repintaba una barda que ya ten\u00eda r\u00f3tulos de Morena, \u201cpartido al que al parecer pertenece\u201d el agresor, quien junto a otras personas golpe\u00f3 al brigadista y al final Diego C. \u201cal parecer oblig\u00f3 a la v\u00edctima a ingerir l\u00edquido con el que estaba realizando la pinta, por lo que en condici\u00f3n grave fue trasladado a un puesto de socorros para recibir atenci\u00f3n m\u00e9dica\u201d.<\/span><\/p>\n<p><span style=\"font-size: 14pt;\">Alfaro dijo que esa agresi\u00f3n y las amenazas proferidas por el detenido son la principal l\u00ednea de investigaci\u00f3n del homicidio del comandante Guti\u00e9rrez Navarro, quien fue asesinado cuando en compa\u00f1\u00eda de dos de sus hijos conduc\u00eda su camioneta particular.<\/span><\/p>\n<p><span style=\"font-size: 14pt;\">El mando policial fue despedido este jueves con notable presencia de familiares, amigos y compa\u00f1eros de trabajo, incluyendo al comisario de Seguridad P\u00fablica de Guadalajara, Juan Pablo Hern\u00e1ndez, quien tambi\u00e9n afirm\u00f3 que la principal l\u00ednea de investigaci\u00f3n es contra el simpatizante de Morena detenido.<\/span><\/p>\n","protected":false},"excerpt":{"rendered":"<p>Aunque en 2019 el comandante de la polic\u00eda de Guadalajara Juan Jos\u00e9 Gutierrez Navarro ya hab\u00eda sido atacado a balazos<\/p>\n","protected":false},"author":4,"featured_media":43275,"comment_status":"closed","ping_status":"closed","sticky":false,"template":"","format":"standard","meta":{"colormag_page_container_layout":"default_layout","colormag_page_sidebar_layout":"default_layout","_jetpack_memberships_contains_paid_content":false,"footnotes":"","jetpack_publicize_message":"","jetpack_publicize_feature_enabled":true,"jetpack_social_post_already_shared":false,"jetpack_social_options":{"image_generator_settings":{"template":"highway","default_image_id":0,"font":"","enabled":false},"version":2}},"categories":[30],"tags":[],"class_list":["post-43274","post","type-post","status-publish","format-standard","has-post-thumbnail","hentry","category-estados"],"jetpack_publicize_connections":[],"jetpack_featured_media_url":"https:\/\/i0.wp.com\/politicosaldesnudo.com.mx\/wp-content\/uploads\/2024\/08\/gobernador-1-1160x700-1.jpeg?fit=1160%2C700&ssl=1","jetpack-related-posts":[],"jetpack_sharing_enabled":true,"_links":{"self":[{"href":"https:\/\/politicosaldesnudo.com.mx\/index.php\/wp-json\/wp\/v2\/posts\/43274","targetHints":{"allow":["GET"]}}],"collection":[{"href":"https:\/\/politicosaldesnudo.com.mx\/index.php\/wp-json\/wp\/v2\/posts"}],"about":[{"href":"https:\/\/politicosaldesnudo.com.mx\/index.php\/wp-json\/wp\/v2\/types\/post"}],"author":[{"embeddable":true,"href":"https:\/\/politicosaldesnudo.com.mx\/index.php\/wp-json\/wp\/v2\/users\/4"}],"replies":[{"embeddable":true,"href":"https:\/\/politicosaldesnudo.com.mx\/index.php\/wp-json\/wp\/v2\/comments?post=43274"}],"version-history":[{"count":0,"href":"https:\/\/politicosaldesnudo.com.mx\/index.php\/wp-json\/wp\/v2\/posts\/43274\/revisions"}],"wp:featuredmedia":[{"embeddable":true,"href":"https:\/\/politicosaldesnudo.com.mx\/index.php\/wp-json\/wp\/v2\/media\/43275"}],"wp:attachment":[{"href":"https:\/\/politicosaldesnudo.com.mx\/index.php\/wp-json\/wp\/v2\/media?parent=43274"}],"wp:term":[{"taxonomy":"category","embeddable":true,"href":"https:\/\/politicosaldesnudo.com.mx\/index.php\/wp-json\/wp\/v2\/categories?post=43274"},{"taxonomy":"post_tag","embeddable":true,"href":"https:\/\/politicosaldesnudo.com.mx\/index.php\/wp-json\/wp\/v2\/tags?post=43274"}],"curies":[{"name":"wp","href":"https:\/\/api.w.org\/{rel}","templated":true}]}}