{"id":43287,"date":"2024-08-02T09:02:38","date_gmt":"2024-08-02T14:02:38","guid":{"rendered":"https:\/\/politicosaldesnudo.com.mx\/?p=43287"},"modified":"2024-08-02T09:02:38","modified_gmt":"2024-08-02T14:02:38","slug":"cuitlahuac-el-consentido-del-rey","status":"publish","type":"post","link":"https:\/\/politicosaldesnudo.com.mx\/index.php\/2024\/08\/02\/cuitlahuac-el-consentido-del-rey\/","title":{"rendered":"Cuitl\u00e1huac, el consentido del rey"},"content":{"rendered":"<p><strong><span style=\"font-size: 14pt;\">Por \u00c1ngel \u00c1lvaro Pe\u00f1a<\/span><\/strong><\/p>\n<p><span style=\"font-size: 14pt;\">Cada vez que el Presidente de la Rep\u00fablica levanta la mano del gobernador de Veracruz, ofende a sus habitantes. El desgobierno del ingeniero, cuyo mayor m\u00e9rito es que ya se va, choca con la percepci\u00f3n del primer mandatario.<\/span><\/p>\n<p><span style=\"font-size: 14pt;\">El hecho de que, como dijera la ma\u00f1ana del 1 de agosto, no es \u201crata\u201d Cuitl\u00e1huac Garc\u00eda, pero esto no es suficiente para ser honesto o un buen gobernador. Hace falta mucho m\u00e1s, sobre todo vocaci\u00f3n pol\u00edtica, conocimientos y sensibilidad humana.<\/span><\/p>\n<p><span style=\"font-size: 14pt;\">Ser honesto no es una virtud en la administraci\u00f3n p\u00fablica, es una obligaci\u00f3n, sobre todo si se pertenece a Morena, cuyos principios son tres conceptos que deben respetarse: \u201cNo mentir, no traicionar y no robar\u201d. Tampoco justifica tantas felicitaciones el hecho de que en la entidad no haya habido gobernadores dignos de la confianza de los ciudadanos. Es una cuesti\u00f3n de enfoques, y lo que pas\u00f3 ya no tiene remedio, lo que s\u00ed tiene remedio es la injustificada alabanza del Presidente hacia una persona tan mediocre que ni siquiera lleg\u00f3 a gobernar. No es ni siquiera un mal gobernador porque nunca gobern\u00f3.<\/span><\/p>\n<p><span style=\"font-size: 14pt;\">Las flores que le procura L\u00f3pez Obrador al gobernador de Veracruz son de muerto. Condenado al olvido y la injusticia que implica reparar sus errores de desgobierno, Cuitl\u00e1huac pens\u00f3 que su ineficacia podr\u00eda ocultarse y que lucir\u00eda m\u00e1s los halagos del presidente para poder colocarse en una posici\u00f3n dentro del actual gabinete de la Presidenta electa, pero su destino es el basurero de la historia.<\/span><\/p>\n<p><span style=\"font-size: 14pt;\">Los elogios a el gobernador de Veracruz resultan no s\u00f3lo inexplicables sino gratuitos por ejemplo en la conferencia matutina del jueves 8 de febrero, desde Palacio Nacional, L\u00f3pez Obrador fue cuestionado sobre hechos violentos en Sonora, a lo que respondi\u00f3 que\u00a0Alfonso Durazo<b>\u00a0<\/b>es un \u201cbuen gobernador\u201d, al igual que Cuitl\u00e1huac Garc\u00eda, de quien nadie estaba hablando en ese momento.<\/span><\/p>\n<p><span style=\"font-size: 14pt;\">Por si fuera poco, la injustificada alusi\u00f3n abund\u00f3 sobre el tema en respuesta de los medios: \u00abEn Veracruz se hab\u00eda padecido de muchos gobernadores mediocres y ladrones, para que me obligas a decir eso, ladrones, mucho pueblo el de Veracruz\u00a0para tan pocos gobernantes. Podr\u00e1n decir lo que quieran de Cuitl\u00e1huac pero no es rata, no es corrupto\u00bb.<\/span><\/p>\n<p><span style=\"font-size: 14pt;\">Lo mismo sucedi\u00f3 el 10 de abril de 2023, luego de que la Comisi\u00f3n Nacional de Derechos Humanos lo se\u00f1alar\u00e1 como omiso en algunos casos y a\u00f1adi\u00f3. \u201cMis paisanos veracruzanos tienen la dicha de contar con un buen gobernador\u201d, a pesar de que Cuitl\u00e1huac hab\u00eda sido llamado a comparecer a una comisi\u00f3n del Senado para aclarar el permanente rechazo a las recomendaciones de esa instancia sobre diferentes casos de abusos de autoridad en la entidad, tales como desaparici\u00f3n forzada, tener presos pol\u00edticos, desapariciones forzadas entre otras muchas arbitrariedades que han hecho del r\u00e9gimen de Garc\u00eda Jim\u00e9nez uno de los m\u00e1s represivos dela historia.<\/span><\/p>\n<p><span style=\"font-size: 14pt;\">Podr\u00eda decirse que es de las pocas entidades, o la \u00fanica, que tiene presos pol\u00edticos, el caso del ex secretario de gobierno y ex l\u00edder estatal del PRD, Rogelio Franco Cast\u00e1n, ha rebasado no s\u00f3lo los l\u00edmites de Veracruz sino las fronteras y a pesar de todos los mimos del Presidente contin\u00faan.<\/span><\/p>\n<p><span style=\"font-size: 14pt;\">Pareciera que el hombre mejor informado del pa\u00eds desconozca el permanente rechazo del mandatario estatal a las recomendaciones de las comisiones de derechos humanos, tanto estatales como federales. Tanto la exaltaci\u00f3n de las virtudes inexistentes como la insistencia de sus bondades imaginadas de parte del Presidente son de pena ajena, porque todos sabemos que la mediocridad de Cuitl\u00e1huac ha rebasado los l\u00edmites y cualquiera pensar\u00eda que es honesto porque ni siquiera tiene capacidad de robar y no porque no quiera hacerlo.<\/span><\/p>\n<p><span style=\"font-size: 14pt;\">El Presidente inicio el sexenio hablando muy bien de Cuitl\u00e1huac y parece que s\u00f3lo por mantener la congruencia y no manchar su imagen con la del gobernador, sigue en esa misma l\u00ednea, pero siempre hay l\u00edmites; de hecho, el martes 16 de julio, el Presidente habl\u00f3 de la represi\u00f3n ocurrida en el desalojo de Totalco, municipio de Perote, donde murieron los hermanos Jorge y Alberto Cortina. No pudo dejar de responsabilizar al gobernador y a la Fuerza Civil, ahora desarticulada, de los hechos.<\/span><\/p>\n<p><span style=\"font-size: 14pt;\">\u201cEstamos informados desde que se dieron los hechos, muy lamentables, no debi\u00f3 actuar as\u00ed la polic\u00eda del Estado. Nosotros hemos llevado a la pr\u00e1ctica una pol\u00edtica de no represi\u00f3n, no se debe de utilizar la fuerza y en este caso lamentablemente hubo represi\u00f3n y fallecieron dos campesinos\u201d, declar\u00f3 el presidente.<\/span><\/p>\n<p><span style=\"font-size: 14pt;\">Garc\u00eda Jim\u00e9nez no quiere decir qui\u00e9n dio la orden de disparar contra la poblaci\u00f3n civil de Totalco, hasta ahora, se sabe que en la cadena de mando los \u00fanicos que pod\u00edan dar esta orden son: El Gobernador, Cuitl\u00e1huac Garc\u00eda Jim\u00e9nez; el titular de la Secretar\u00eda de Gobierno, el tabasque\u00f1o Carlos Ju\u00e1rez Gil o el titular de la Secretar\u00eda de Seguridad P\u00fablica, Cuauht\u00e9moc Z\u00fa\u00f1iga Bonilla.<\/span><\/p>\n<p><span style=\"font-size: 14pt;\">Este caso, dicen algunos, le cost\u00f3 al ingeniero, no formar parte del gabinete de Claudia Sheinbaum, quien pr\u00e1cticamente dio a conocer ya todo su gabinete. Aunque la esperanza del irresponsable gobernador sigue viva.<\/span><\/p>\n<p><span style=\"font-size: 14pt;\">Por cierto, el Primer Mandatario cuando no exagera sus cuestionamientos se excede en alabanzas de los personajes que para \u00e9l son dignos de elogio, y ahora no deja fuera de su discurso ning\u00fan adjetivo positivo, optimista y muchas veces reiterativo sobre las virtudes de la presidenta electa, quien puede tener esos m\u00e9ritos y m\u00e1s pero no hace falta que los repita con tanta insistencia y con vehemencia inusual.<\/span><\/p>\n<p><span style=\"font-size: 14pt;\">Como Cuitl\u00e1huac, todav\u00eda se cree rey mexica, anunci\u00f3 que, porque as\u00ed se le pega la gana, dar\u00e1 su sexto Informe de gobierno en el municipio de Veracruz el 18 de agosto.<\/span><\/p>\n<p><span style=\"font-size: 14pt;\">La presidenta electa puede tener los m\u00e9ritos que quiera, pero la poblaci\u00f3n est\u00e1 en espera de que se muestren en la pr\u00e1ctica. Nadie duda de ellos, pero tampoco puede exagerar cada ma\u00f1ana y hablar del tema cuando en realidad nadie hace referencia de ella.<\/span><\/p>\n<p><span style=\"font-size: 14pt;\">PEGA Y CORRE.- Por ley no puede haber cambios en los partidos pol\u00edticos mientras el a\u00f1o electoral no haya terminado y tanto el PRI como el PAN ya convocaron a la renovaci\u00f3n de sus liderazgos nacionales, con riesgo de que el INE se los tumbe. El a\u00f1o electoral termina con la entrega de constancia de mayor\u00eda a la Presidenta electa\u2026 Esta columna se publica los lunes, mi\u00e9rcoles y viernes.<\/span><\/p>\n","protected":false},"excerpt":{"rendered":"<p>Por \u00c1ngel \u00c1lvaro Pe\u00f1a Cada vez que el Presidente de la Rep\u00fablica levanta la mano del gobernador de Veracruz, ofende<\/p>\n","protected":false},"author":4,"featured_media":37774,"comment_status":"closed","ping_status":"closed","sticky":false,"template":"","format":"standard","meta":{"colormag_page_container_layout":"default_layout","colormag_page_sidebar_layout":"default_layout","_jetpack_memberships_contains_paid_content":false,"footnotes":"","jetpack_publicize_message":"","jetpack_publicize_feature_enabled":true,"jetpack_social_post_already_shared":false,"jetpack_social_options":{"image_generator_settings":{"template":"highway","default_image_id":0,"font":"","enabled":false},"version":2}},"categories":[26],"tags":[],"class_list":["post-43287","post","type-post","status-publish","format-standard","has-post-thumbnail","hentry","category-columnistas"],"jetpack_publicize_connections":[],"jetpack_featured_media_url":"https:\/\/i0.wp.com\/politicosaldesnudo.com.mx\/wp-content\/uploads\/2024\/05\/LOPEZ-DORIGA-LOGO-2.jpeg?fit=800%2C445&ssl=1","jetpack-related-posts":[],"jetpack_sharing_enabled":true,"_links":{"self":[{"href":"https:\/\/politicosaldesnudo.com.mx\/index.php\/wp-json\/wp\/v2\/posts\/43287","targetHints":{"allow":["GET"]}}],"collection":[{"href":"https:\/\/politicosaldesnudo.com.mx\/index.php\/wp-json\/wp\/v2\/posts"}],"about":[{"href":"https:\/\/politicosaldesnudo.com.mx\/index.php\/wp-json\/wp\/v2\/types\/post"}],"author":[{"embeddable":true,"href":"https:\/\/politicosaldesnudo.com.mx\/index.php\/wp-json\/wp\/v2\/users\/4"}],"replies":[{"embeddable":true,"href":"https:\/\/politicosaldesnudo.com.mx\/index.php\/wp-json\/wp\/v2\/comments?post=43287"}],"version-history":[{"count":0,"href":"https:\/\/politicosaldesnudo.com.mx\/index.php\/wp-json\/wp\/v2\/posts\/43287\/revisions"}],"wp:featuredmedia":[{"embeddable":true,"href":"https:\/\/politicosaldesnudo.com.mx\/index.php\/wp-json\/wp\/v2\/media\/37774"}],"wp:attachment":[{"href":"https:\/\/politicosaldesnudo.com.mx\/index.php\/wp-json\/wp\/v2\/media?parent=43287"}],"wp:term":[{"taxonomy":"category","embeddable":true,"href":"https:\/\/politicosaldesnudo.com.mx\/index.php\/wp-json\/wp\/v2\/categories?post=43287"},{"taxonomy":"post_tag","embeddable":true,"href":"https:\/\/politicosaldesnudo.com.mx\/index.php\/wp-json\/wp\/v2\/tags?post=43287"}],"curies":[{"name":"wp","href":"https:\/\/api.w.org\/{rel}","templated":true}]}}