{"id":43296,"date":"2024-08-03T01:02:28","date_gmt":"2024-08-03T06:02:28","guid":{"rendered":"https:\/\/politicosaldesnudo.com.mx\/?p=43296"},"modified":"2024-08-03T01:02:28","modified_gmt":"2024-08-03T06:02:28","slug":"promueven-acogimiento-familiar-en-tuxpan","status":"publish","type":"post","link":"https:\/\/politicosaldesnudo.com.mx\/index.php\/2024\/08\/03\/promueven-acogimiento-familiar-en-tuxpan\/","title":{"rendered":"Promueven acogimiento familiar en Tuxpan"},"content":{"rendered":"<p><span style=\"font-size: 14pt;\">Con la finalidad de brindar un apoyo a la ni\u00f1ez vulnerable y sensibilizar a la sociedad sobre esta problem\u00e1tica, la Asociaci\u00f3n Civil Casa Ataw promueve el programa\u00a0 \u00abAcogimiento familiar\u00bb\u00a0<\/span><\/p>\n<p><span style=\"font-size: 14pt;\">Patricia Rivera Ter\u00e1n, Directora de la Asociaci\u00f3n, se\u00f1al\u00f3\u00a0\u00a0que el acogimiento familiar es una alternativa que le permitir\u00e1 a los ni\u00f1os y adolescentes en un estado vulnerable tener una convivencia en un hogar de manera temporal y con personas que se vinculan afectivamente a quienes se han quedado sin cuidados parentales, dot\u00e1ndoles de elementos para la vida futura conforme a su inter\u00e9s superior.<\/span><\/p>\n<p><span style=\"font-size: 14pt;\">Coment\u00f3 que la finalidad de la asociaci\u00f3n en este tema es promover esta medida en la poblaci\u00f3n con la finalidad de evitar que el desarrollo e integridad se vea vulnerado o expuesto a riesgos, as\u00ed mismo, desde hace un a\u00f1o mantienen una casa hogar en la Congregaci\u00f3n de Santiago de la Pe\u00f1a con capacidad de recibir a 12 ni\u00f1os.<\/span><\/p>\n<p><span style=\"font-size: 14pt;\">Indic\u00f3 que para continuar con la difusi\u00f3n y concientizaci\u00f3n del tema, preparan un foro respecto al derecho de acogimiento familiar en Tuxpan, que se realizar\u00e1 el d\u00eda 29 de agosto con la participaci\u00f3n de diversos exponentes.<\/span><\/p>\n","protected":false},"excerpt":{"rendered":"<p>Con la finalidad de brindar un apoyo a la ni\u00f1ez vulnerable y sensibilizar a la sociedad sobre esta problem\u00e1tica, la<\/p>\n","protected":false},"author":4,"featured_media":43297,"comment_status":"closed","ping_status":"closed","sticky":false,"template":"","format":"standard","meta":{"colormag_page_container_layout":"default_layout","colormag_page_sidebar_layout":"default_layout","_jetpack_memberships_contains_paid_content":false,"footnotes":"","jetpack_publicize_message":"","jetpack_publicize_feature_enabled":true,"jetpack_social_post_already_shared":false,"jetpack_social_options":{"image_generator_settings":{"template":"highway","default_image_id":0,"font":"","enabled":false},"version":2}},"categories":[1082],"tags":[],"class_list":["post-43296","post","type-post","status-publish","format-standard","has-post-thumbnail","hentry","category-tuxpan"],"jetpack_publicize_connections":[],"jetpack_featured_media_url":"https:\/\/i0.wp.com\/politicosaldesnudo.com.mx\/wp-content\/uploads\/2024\/08\/promueven-acogimiento-familiar-en-tuxpan-539356.jpeg?fit=800%2C600&ssl=1","jetpack-related-posts":[],"jetpack_sharing_enabled":true,"_links":{"self":[{"href":"https:\/\/politicosaldesnudo.com.mx\/index.php\/wp-json\/wp\/v2\/posts\/43296","targetHints":{"allow":["GET"]}}],"collection":[{"href":"https:\/\/politicosaldesnudo.com.mx\/index.php\/wp-json\/wp\/v2\/posts"}],"about":[{"href":"https:\/\/politicosaldesnudo.com.mx\/index.php\/wp-json\/wp\/v2\/types\/post"}],"author":[{"embeddable":true,"href":"https:\/\/politicosaldesnudo.com.mx\/index.php\/wp-json\/wp\/v2\/users\/4"}],"replies":[{"embeddable":true,"href":"https:\/\/politicosaldesnudo.com.mx\/index.php\/wp-json\/wp\/v2\/comments?post=43296"}],"version-history":[{"count":0,"href":"https:\/\/politicosaldesnudo.com.mx\/index.php\/wp-json\/wp\/v2\/posts\/43296\/revisions"}],"wp:featuredmedia":[{"embeddable":true,"href":"https:\/\/politicosaldesnudo.com.mx\/index.php\/wp-json\/wp\/v2\/media\/43297"}],"wp:attachment":[{"href":"https:\/\/politicosaldesnudo.com.mx\/index.php\/wp-json\/wp\/v2\/media?parent=43296"}],"wp:term":[{"taxonomy":"category","embeddable":true,"href":"https:\/\/politicosaldesnudo.com.mx\/index.php\/wp-json\/wp\/v2\/categories?post=43296"},{"taxonomy":"post_tag","embeddable":true,"href":"https:\/\/politicosaldesnudo.com.mx\/index.php\/wp-json\/wp\/v2\/tags?post=43296"}],"curies":[{"name":"wp","href":"https:\/\/api.w.org\/{rel}","templated":true}]}}