{"id":43349,"date":"2024-08-03T01:44:09","date_gmt":"2024-08-03T06:44:09","guid":{"rendered":"https:\/\/politicosaldesnudo.com.mx\/?p=43349"},"modified":"2024-08-03T01:44:09","modified_gmt":"2024-08-03T06:44:09","slug":"harris-consigue-los-votos-para-ser-candidata-por-el-partido-democrata-a-las-elecciones-de-eu","status":"publish","type":"post","link":"https:\/\/politicosaldesnudo.com.mx\/index.php\/2024\/08\/03\/harris-consigue-los-votos-para-ser-candidata-por-el-partido-democrata-a-las-elecciones-de-eu\/","title":{"rendered":"Harris consigue los votos para ser candidata por el partido dem\u00f3crata a las elecciones de EU"},"content":{"rendered":"<div>\n<div id=\"content-body-225-12336123\">\n<p><span style=\"font-size: 14pt;\">La vicepresidenta de Estados Unidos,\u00a0Kamala Harris, obtuvo este viernes los votos de los delegados necesarios para convertirse matem\u00e1ticamente en la nominada del Partido Dem\u00f3crata para las elecciones presidenciales del 5 de noviembre.<\/span><\/p>\n<p><span style=\"font-size: 14pt;\">Harris\u00a0super\u00f3 hoy el umbral de los mil 976 delegados necesarios para ser confirmada como nominada del partido, aunque\u00a0la votaci\u00f3n virtual de compromisarios no terminar\u00e1 oficialmente hasta el pr\u00f3ximo lunes.<\/span><\/p>\n<\/div>\n<\/div>\n<div>\n<div id=\"dfp-nota-1x3s\" data-google-query-id=\"CNrjzv-b2IcDFbyVAAAd-1Mqcg\">\n<div id=\"google_ads_iframe_\/2000002\/la-prensa\/mexico_nota_1x3_0__container__\">\n<div id=\"inArticle_1\">\n<div>\n<div>\n<div>\n<div><span style=\"font-size: 14pt;\">\u00abEs un orgullo para m\u00ed confirmar que la vicepresidenta Harris ha conseguido una mayor\u00eda superior de los votos de los delegados de la convenci\u00f3n y va a ser la nominada dem\u00f3crata despu\u00e9s del cierre de las votaciones el lunes\u00bb, indic\u00f3 el presidente del Comit\u00e9 Nacional Dem\u00f3crata (DNC, en ingl\u00e9s), Jaime Harrison, en una llamada interna de la formaci\u00f3n.Kama<\/span><\/div>\n<\/div>\n<\/div>\n<\/div>\n<\/div>\n<\/div>\n<\/div>\n<\/div>\n<article>\n<div id=\"content-body-5851641-12336123\">\n<p><span style=\"font-size: 14pt;\">la Harris\u00a0compareci\u00f3 inmediatamente despu\u00e9s para agradecer la confianza que el partido ha puesto en ella y asegurar que\u00a0se siente \u00abhonrada\u00bb por haber sido elegida para sustituir al presidente, el dem\u00f3crata Joe Biden, en la carrera presidencial, despu\u00e9s de que renunciara a la reelecci\u00f3n hace tan solo dos semanas y media por su desastroso papel en el debate con el republicano\u00a0Donald Trump.<\/span><\/p>\n<p><span style=\"font-size: 14pt;\">\u00abEs un honor para m\u00ed ser la candidata dem\u00f3crata a la Presidencia de Estados Unidos. Aceptar\u00e9 oficialmente la nominaci\u00f3n la pr\u00f3xima semana\u00bb, se\u00f1al\u00f3 Harris.<\/span><\/p>\n<p><span style=\"font-size: 14pt;\">En un proceso rel\u00e1mpago, Biden dio su apoyo a Harris y en sucesivas reuniones virtuales los delegados que hab\u00edan sido elegidos en el proceso de primarias y que hab\u00edan comprometido su voto para el mandatario comenzaron a declarar su apoyo a la vicepresidenta.<\/span><\/p>\n<p><span style=\"font-size: 14pt;\">El DNC dio hasta este martes para que se presentaran otra candidaturas, pero finalmente Harris fue la \u00fanica aspirante a la nominaci\u00f3n dem\u00f3crata y por lo tanto ten\u00eda garantizada su nominaci\u00f3n que ser\u00e1 oficial el lunes y quedar\u00e1 escenificada en la Convenci\u00f3n Nacional Dem\u00f3crata que empieza el d\u00eda 19 en Chicago (Illinois).<\/span><\/p>\n<p><span style=\"font-size: 14pt;\">Kamala Harris\u00a0debe ahora anunciar su candidato a vicepresidente, algo que podr\u00eda conocerse la semana pr\u00f3xima.<\/span><\/p>\n<p><span style=\"font-size: 14pt;\">Harris, de 59 a\u00f1os, es la primera mujer negra y con ra\u00edces indias nominada como candidata a la Presidencia de Estados Unidos.<\/span><\/p>\n<\/div>\n<\/article>\n","protected":false},"excerpt":{"rendered":"<p>La vicepresidenta de Estados Unidos,\u00a0Kamala Harris, obtuvo este viernes los votos de los delegados necesarios para convertirse matem\u00e1ticamente en la<\/p>\n","protected":false},"author":4,"featured_media":43350,"comment_status":"closed","ping_status":"closed","sticky":false,"template":"","format":"standard","meta":{"colormag_page_container_layout":"default_layout","colormag_page_sidebar_layout":"default_layout","_jetpack_memberships_contains_paid_content":false,"footnotes":"","jetpack_publicize_message":"","jetpack_publicize_feature_enabled":true,"jetpack_social_post_already_shared":false,"jetpack_social_options":{"image_generator_settings":{"template":"highway","default_image_id":0,"font":"","enabled":false},"version":2}},"categories":[28],"tags":[],"class_list":["post-43349","post","type-post","status-publish","format-standard","has-post-thumbnail","hentry","category-internacional"],"jetpack_publicize_connections":[],"jetpack_featured_media_url":"https:\/\/i0.wp.com\/politicosaldesnudo.com.mx\/wp-content\/uploads\/2024\/08\/Kamala-Harris-1.jpg?fit=768%2C479&ssl=1","jetpack-related-posts":[],"jetpack_sharing_enabled":true,"_links":{"self":[{"href":"https:\/\/politicosaldesnudo.com.mx\/index.php\/wp-json\/wp\/v2\/posts\/43349","targetHints":{"allow":["GET"]}}],"collection":[{"href":"https:\/\/politicosaldesnudo.com.mx\/index.php\/wp-json\/wp\/v2\/posts"}],"about":[{"href":"https:\/\/politicosaldesnudo.com.mx\/index.php\/wp-json\/wp\/v2\/types\/post"}],"author":[{"embeddable":true,"href":"https:\/\/politicosaldesnudo.com.mx\/index.php\/wp-json\/wp\/v2\/users\/4"}],"replies":[{"embeddable":true,"href":"https:\/\/politicosaldesnudo.com.mx\/index.php\/wp-json\/wp\/v2\/comments?post=43349"}],"version-history":[{"count":0,"href":"https:\/\/politicosaldesnudo.com.mx\/index.php\/wp-json\/wp\/v2\/posts\/43349\/revisions"}],"wp:featuredmedia":[{"embeddable":true,"href":"https:\/\/politicosaldesnudo.com.mx\/index.php\/wp-json\/wp\/v2\/media\/43350"}],"wp:attachment":[{"href":"https:\/\/politicosaldesnudo.com.mx\/index.php\/wp-json\/wp\/v2\/media?parent=43349"}],"wp:term":[{"taxonomy":"category","embeddable":true,"href":"https:\/\/politicosaldesnudo.com.mx\/index.php\/wp-json\/wp\/v2\/categories?post=43349"},{"taxonomy":"post_tag","embeddable":true,"href":"https:\/\/politicosaldesnudo.com.mx\/index.php\/wp-json\/wp\/v2\/tags?post=43349"}],"curies":[{"name":"wp","href":"https:\/\/api.w.org\/{rel}","templated":true}]}}