{"id":43381,"date":"2024-08-04T01:20:58","date_gmt":"2024-08-04T06:20:58","guid":{"rendered":"https:\/\/politicosaldesnudo.com.mx\/?p=43381"},"modified":"2024-08-04T01:20:58","modified_gmt":"2024-08-04T06:20:58","slug":"maquiladoras-de-la-frontera-norte-han-perdido-mas-de-100000-empleos-en-18-meses-especialistas","status":"publish","type":"post","link":"https:\/\/politicosaldesnudo.com.mx\/index.php\/2024\/08\/04\/maquiladoras-de-la-frontera-norte-han-perdido-mas-de-100000-empleos-en-18-meses-especialistas\/","title":{"rendered":"Maquiladoras de la frontera norte han perdido m\u00e1s de 100,000 empleos en 18 meses: Especialistas"},"content":{"rendered":"<div>\n<p><span style=\"font-size: 14pt;\">El profesor-investigador de la Universidad Aut\u00f3noma de Tamaulipas, Jorge Lera cit\u00f3 un informe del Bloque Empresarial Fronterizo, en el cual menciona que Ciudad Ju\u00e1rez, as\u00ed como otros puntos en la frontera en Baja California y Tamaulipas han sido los m\u00e1s afectados por la desaceleraci\u00f3n en el sector.<\/span><\/p>\n<\/div>\n<div>\n<div>\n<div><span style=\"font-size: 14pt;\">La\u00a0industria maquiladora\u00a0de la frontera norte,\u00a0principalmente en Ciudad Ju\u00e1rez, ha perdido m\u00e1s de 100,000 empleos en los \u00faltimos 18 meses, lo que representa el 10% del total de empleos que hab\u00eda en octubre de 2022, de acuerdo con un informe del Bloque Empresarial Fronterizo, coment\u00f3 a\u00a0Jorge Lera Mej\u00eda,\u00a0profesor-investigador de la Universidad Aut\u00f3noma de Tamaulipas (UAT).<\/span><\/div>\n<\/div>\n<div>\n<div id=\"readNote\">\n<div>\n<p><span style=\"font-size: 14pt;\">Tan solo en Ciudad Ju\u00e1rez, este informe estim\u00f3 que se han perdido m\u00e1s de 50,000 empleos en menos de un a\u00f1o. Explic\u00f3 que otras ciudades de la frontera norte que han sido afectadas son Tijuana, Mexicali, Reynosa, Nuevo Laredo y Matamoros.<\/span><\/p>\n<div>\n<div id=\"script-container2\">\n<div id=\"daily-player-news\">\n<div><span style=\"font-size: 14pt;\">\u201cDesde Reynosa hasta Matamoros, actualmente las maquiladoras tienen rotas sus cadenas productivas, una situaci\u00f3n que comenz\u00f3 desde la\u00a0pandemia de Covid-19\u00a0y de la cual no han logrado recuperarse. Tamaulipas cuenta con m\u00e1s de 400 empresas IMMEX\u201d, detall\u00f3 Lera Mej\u00eda.<\/span><\/div>\n<\/div>\n<\/div>\n<\/div>\n<p><span style=\"font-size: 14pt;\">\u201cHay una\u00a0crisis en este sector en toda la frontera\u00a0norte debido a la alta dependencia de la manufactura de exportaci\u00f3n. La generaci\u00f3n de empleo se ve impactada principalmente por la desaceleraci\u00f3n en el sector maquilador, que ha sufrido 12 meses consecutivos de p\u00e9rdida de empleos formales, lo que supone un freno a la tendencia positiva del nearshoring en los estados maquiladores de la frontera\u201d, a\u00f1adi\u00f3 Lera Mej\u00eda.<\/span><\/p>\n<\/div>\n<\/div>\n<\/div>\n<\/div>\n","protected":false},"excerpt":{"rendered":"<p>El profesor-investigador de la Universidad Aut\u00f3noma de Tamaulipas, Jorge Lera cit\u00f3 un informe del Bloque Empresarial Fronterizo, en el cual<\/p>\n","protected":false},"author":4,"featured_media":43382,"comment_status":"closed","ping_status":"closed","sticky":false,"template":"","format":"standard","meta":{"colormag_page_container_layout":"default_layout","colormag_page_sidebar_layout":"default_layout","_jetpack_memberships_contains_paid_content":false,"footnotes":"","jetpack_publicize_message":"","jetpack_publicize_feature_enabled":true,"jetpack_social_post_already_shared":false,"jetpack_social_options":{"image_generator_settings":{"template":"highway","default_image_id":0,"font":"","enabled":false},"version":2}},"categories":[30],"tags":[],"class_list":["post-43381","post","type-post","status-publish","format-standard","has-post-thumbnail","hentry","category-estados"],"jetpack_publicize_connections":[],"jetpack_featured_media_url":"https:\/\/i0.wp.com\/politicosaldesnudo.com.mx\/wp-content\/uploads\/2024\/08\/maquiladoras_principales_incobadoras_coronavirus_crop1722738485585.jpg_554688468.jpg?fit=1200%2C675&ssl=1","jetpack-related-posts":[],"jetpack_sharing_enabled":true,"_links":{"self":[{"href":"https:\/\/politicosaldesnudo.com.mx\/index.php\/wp-json\/wp\/v2\/posts\/43381","targetHints":{"allow":["GET"]}}],"collection":[{"href":"https:\/\/politicosaldesnudo.com.mx\/index.php\/wp-json\/wp\/v2\/posts"}],"about":[{"href":"https:\/\/politicosaldesnudo.com.mx\/index.php\/wp-json\/wp\/v2\/types\/post"}],"author":[{"embeddable":true,"href":"https:\/\/politicosaldesnudo.com.mx\/index.php\/wp-json\/wp\/v2\/users\/4"}],"replies":[{"embeddable":true,"href":"https:\/\/politicosaldesnudo.com.mx\/index.php\/wp-json\/wp\/v2\/comments?post=43381"}],"version-history":[{"count":0,"href":"https:\/\/politicosaldesnudo.com.mx\/index.php\/wp-json\/wp\/v2\/posts\/43381\/revisions"}],"wp:featuredmedia":[{"embeddable":true,"href":"https:\/\/politicosaldesnudo.com.mx\/index.php\/wp-json\/wp\/v2\/media\/43382"}],"wp:attachment":[{"href":"https:\/\/politicosaldesnudo.com.mx\/index.php\/wp-json\/wp\/v2\/media?parent=43381"}],"wp:term":[{"taxonomy":"category","embeddable":true,"href":"https:\/\/politicosaldesnudo.com.mx\/index.php\/wp-json\/wp\/v2\/categories?post=43381"},{"taxonomy":"post_tag","embeddable":true,"href":"https:\/\/politicosaldesnudo.com.mx\/index.php\/wp-json\/wp\/v2\/tags?post=43381"}],"curies":[{"name":"wp","href":"https:\/\/api.w.org\/{rel}","templated":true}]}}