{"id":43388,"date":"2024-08-04T01:24:54","date_gmt":"2024-08-04T06:24:54","guid":{"rendered":"https:\/\/politicosaldesnudo.com.mx\/?p=43388"},"modified":"2024-08-04T01:24:54","modified_gmt":"2024-08-04T06:24:54","slug":"capturan-en-hidalgo-a-lider-huachicolero-buscado-en-queretaro","status":"publish","type":"post","link":"https:\/\/politicosaldesnudo.com.mx\/index.php\/2024\/08\/04\/capturan-en-hidalgo-a-lider-huachicolero-buscado-en-queretaro\/","title":{"rendered":"Capturan en Hidalgo a l\u00edder huachicolero buscado en Quer\u00e9taro"},"content":{"rendered":"<p><span style=\"font-size: 14pt;\">La Fiscal\u00eda General de Queretaro (FJQ) dio a conocer la noche de este s\u00e1bado que con colaboraci\u00f3n de la Procuradur\u00eda General de Justicia de Hidalgo (PGJH) fue capturado en esa entidad, alias,\u00a0<em>El Tres Cuartos,<\/em>\u00a0l\u00edder huachicolero generador de diversos actos de violencia en en el municipio de San Juan del R\u00edo.<\/span><\/p>\n<p><span style=\"font-size: 14pt;\"><em>El Tres Cuartos<\/em>\u00a0operaba en San Juan del R\u00edo pero se escond\u00eda en el municipio de Huichapan, Hidalgo lim\u00edtrofe con Quer\u00e9taro.<\/span><\/p>\n<p><span style=\"font-size: 14pt;\">Era buscado por tres carpetas de investigaci\u00f3n en su contra iniciadas por los delitos de homicidio, robo y privaci\u00f3n de la libertad perpetrados en lugares ubicados en los l\u00edmites de Quer\u00e9taro con Hidalgo.<\/span><\/p>\n<p><span style=\"font-size: 14pt;\">La orden de captura de\u00a0<em>El Tres Cuartos\u00a0<\/em>se ejecut\u00f3 en Huichapan por agentes de Hidalgo tras recibir una solicitud de colaboraci\u00f3n de la Polic\u00eda de Investigaci\u00f3n del Delito de la FJQ.<\/span><\/p>\n<p><span style=\"font-size: 14pt;\">Sin especificar el lugar exacto de Huichapan en que fue capturado, el presunto l\u00edder huachicolero fue entregado por los polic\u00edas hidalguenses a los queretanos.<\/span><\/p>\n","protected":false},"excerpt":{"rendered":"<p>La Fiscal\u00eda General de Queretaro (FJQ) dio a conocer la noche de este s\u00e1bado que con colaboraci\u00f3n de la Procuradur\u00eda<\/p>\n","protected":false},"author":4,"featured_media":43389,"comment_status":"closed","ping_status":"closed","sticky":false,"template":"","format":"standard","meta":{"colormag_page_container_layout":"default_layout","colormag_page_sidebar_layout":"default_layout","_jetpack_memberships_contains_paid_content":false,"footnotes":"","jetpack_publicize_message":"","jetpack_publicize_feature_enabled":true,"jetpack_social_post_already_shared":false,"jetpack_social_options":{"image_generator_settings":{"template":"highway","default_image_id":0,"font":"","enabled":false},"version":2}},"categories":[30],"tags":[],"class_list":["post-43388","post","type-post","status-publish","format-standard","has-post-thumbnail","hentry","category-estados"],"jetpack_publicize_connections":[],"jetpack_featured_media_url":"https:\/\/i0.wp.com\/politicosaldesnudo.com.mx\/wp-content\/uploads\/2024\/08\/5125904.jpg?fit=960%2C640&ssl=1","jetpack-related-posts":[],"jetpack_sharing_enabled":true,"_links":{"self":[{"href":"https:\/\/politicosaldesnudo.com.mx\/index.php\/wp-json\/wp\/v2\/posts\/43388","targetHints":{"allow":["GET"]}}],"collection":[{"href":"https:\/\/politicosaldesnudo.com.mx\/index.php\/wp-json\/wp\/v2\/posts"}],"about":[{"href":"https:\/\/politicosaldesnudo.com.mx\/index.php\/wp-json\/wp\/v2\/types\/post"}],"author":[{"embeddable":true,"href":"https:\/\/politicosaldesnudo.com.mx\/index.php\/wp-json\/wp\/v2\/users\/4"}],"replies":[{"embeddable":true,"href":"https:\/\/politicosaldesnudo.com.mx\/index.php\/wp-json\/wp\/v2\/comments?post=43388"}],"version-history":[{"count":0,"href":"https:\/\/politicosaldesnudo.com.mx\/index.php\/wp-json\/wp\/v2\/posts\/43388\/revisions"}],"wp:featuredmedia":[{"embeddable":true,"href":"https:\/\/politicosaldesnudo.com.mx\/index.php\/wp-json\/wp\/v2\/media\/43389"}],"wp:attachment":[{"href":"https:\/\/politicosaldesnudo.com.mx\/index.php\/wp-json\/wp\/v2\/media?parent=43388"}],"wp:term":[{"taxonomy":"category","embeddable":true,"href":"https:\/\/politicosaldesnudo.com.mx\/index.php\/wp-json\/wp\/v2\/categories?post=43388"},{"taxonomy":"post_tag","embeddable":true,"href":"https:\/\/politicosaldesnudo.com.mx\/index.php\/wp-json\/wp\/v2\/tags?post=43388"}],"curies":[{"name":"wp","href":"https:\/\/api.w.org\/{rel}","templated":true}]}}