{"id":43392,"date":"2024-08-04T01:26:34","date_gmt":"2024-08-04T06:26:34","guid":{"rendered":"https:\/\/politicosaldesnudo.com.mx\/?p=43392"},"modified":"2024-08-04T01:26:34","modified_gmt":"2024-08-04T06:26:34","slug":"actual-gobierno-no-pudo-darnos-la-verdad-padres-de-los-43","status":"publish","type":"post","link":"https:\/\/politicosaldesnudo.com.mx\/index.php\/2024\/08\/04\/actual-gobierno-no-pudo-darnos-la-verdad-padres-de-los-43\/","title":{"rendered":"Actual gobierno no pudo darnos la verdad: padres de los 43"},"content":{"rendered":"<div><span style=\"font-size: 14pt;\">Con el compromiso de continuar la lucha por la presentaci\u00f3n con vida de los 43 estudiantes desaparecidos de la Normal de Ayotzinapa, concluy\u00f3 esta tarde la Asamblea Nacional Popular, en donde se denunci\u00f3 que \u201c este gobierno no pudo dar verdad y justicia. A la fecha no sabemos el paradero de nuestros hijos. Las investigaciones avanzaron hasta el a\u00f1o 2022\u201d.<\/span><\/div>\n<div><\/div>\n<div><span style=\"font-size: 14pt;\">El presidente, Andr\u00e9s Manuel L\u00f3pez Obrador \u201cse ha empecinado en generar un falso debate de un supuesto intervencionismo extranjero, y de las organizaciones de derechos humanos que han obstaculizado el caso, como una mera justificaci\u00f3n de su fracaso en las investigaciones del caso Ayotzinapa\u201d.<\/span><\/div>\n<div><\/div>\n<div><span style=\"font-size: 14pt;\">Al concluir la asamblea, realizada en las instalaciones de la Normal de Ayotzinapa, ubicada en Tixtla, se dio a conocer la postura de los padres de familia \u201ccuando se proces\u00f3 a 20 militares y se exigi\u00f3 una investigaci\u00f3n contra ellos, empezaron las tensiones con el presidente. La Comisi\u00f3n para la Verdad y el Accesos a la Justicia (CoVAJ) y la Unidad Especial de Investigaci\u00f3n y Litigaci\u00f3n del caso Ayotzinapa (UEILCA) fueron desmantelados y sus titulares renunciaron en medio de las presiones y hostigamiento militar; el propio Alejandro Encinas ha sido citado para ser interrogado por los militares ante el silencio del presidente\u201d.\u00a0<\/span><\/div>\n<div><\/div>\n<div><span style=\"font-size: 14pt;\">Recordaron que \u201clos 17 estudiantes sacados de barandilla municipal; los estudiantes que fueron ingresados al 27 batall\u00f3n y entregados al grupo delictivo guerreros unidos, las extradiciones de Tom\u00e1s Zer\u00f3n y Jos\u00e9 Ulises Bernab\u00e9 permanecen sin impulso ni avances\u201d.<\/span><\/div>\n<div><\/div>\n<div><span style=\"font-size: 14pt;\">Podemos vaticinar que \u201cno habr\u00e1 novedades y avances del caso, en el tiempo que le resta al presidente, lo \u00fanico que veremos en las ma\u00f1aneras ser\u00e1n los vituperios contra el Centro de Derechos Humanos Miguel Agust\u00edn Pro y Vidulfo Rosales\u201d.<\/span><\/div>\n<div><\/div>\n<div><span style=\"font-size: 14pt;\">Las pruebas contra el ej\u00e9rcito existen: un soldado fue infiltrado en la Normal de Ayotzinapa, existen documentos militares que aprob\u00f3 los cursos y ex\u00e1menes como agente de contrainteligencia y que su inmediato superior inform\u00f3 de su desaparici\u00f3n el d\u00eda 29 de septiembre de 2014; \u00a0militares dieron seguimiento a nuestros hijos desde que llegaron a Iguala hasta su desaparici\u00f3n\u201d.<\/span><\/div>\n<div><\/div>\n<div><span style=\"font-size: 14pt;\">Adem\u00e1s, \u201cintervinieron llamadas de los 17 estudiantes trasladados de barandilla municipal; datos de prueba establecen que mandos militares del 27 Batall\u00f3n ten\u00edan v\u00ednculos delictivos con el grupo\u00a0<em>Guerreros Unidos<\/em>; y un testigo protegido declar\u00f3 que varios estudiantes fueron detenidos por los militares, ingresados al 27 Batall\u00f3n y entregados a\u00a0<em>Guerreros Unidos<\/em>. Corresponde al gobierno probar la plena participaci\u00f3n del ej\u00e9rcito y no invertir la carga de la prueba a las madres y padres de los 43\u201d.\u00a0<\/span><\/div>\n","protected":false},"excerpt":{"rendered":"<p>Con el compromiso de continuar la lucha por la presentaci\u00f3n con vida de los 43 estudiantes desaparecidos de la Normal<\/p>\n","protected":false},"author":4,"featured_media":43393,"comment_status":"closed","ping_status":"closed","sticky":false,"template":"","format":"standard","meta":{"colormag_page_container_layout":"default_layout","colormag_page_sidebar_layout":"default_layout","_jetpack_memberships_contains_paid_content":false,"footnotes":"","jetpack_publicize_message":"","jetpack_publicize_feature_enabled":true,"jetpack_social_post_already_shared":false,"jetpack_social_options":{"image_generator_settings":{"template":"highway","default_image_id":0,"font":"","enabled":false},"version":2}},"categories":[30],"tags":[],"class_list":["post-43392","post","type-post","status-publish","format-standard","has-post-thumbnail","hentry","category-estados"],"jetpack_publicize_connections":[],"jetpack_featured_media_url":"https:\/\/i0.wp.com\/politicosaldesnudo.com.mx\/wp-content\/uploads\/2024\/08\/images-1.jpg?fit=300%2C168&ssl=1","jetpack-related-posts":[],"jetpack_sharing_enabled":true,"_links":{"self":[{"href":"https:\/\/politicosaldesnudo.com.mx\/index.php\/wp-json\/wp\/v2\/posts\/43392","targetHints":{"allow":["GET"]}}],"collection":[{"href":"https:\/\/politicosaldesnudo.com.mx\/index.php\/wp-json\/wp\/v2\/posts"}],"about":[{"href":"https:\/\/politicosaldesnudo.com.mx\/index.php\/wp-json\/wp\/v2\/types\/post"}],"author":[{"embeddable":true,"href":"https:\/\/politicosaldesnudo.com.mx\/index.php\/wp-json\/wp\/v2\/users\/4"}],"replies":[{"embeddable":true,"href":"https:\/\/politicosaldesnudo.com.mx\/index.php\/wp-json\/wp\/v2\/comments?post=43392"}],"version-history":[{"count":0,"href":"https:\/\/politicosaldesnudo.com.mx\/index.php\/wp-json\/wp\/v2\/posts\/43392\/revisions"}],"wp:featuredmedia":[{"embeddable":true,"href":"https:\/\/politicosaldesnudo.com.mx\/index.php\/wp-json\/wp\/v2\/media\/43393"}],"wp:attachment":[{"href":"https:\/\/politicosaldesnudo.com.mx\/index.php\/wp-json\/wp\/v2\/media?parent=43392"}],"wp:term":[{"taxonomy":"category","embeddable":true,"href":"https:\/\/politicosaldesnudo.com.mx\/index.php\/wp-json\/wp\/v2\/categories?post=43392"},{"taxonomy":"post_tag","embeddable":true,"href":"https:\/\/politicosaldesnudo.com.mx\/index.php\/wp-json\/wp\/v2\/tags?post=43392"}],"curies":[{"name":"wp","href":"https:\/\/api.w.org\/{rel}","templated":true}]}}