{"id":43395,"date":"2024-08-04T01:36:57","date_gmt":"2024-08-04T06:36:57","guid":{"rendered":"https:\/\/politicosaldesnudo.com.mx\/?p=43395"},"modified":"2024-08-04T01:36:57","modified_gmt":"2024-08-04T06:36:57","slug":"en-proceso-entrega-de-equipo-para-hospitales-figura-poza-rica","status":"publish","type":"post","link":"https:\/\/politicosaldesnudo.com.mx\/index.php\/2024\/08\/04\/en-proceso-entrega-de-equipo-para-hospitales-figura-poza-rica\/","title":{"rendered":"En proceso entrega de equipo para hospitales; figura Poza Rica"},"content":{"rendered":"<p><span style=\"font-size: 14pt;\">La Secretar\u00eda de Salud confirm\u00f3 la entrega de 35 ambulancias al gobierno del estado de Veracruz equivalentes a una inversi\u00f3n de 70.4 millones de pesos provenientes de la Administraci\u00f3n del Patrimonio de la Beneficencia P\u00fablica (APBP), pero tambi\u00e9n reiter\u00f3 la pr\u00f3xima entrega, de un equipo de tomograf\u00eda y resonancia magn\u00e9tica para el Centro de Alta Especialidad \u00abRafael Lucio\u00bb y un tom\u00f3grafo para el Hospital Regional de Poza Rica con valor total de 83.4 millones de pesos.<\/span><\/p>\n<p><span style=\"font-size: 14pt;\">El director general de la APBP, Adri\u00e1n Ben\u00edtez Ruiz, record\u00f3 que en 2023, la Beneficencia P\u00fablica entreg\u00f3 en el estado veracruzano, 22 ambulancias b\u00e1sicas con la encomienda de ser utilizadas en beneficio de la poblaci\u00f3n.<\/span><\/p>\n<p><span style=\"font-size: 14pt;\">Por su parte la secretaria de Salud de Veracruz, Guadalupe D\u00edaz del Castillo Flores, apunt\u00f3 que estas acciones contribuyen a la transformaci\u00f3n de los servicios en la entidad, a\u00f1adiendo que la principal demanda de los veracruzanos es contar con hospitales y centros de salud , equipados y funcionales.<\/span><\/p>\n","protected":false},"excerpt":{"rendered":"<p>La Secretar\u00eda de Salud confirm\u00f3 la entrega de 35 ambulancias al gobierno del estado de Veracruz equivalentes a una inversi\u00f3n<\/p>\n","protected":false},"author":4,"featured_media":43396,"comment_status":"closed","ping_status":"closed","sticky":false,"template":"","format":"standard","meta":{"colormag_page_container_layout":"default_layout","colormag_page_sidebar_layout":"default_layout","_jetpack_memberships_contains_paid_content":false,"footnotes":"","jetpack_publicize_message":"","jetpack_publicize_feature_enabled":true,"jetpack_social_post_already_shared":false,"jetpack_social_options":{"image_generator_settings":{"template":"highway","default_image_id":0,"font":"","enabled":false},"version":2}},"categories":[1082],"tags":[],"class_list":["post-43395","post","type-post","status-publish","format-standard","has-post-thumbnail","hentry","category-tuxpan"],"jetpack_publicize_connections":[],"jetpack_featured_media_url":"https:\/\/i0.wp.com\/politicosaldesnudo.com.mx\/wp-content\/uploads\/2024\/08\/en-proceso-entrega-de-equipo-para-hospitales-figura-poza-rica-539499.jpeg?fit=800%2C600&ssl=1","jetpack-related-posts":[],"jetpack_sharing_enabled":true,"_links":{"self":[{"href":"https:\/\/politicosaldesnudo.com.mx\/index.php\/wp-json\/wp\/v2\/posts\/43395","targetHints":{"allow":["GET"]}}],"collection":[{"href":"https:\/\/politicosaldesnudo.com.mx\/index.php\/wp-json\/wp\/v2\/posts"}],"about":[{"href":"https:\/\/politicosaldesnudo.com.mx\/index.php\/wp-json\/wp\/v2\/types\/post"}],"author":[{"embeddable":true,"href":"https:\/\/politicosaldesnudo.com.mx\/index.php\/wp-json\/wp\/v2\/users\/4"}],"replies":[{"embeddable":true,"href":"https:\/\/politicosaldesnudo.com.mx\/index.php\/wp-json\/wp\/v2\/comments?post=43395"}],"version-history":[{"count":0,"href":"https:\/\/politicosaldesnudo.com.mx\/index.php\/wp-json\/wp\/v2\/posts\/43395\/revisions"}],"wp:featuredmedia":[{"embeddable":true,"href":"https:\/\/politicosaldesnudo.com.mx\/index.php\/wp-json\/wp\/v2\/media\/43396"}],"wp:attachment":[{"href":"https:\/\/politicosaldesnudo.com.mx\/index.php\/wp-json\/wp\/v2\/media?parent=43395"}],"wp:term":[{"taxonomy":"category","embeddable":true,"href":"https:\/\/politicosaldesnudo.com.mx\/index.php\/wp-json\/wp\/v2\/categories?post=43395"},{"taxonomy":"post_tag","embeddable":true,"href":"https:\/\/politicosaldesnudo.com.mx\/index.php\/wp-json\/wp\/v2\/tags?post=43395"}],"curies":[{"name":"wp","href":"https:\/\/api.w.org\/{rel}","templated":true}]}}