{"id":43410,"date":"2024-08-04T01:44:40","date_gmt":"2024-08-04T06:44:40","guid":{"rendered":"https:\/\/politicosaldesnudo.com.mx\/?p=43410"},"modified":"2024-08-04T01:44:40","modified_gmt":"2024-08-04T06:44:40","slug":"renace-en-venezuela-el-temor-de-una-ola-migratoria","status":"publish","type":"post","link":"https:\/\/politicosaldesnudo.com.mx\/index.php\/2024\/08\/04\/renace-en-venezuela-el-temor-de-una-ola-migratoria\/","title":{"rendered":"Renace en Venezuela el temor de una ola migratoria"},"content":{"rendered":"<div class=\"content-body clearfix \">\n<div id=\"content-body-225-12340240\">\n<p><span style=\"font-size: 14pt;\">Gobiernos de toda la regi\u00f3n latinoamericana temen que miles de venezolanos conformen una nueva oleada migratoria, luego de que 7.5 millones de personas dejaran este pa\u00eds caribe\u00f1o durante la \u00faltima d\u00e9cada para huir de una voraz crisis, seg\u00fan estimaciones de la agencia de la ONU para los Refugiados (ACNUR).<\/span><\/p>\n<p><span style=\"font-size: 14pt;\">\u201cEstoy triste, cansado, aburrido. Fue un robo descarado\u201d, lament\u00f3 Jos\u00e9 V\u00e1squez, de 31 a\u00f1os, quien estudi\u00f3 Educaci\u00f3n, pero es vendedor de un local comercial en San Crist\u00f3bal, capital de T\u00e1chira, por los bajos salarios de los profesores, que, sostiene, \u201cno sirven para nada\u201d.<\/span><\/p>\n<\/div>\n<\/div>\n<article class=\"content-continued-body clearfix \">\n<div id=\"content-body-5851641-12340240\">\n<p><span style=\"font-size: 14pt;\">\u201cTodo el mundo sabe lo que va a pasar: la gente de mi edad y la que es m\u00e1s jovencita se va a ir. Va a haber una fuga migratoria gigantesca. La di\u00e1spora va a ser mayor\u201d, coment\u00f3 V\u00e1squez.<\/span><\/p>\n<p><span style=\"font-size: 14pt;\">Antes de los comicios, la encuestadora ORC Consultores proyectaba que 18 por ciento de los venezolanos estar\u00eda dispuesto a migrar en un plazo de seis meses si Maduro conservaba el poder. Sobre una poblaci\u00f3n de 30 millones (el \u00faltimo censo fue en 2011), son 5.4 millones de personas.<\/span><\/p>\n<p><span style=\"font-size: 14pt;\">A poco m\u00e1s de una hora por carretera de San Crist\u00f3bal est\u00e1 San Antonio, habitual punto de partida de los migrantes que salen a pie hacia Estados Unidos con la idea de cruzar la selva del Dari\u00e9n, peligroso corredor entre Colombia y Panam\u00e1.<\/span><\/p>\n<p><span style=\"font-size: 14pt;\">\u201cYo creo, ojal\u00e1 me equivoque, que el flujo de venezolanos (por el Dari\u00e9n) va a aumentar por razones evidentes. Tenemos que adoptar las decisiones que correspondan tambi\u00e9n para salvaguardar su vida, su integridad y darle paso expedito\u201d, dijo en rueda de prensa el presidente paname\u00f1o, Jos\u00e9 Ra\u00fal Mulino.<\/span><\/p>\n<p><span style=\"font-size: 14pt;\">Unos 200 mil migrantes han hecho esta traves\u00eda en 2024, seg\u00fan cifras oficiales. Cerca de dos tercios eran venezolanos. Es un tema central en la campa\u00f1a presidencial de EU, sobre todo para Donald Trump, que busca volver a la Casa Blanca con un discurso antiinmigrante a\u00fan m\u00e1s fuerte que en su primer mandato.<\/span><\/p>\n<p><span style=\"font-size: 14pt;\">Ya el Servicio Nacional de Fronteras de Panam\u00e1 anunci\u00f3 que las medidas de seguridad ser\u00e1n reforzadas en la zona.<\/span><\/p>\n<p><span style=\"font-size: 14pt;\">El independiente Observatorio de Investigaciones Sociales en la Frontera, en T\u00e1chira, advierte en un informe sobre la \u201cvulnerabilidad\u201d de los migrantes que cruzan a pie frente a redes de tr\u00e1fico humano y organizaciones criminales.<\/span><\/p>\n<p><span style=\"font-size: 14pt;\">Seg\u00fan estimaciones de la ONU los cinco pa\u00edses de Latinoam\u00e9rica con mayor n\u00famero de migrantes de Venezuela son Colombia (2.8 millones), Per\u00fa (1.5 millones), Brasil (568 mil), Chile (532 mil) y Ecuador (444 mil).<\/span><\/p>\n<p><span style=\"font-size: 14pt;\">\u201cLa ola migratoria no se ha detenido en ning\u00fan minuto\u201d, pero \u201chay una preocupaci\u00f3n de que esto se pudiera intensificar y para eso tenemos que prepararnos\u201d, dijo a la prensa la vicepresidenta de Chile y ministra de Interior, Carolina Toh\u00e1.<\/span><\/p>\n<\/div>\n<\/article>\n","protected":false},"excerpt":{"rendered":"<p>Gobiernos de toda la regi\u00f3n latinoamericana temen que miles de venezolanos conformen una nueva oleada migratoria, luego de que 7.5<\/p>\n","protected":false},"author":4,"featured_media":43411,"comment_status":"closed","ping_status":"closed","sticky":false,"template":"","format":"standard","meta":{"colormag_page_container_layout":"default_layout","colormag_page_sidebar_layout":"default_layout","_jetpack_memberships_contains_paid_content":false,"footnotes":"","jetpack_publicize_message":"","jetpack_publicize_feature_enabled":true,"jetpack_social_post_already_shared":false,"jetpack_social_options":{"image_generator_settings":{"template":"highway","default_image_id":0,"font":"","enabled":false},"version":2}},"categories":[28],"tags":[],"class_list":["post-43410","post","type-post","status-publish","format-standard","has-post-thumbnail","hentry","category-internacional"],"jetpack_publicize_connections":[],"jetpack_featured_media_url":"https:\/\/i0.wp.com\/politicosaldesnudo.com.mx\/wp-content\/uploads\/2024\/08\/venezuelaII.jpg?fit=768%2C479&ssl=1","jetpack-related-posts":[],"jetpack_sharing_enabled":true,"_links":{"self":[{"href":"https:\/\/politicosaldesnudo.com.mx\/index.php\/wp-json\/wp\/v2\/posts\/43410","targetHints":{"allow":["GET"]}}],"collection":[{"href":"https:\/\/politicosaldesnudo.com.mx\/index.php\/wp-json\/wp\/v2\/posts"}],"about":[{"href":"https:\/\/politicosaldesnudo.com.mx\/index.php\/wp-json\/wp\/v2\/types\/post"}],"author":[{"embeddable":true,"href":"https:\/\/politicosaldesnudo.com.mx\/index.php\/wp-json\/wp\/v2\/users\/4"}],"replies":[{"embeddable":true,"href":"https:\/\/politicosaldesnudo.com.mx\/index.php\/wp-json\/wp\/v2\/comments?post=43410"}],"version-history":[{"count":0,"href":"https:\/\/politicosaldesnudo.com.mx\/index.php\/wp-json\/wp\/v2\/posts\/43410\/revisions"}],"wp:featuredmedia":[{"embeddable":true,"href":"https:\/\/politicosaldesnudo.com.mx\/index.php\/wp-json\/wp\/v2\/media\/43411"}],"wp:attachment":[{"href":"https:\/\/politicosaldesnudo.com.mx\/index.php\/wp-json\/wp\/v2\/media?parent=43410"}],"wp:term":[{"taxonomy":"category","embeddable":true,"href":"https:\/\/politicosaldesnudo.com.mx\/index.php\/wp-json\/wp\/v2\/categories?post=43410"},{"taxonomy":"post_tag","embeddable":true,"href":"https:\/\/politicosaldesnudo.com.mx\/index.php\/wp-json\/wp\/v2\/tags?post=43410"}],"curies":[{"name":"wp","href":"https:\/\/api.w.org\/{rel}","templated":true}]}}