{"id":43423,"date":"2024-08-05T07:56:59","date_gmt":"2024-08-05T12:56:59","guid":{"rendered":"https:\/\/politicosaldesnudo.com.mx\/?p=43423"},"modified":"2024-08-05T07:56:59","modified_gmt":"2024-08-05T12:56:59","slug":"y-la-oposicion-ciega-sorda-y-muda","status":"publish","type":"post","link":"https:\/\/politicosaldesnudo.com.mx\/index.php\/2024\/08\/05\/y-la-oposicion-ciega-sorda-y-muda\/","title":{"rendered":"\u00bfY la oposici\u00f3n? Ciega, sorda y muda"},"content":{"rendered":"<p><span style=\"font-size: 14pt;\"><strong>Por: Luis Ram\u00edrez Baqueiro<\/strong><\/span><\/p>\n<p>&nbsp;<\/p>\n<p><span style=\"font-size: 14pt;\"><em>\u201cNunca se miente tanto como antes de las elecciones, durante la guerra y despu\u00e9s de la cacer\u00eda.\u201d \u2013 Otto von Bismarck.<\/em><\/span><\/p>\n<p><span style=\"font-size: 14pt;\">\u00a0<\/span><\/p>\n<p><span style=\"font-size: 14pt;\">Vaya que este fin de semana fue especial para la pol\u00edtica veracruzana y porque no para la pol\u00edtica nacional, el tap\u00f3n de trompa que le metieron a la oposici\u00f3n confirma que moralmente est\u00e1n m\u00e1s que derrotados.<\/span><\/p>\n<p><span style=\"font-size: 14pt;\">Dice la cantante colombiana Shakira en uno de sus temas m\u00e1s famosos, que le queda a la oposici\u00f3n como anillo al dedo en algunas de sus estrofas.<\/span><\/p>\n<p><span style=\"font-size: 14pt;\">La compositora afirma, lo que le pasa a la oposici\u00f3n: <\/span><\/p>\n<p><span style=\"font-size: 14pt;\">\u201cSe me acaba el argumento<\/span><\/p>\n<p><span style=\"font-size: 14pt;\">Y la metodolog\u00eda<\/span><\/p>\n<p><span style=\"font-size: 14pt;\">Cada vez que se aparece frente<\/span><\/p>\n<p><span style=\"font-size: 14pt;\">A m\u00ed tu anatom\u00eda\u201d<\/span><\/p>\n<p><span style=\"font-size: 14pt;\">Y es que simplemente tuvo el s\u00e1bado que llegar el presidente Andr\u00e9s Manuel L\u00f3pez Obrador a Dos Bocas en Para\u00edso, Tabasco, sede de la Refiner\u00eda \u201cOlmeca\u201d para que acompa\u00f1ado de la presidenta Electa, Claudia Sheinbaum y de la virtual gobernadora Electa de Veracruz, Roc\u00edo Nahle Garc\u00eda para restregarlo en la cara, que toda su campa\u00f1a difamatoria, se terminaba de caer a pedacitos.<\/span><\/p>\n<p><span style=\"font-size: 14pt;\">Lo mismo se los recrimin\u00f3 el domingo en Sayula de Alem\u00e1n y Minatitl\u00e1n.<\/span><\/p>\n<p><span style=\"font-size: 14pt;\">El rostro de satisfacci\u00f3n de los presentes, pero especialmente de Nahle Garc\u00eda al ser reconocida por el mandatario federal y la propia presidenta electa Claudia Sheinbaum demuestran la val\u00eda de esta mujer que se faj\u00f3 como ning\u00fan otro pol\u00edtico reciente en Veracruz, a sacar un proyecto hist\u00f3rico y aguantar estoica las infamias de sus oponentes pol\u00edticos.<\/span><\/p>\n<p><span style=\"font-size: 14pt;\">Ni el PRI, ni el PAN en sus gobiernos pudieron con el reto de verdaderamente terminar un proyecto de tal envergadura, del conocimiento nacional, el proyecto de refiner\u00eda de Tula en Hidalgo encabezado por Felipe Calder\u00f3n, termin\u00f3 siendo una barda de verg\u00fcenza.<\/span><\/p>\n<p><span style=\"font-size: 14pt;\">Y esto que consum\u00f3 la 4T, fue materia de escarnio, cr\u00edtica, sin el mayor de los argumentos t\u00e9cnicos, simplemente criticar y se\u00f1alar presuntas corrupciones, porque en su psique ellos si trabajan as\u00ed.<\/span><\/p>\n<p><span style=\"font-size: 14pt;\">Ahora es comprensible aquel argumento repetido hasta la saciedad por el mismo presidente Andr\u00e9s Manuel L\u00f3pez Obrador, \u201cno somos iguales\u201d.<\/span><\/p>\n<p><span style=\"font-size: 14pt;\">\u00bfD\u00f3nde est\u00e1n los Yunes desmintiendo tan magna obra? \u00bfD\u00f3nde qued\u00f3 Pepito el de los Cuentos? \u00bfQu\u00e9 argumento falaz volver\u00e1 a soltar el impresentable inspector Castagn\u00e9?<\/span><\/p>\n<p><span style=\"font-size: 14pt;\">M\u00e1s les valdr\u00eda aclarar sus pendientes, esos que, si son reales, esos que s\u00ed est\u00e1n abiertos en carpetas de investigaci\u00f3n por delitos cometidos por ellos y nada m\u00e1s que ellos, que los han hecho espetar verdaderas vulgaridades ante la falta de argumentos, victimiz\u00e1ndose, cuando muy machos insultaron a una mujer.<\/span><\/p>\n<p><span style=\"font-size: 14pt;\">Solo para la reflexi\u00f3n, dos asuntos est\u00e1n sumamente pendientes de aclarar:<\/span><\/p>\n<p><span style=\"font-size: 14pt;\">Que paso con el decomiso de armas en Boca del R\u00edo presuntamente destinado al famoso C\u00e1rtel de Sinaloa en terrenos, propiedades, o espacios ligados directamente a los testaferros del referido Clan.<\/span><\/p>\n<p><span style=\"font-size: 14pt;\">El otro, el que destap\u00f3 la periodista Penyley Ram\u00edrez para el Diario Reforma y que revela un dato muy pero muy interesante, sobre una aeronave en la que presuntamente habr\u00edan trasladado a conocido l\u00edder de ese mismo grupo criminal a los EUA.<\/span><\/p>\n<p><span style=\"font-size: 14pt;\">La periodista cita: \u201cLuego, obtuve el n\u00famero de serie del avi\u00f3n que lleg\u00f3 a Nuevo M\u00e9xico. Y con ello, rastre\u00e9 su historial en registros p\u00fablicos. Hasta 2013, un avi\u00f3n con ese mismo n\u00famero de serie volaba con una matr\u00edcula estadounidense. Ese a\u00f1o, se vendi\u00f3 a una empresa financiera mexicana. Se le asign\u00f3 una matr\u00edcula mexicana. Durante estos a\u00f1os, seg\u00fan registros p\u00fablicos, <em>el avi\u00f3n ha sido propiedad de esa empresa, y ha tenido como su aeropuerto principal el de Xalapa, Veracruz<\/em>. Al menos, as\u00ed estaba en el registro m\u00e1s reciente que hall\u00e9, de septiembre de 2023. <em>Incluso, ese avi\u00f3n estuvo bajo una investigaci\u00f3n del Instituto Nacional Electoral sobre uso de aeronaves en Veracruz<\/em>. <em>Este n\u00famero de serie en particular estaba relacionado con una empresa, con domicilio en Coatzacoalcos, que facilit\u00f3 aviones a pol\u00edticos del PRI.<\/em> En las fotos de los aviones, el que lleg\u00f3 a Nuevo M\u00e9xico y el domiciliado en Xalapa, se ven algunas diferencias, aunque tienen el mismo n\u00famero de serie. Las autoridades no han podido explicar tampoco esto.<\/span><\/p>\n<p><span style=\"font-size: 14pt;\">Uff, uff, y recontra uff\u2026 C\u00f3mo dijera en vida a trav\u00e9s de su columna Don Rub\u00e9n Pabell\u00f3n Acosta \u00bfQu\u00e9 hay de eso?<\/span><\/p>\n<p><span style=\"font-size: 14pt;\">\u00a0<\/span><\/p>\n<p><span style=\"font-size: 14pt;\">Al tiempo.<\/span><\/p>\n","protected":false},"excerpt":{"rendered":"<p>Por: Luis Ram\u00edrez Baqueiro &nbsp; \u201cNunca se miente tanto como antes de las elecciones, durante la guerra y despu\u00e9s de<\/p>\n","protected":false},"author":4,"featured_media":38306,"comment_status":"closed","ping_status":"closed","sticky":false,"template":"","format":"standard","meta":{"colormag_page_container_layout":"default_layout","colormag_page_sidebar_layout":"default_layout","_jetpack_memberships_contains_paid_content":false,"footnotes":"","jetpack_publicize_message":"","jetpack_publicize_feature_enabled":true,"jetpack_social_post_already_shared":false,"jetpack_social_options":{"image_generator_settings":{"template":"highway","default_image_id":0,"font":"","enabled":false},"version":2}},"categories":[26],"tags":[],"class_list":["post-43423","post","type-post","status-publish","format-standard","has-post-thumbnail","hentry","category-columnistas"],"jetpack_publicize_connections":[],"jetpack_featured_media_url":"https:\/\/i0.wp.com\/politicosaldesnudo.com.mx\/wp-content\/uploads\/2024\/05\/ASTROLABIO-4.jpg?fit=1816%2C1016&ssl=1","jetpack-related-posts":[],"jetpack_sharing_enabled":true,"_links":{"self":[{"href":"https:\/\/politicosaldesnudo.com.mx\/index.php\/wp-json\/wp\/v2\/posts\/43423","targetHints":{"allow":["GET"]}}],"collection":[{"href":"https:\/\/politicosaldesnudo.com.mx\/index.php\/wp-json\/wp\/v2\/posts"}],"about":[{"href":"https:\/\/politicosaldesnudo.com.mx\/index.php\/wp-json\/wp\/v2\/types\/post"}],"author":[{"embeddable":true,"href":"https:\/\/politicosaldesnudo.com.mx\/index.php\/wp-json\/wp\/v2\/users\/4"}],"replies":[{"embeddable":true,"href":"https:\/\/politicosaldesnudo.com.mx\/index.php\/wp-json\/wp\/v2\/comments?post=43423"}],"version-history":[{"count":0,"href":"https:\/\/politicosaldesnudo.com.mx\/index.php\/wp-json\/wp\/v2\/posts\/43423\/revisions"}],"wp:featuredmedia":[{"embeddable":true,"href":"https:\/\/politicosaldesnudo.com.mx\/index.php\/wp-json\/wp\/v2\/media\/38306"}],"wp:attachment":[{"href":"https:\/\/politicosaldesnudo.com.mx\/index.php\/wp-json\/wp\/v2\/media?parent=43423"}],"wp:term":[{"taxonomy":"category","embeddable":true,"href":"https:\/\/politicosaldesnudo.com.mx\/index.php\/wp-json\/wp\/v2\/categories?post=43423"},{"taxonomy":"post_tag","embeddable":true,"href":"https:\/\/politicosaldesnudo.com.mx\/index.php\/wp-json\/wp\/v2\/tags?post=43423"}],"curies":[{"name":"wp","href":"https:\/\/api.w.org\/{rel}","templated":true}]}}