{"id":43429,"date":"2024-08-05T08:03:35","date_gmt":"2024-08-05T13:03:35","guid":{"rendered":"https:\/\/politicosaldesnudo.com.mx\/?p=43429"},"modified":"2024-08-05T08:03:35","modified_gmt":"2024-08-05T13:03:35","slug":"debby-se-convierte-en-huracan-categoria-1-antes-de-golpear-florida","status":"publish","type":"post","link":"https:\/\/politicosaldesnudo.com.mx\/index.php\/2024\/08\/05\/debby-se-convierte-en-huracan-categoria-1-antes-de-golpear-florida\/","title":{"rendered":"Debby se convierte en hurac\u00e1n categor\u00eda 1 antes de golpear Florida"},"content":{"rendered":"<div class=\"content-body clearfix \">\n<div id=\"content-body-225-12347142\">\n<p><span style=\"font-size: 14pt;\">El hurac\u00e1n Debby golpear\u00e1 el estado de Florida, Estados Unidos, como categor\u00eda 1 durante la madrugada de este lunes por lo que el gobernador Ron DeSantis activ\u00f3 a la Guardia Nacional.<\/span><\/p>\n<p><span style=\"font-size: 14pt;\">El Centro Nacional de Huracanes (NHC) prev\u00e9 que el cicl\u00f3n deje lluvias \u00abpotencialmente hist\u00f3ricas\u00bb en la costa de Florida lo que provoc\u00f3 la evacuaci\u00f3n parcial en diferentes condados de la regi\u00f3n.<\/span><\/p>\n<\/div>\n<\/div>\n<div class=\"advertisment \">\n<div id=\"dfp-nota-1x3s\" data-google-query-id=\"CJeJlr303YcDFYiKpgQd1LkPkg\">\n<div id=\"google_ads_iframe_\/2000002\/la-prensa\/mexico_nota_1x3_0__container__\">\n<div id=\"inArticle_1\" class=\"st-placement inArticle_1 inArticle\">\n<div class=\"st-adunit st-adunit-tagged st-reset st-show\">\n<div class=\"st-adunit-ad st-reset\">\n<div class=\"st-display-render st-reset open 320x50\">\n<div class=\"st-canvas st-reset horizontal-static\"><span style=\"font-size: 14pt;\">Ron DeSantis detall\u00f3 que Debby tendr\u00e1 una trayectoria similar a la que tuvo Idalia, un poderoso hurac\u00e1n de categor\u00eda 4 que golpe\u00f3 el norte del estado en agosto del a\u00f1o pasado, pero advirti\u00f3 que podr\u00eda tener \u00abefectos m\u00e1s graves\u00bb debido a las fuertes lluvias.<\/span><\/div>\n<\/div>\n<\/div>\n<\/div>\n<\/div>\n<\/div>\n<\/div>\n<\/div>\n<article class=\"content-continued-body clearfix \">\n<div id=\"content-body-5851641-12347142\">\n<article class=\"mundo\nmedia col-md-4 inline-story \"><\/p>\n<div class=\"teaser \">\n<div class=\"img-container picture\"><span style=\"font-size: 14pt;\">\u00abEsta tormenta no tendr\u00e1 los vientos del nivel del hurac\u00e1n Idalia pero dejar\u00e1 mucha m\u00e1s agua en el norte del estado de Florida y esperamos inundaciones muy significativas\u00bb, detall\u00f3 DeSantis.<\/span><\/div>\n<\/div>\n<\/article>\n<p><span style=\"font-size: 14pt;\">El mandatario pidi\u00f3 a la poblaci\u00f3n que est\u00e9 preparada y que evite utilizar veh\u00edculos en zonas inundadas.<\/span><\/p>\n<p><span style=\"font-size: 14pt;\">\u00abHay que tomar la situaci\u00f3n en serio\u00bb, dijo a la prensa el s\u00e1bado Paul Hasenmeier, jefe de bomberos y director de seguridad p\u00fablica del condado de Hernando.<\/span><\/p>\n<p><span style=\"font-size: 14pt;\">Meteor\u00f3logos alertaron sobre eventuales marejadas cicl\u00f3nicas de hasta tres metros de altura que podr\u00edan ser \u00abpeligrosas para la vida\u00bb, y dijeron que Debby podr\u00eda generar tornados el domingo por la noche o el lunes temprano en Florida y Georgia.<\/span><\/p>\n<p><span style=\"font-size: 14pt;\">Por su parte, el presidente Joe Biden aprob\u00f3 el domingo una declaraci\u00f3n de emergencia para Florida, lo que permitir\u00e1 acelerar la ayuda federal.<\/span><\/p>\n<p><span style=\"font-size: 14pt;\">Debby es la cuarta tormenta tropical formada en la cuenca atl\u00e1ntica en lo que va de temporada, que comenz\u00f3 el pasado 1 de junio.<\/span><\/p>\n<p><span style=\"font-size: 14pt;\">Hasta ahora se hab\u00edan formado Alberto, Beryl y Chris, de las cuales la segunda lleg\u00f3 a convertirse en hurac\u00e1n de categor\u00eda 5, la m\u00e1xima en la escala de intensidad Saffir-Simpson.<\/span><\/p>\n<\/div>\n<\/article>\n","protected":false},"excerpt":{"rendered":"<p>El hurac\u00e1n Debby golpear\u00e1 el estado de Florida, Estados Unidos, como categor\u00eda 1 durante la madrugada de este lunes por<\/p>\n","protected":false},"author":4,"featured_media":43430,"comment_status":"closed","ping_status":"closed","sticky":false,"template":"","format":"standard","meta":{"colormag_page_container_layout":"default_layout","colormag_page_sidebar_layout":"default_layout","_jetpack_memberships_contains_paid_content":false,"footnotes":"","jetpack_publicize_message":"","jetpack_publicize_feature_enabled":true,"jetpack_social_post_already_shared":false,"jetpack_social_options":{"image_generator_settings":{"template":"highway","default_image_id":0,"font":"","enabled":false},"version":2}},"categories":[28],"tags":[],"class_list":["post-43429","post","type-post","status-publish","format-standard","has-post-thumbnail","hentry","category-internacional"],"jetpack_publicize_connections":[],"jetpack_featured_media_url":"https:\/\/i0.wp.com\/politicosaldesnudo.com.mx\/wp-content\/uploads\/2024\/08\/Huracan-Debby-Florida.png?fit=768%2C479&ssl=1","jetpack-related-posts":[],"jetpack_sharing_enabled":true,"_links":{"self":[{"href":"https:\/\/politicosaldesnudo.com.mx\/index.php\/wp-json\/wp\/v2\/posts\/43429","targetHints":{"allow":["GET"]}}],"collection":[{"href":"https:\/\/politicosaldesnudo.com.mx\/index.php\/wp-json\/wp\/v2\/posts"}],"about":[{"href":"https:\/\/politicosaldesnudo.com.mx\/index.php\/wp-json\/wp\/v2\/types\/post"}],"author":[{"embeddable":true,"href":"https:\/\/politicosaldesnudo.com.mx\/index.php\/wp-json\/wp\/v2\/users\/4"}],"replies":[{"embeddable":true,"href":"https:\/\/politicosaldesnudo.com.mx\/index.php\/wp-json\/wp\/v2\/comments?post=43429"}],"version-history":[{"count":0,"href":"https:\/\/politicosaldesnudo.com.mx\/index.php\/wp-json\/wp\/v2\/posts\/43429\/revisions"}],"wp:featuredmedia":[{"embeddable":true,"href":"https:\/\/politicosaldesnudo.com.mx\/index.php\/wp-json\/wp\/v2\/media\/43430"}],"wp:attachment":[{"href":"https:\/\/politicosaldesnudo.com.mx\/index.php\/wp-json\/wp\/v2\/media?parent=43429"}],"wp:term":[{"taxonomy":"category","embeddable":true,"href":"https:\/\/politicosaldesnudo.com.mx\/index.php\/wp-json\/wp\/v2\/categories?post=43429"},{"taxonomy":"post_tag","embeddable":true,"href":"https:\/\/politicosaldesnudo.com.mx\/index.php\/wp-json\/wp\/v2\/tags?post=43429"}],"curies":[{"name":"wp","href":"https:\/\/api.w.org\/{rel}","templated":true}]}}