{"id":43444,"date":"2024-08-05T08:20:18","date_gmt":"2024-08-05T13:20:18","guid":{"rendered":"https:\/\/politicosaldesnudo.com.mx\/?p=43444"},"modified":"2024-08-05T08:20:18","modified_gmt":"2024-08-05T13:20:18","slug":"morena-cen-y-cpn-facultades-metaconstitucionales","status":"publish","type":"post","link":"https:\/\/politicosaldesnudo.com.mx\/index.php\/2024\/08\/05\/morena-cen-y-cpn-facultades-metaconstitucionales\/","title":{"rendered":"MORENA: CEN Y CPN\u2026 FACULTADES METACONSTITUCIONALES"},"content":{"rendered":"<p><span style=\"font-size: 14pt;\"><strong>Por. Carlos O. Silva Bandala.<\/strong><\/span><\/p>\n<p><span style=\"font-size: 14pt;\">FACULTADES METACONSTITUCIONALES. \u2013 Son todas aquellas emanadas del hecho de que el titular del Ejecutivo se ostentaba como l\u00edder del Partido hegem\u00f3nico.<\/span><\/p>\n<p><span style=\"font-size: 14pt;\">MORENA llevar\u00e1 a cabo la Asamblea Nacional ya estando como Presidenta de M\u00e9xico Claudia Sheinbaum; el principal objetivo es elegir al nuevo Dirigente Nacional y su comit\u00e9; es posible el relevo del Presidente del Consejo Nacional\u2026 Claudia Sheinbaum ha expresado que tiene que haber separaci\u00f3n entre el Gobierno y el Partido. Que no intervendr\u00e1 en el proceso interno y de igual manera que no solamente debe elegirse al nuevo Comit\u00e9, sino tambi\u00e9n abrirse un trabajo en torno hacia d\u00f3nde va MORENA en los pr\u00f3ximos a\u00f1os\u2026 Mario Delgado considera que el m\u00e9todo que m\u00e1s conviene es mediante el Congreso Nacional\u2026 Partiendo de estas dos concepciones se hace el siguiente an\u00e1lisis pol\u00edtico:<\/span><\/p>\n<p><span style=\"font-size: 14pt;\">LA HISTORIA ILUSTRA\u2026 El PRI, en toda su historia, todos los Presidentes de M\u00e9xico, pri\u00edstas, correspond\u00eda a estos considerarlos EL PRIMER PRI\u00cdSTA (el m\u00e1s importante, el n\u00famero UNO). Con la excepci\u00f3n del llamado per\u00edodo \u201cMaximato\u201d con Plutarco El\u00edas Calles; su liderazgo que se impuso en tres sucesiones presidenciales, en los dem\u00e1s los Presidentes comandaban como titulares del Poder Ejecutivo y como mandam\u00e1s o primera autoridad en el Partido (PRI). Nombraban, por el m\u00e9todo que fuese, y remov\u00edan a modo a los dirigentes nacionales y a los m\u00e1s importantes miembros del comit\u00e9. Los candidatos a Gobernador en los Estados, los acomodaba el Presidente de la Rep\u00fablica. Los candidatos a Senadores y Diputados Federales, en mucho los se\u00f1alaba, o los vetaba. Tuvieron una enorme concentraci\u00f3n de Poder pol\u00edtico y de decisi\u00f3n en el PRI. Situaciones que no han sido ajenas en la pr\u00e1ctica centralista del Poder Ejecutivo\/MORENA, en estos seis a\u00f1os de AMLO.<\/span><\/p>\n<p><span style=\"font-size: 14pt;\">En el 2000 y 2006 el PRI pierde las elecciones y triunfa el PAN con Vicente Fox y Felipe Calder\u00f3n, respectivamente\u2026 en el 2024 se une a la derecha representada por el PAN y va a la campa\u00f1a presidencial con candidato no genuino pri\u00edsta y m\u00e1s bien, CONSERVADOR\u2026 Alejandro Moreno echa por tierra historia y tradici\u00f3n de casi 100 a\u00f1os de presencia pol\u00edtica independiente, al aliarse con el PAN representante del ala conservadora en el pa\u00eds.<\/span><\/p>\n<p><span style=\"font-size: 14pt;\">CONSEJO DE ANCIANOS. &#8211; \u00a0Durante siglos, los Ancianos fueron los sabios. Eran jueces, pensadores y rectores. Eran aceptados, estimados y necesitados. Propiamente los Ancianos no son viejos. M\u00e1s bien es apropiado hablar de madurez creciente que les permite aconsejar sabiamente\u2026 Al carecer de EJE CONDUCTOR (Presidente de la Rep\u00fablica pri\u00edsta) y dado que en el PRI no existe un CONSEJO DE ANCIANOS constituido por expresidentes del CEN, como \u00f3rgano de asesoramiento, participaci\u00f3n y corresponsabilidad en temas de especifica importancia para la vida pol\u00edtica del Partido, el Dirigente Nacional asume toda la responsabilidad en la conducci\u00f3n del Instituto. Sin embargo, Alejandro Moreno no echa mano de esa sapiencia. Su egolatr\u00eda lo extrav\u00eda y anuncia expulsi\u00f3n a sus cr\u00edticos, los m\u00e1s importantes son los expresidentes del CEN del PRI, a los que debiera escuchar.<\/span><\/p>\n<p><span style=\"font-size: 14pt;\">LA GRAN PURGA QUE VIENE. \u2013 Registra la historia La Purga en la Uni\u00f3n Sovi\u00e9tica impulsada por Stalin en 1930, para consolidar el Poder Estalinista, utilizada para la expulsi\u00f3n masiva de miembros del Partido Comunista y que fueron ejecutados, casi todos los Bolcheviques que hab\u00edan tenido una funci\u00f3n importante en la Revoluci\u00f3n de Octubre o el Gobierno de Lenin. De los seis miembros del POLITBUR\u00d3 original, solo Stalin sobrevivi\u00f3, cuatro fueron ejecutados y Trotski fue asesinado en su exilio en M\u00e9xico en 1940.<\/span><\/p>\n<p><span style=\"font-size: 14pt;\">LA PURGA EN LA REVOLUCI\u00d3N FRANCESA. \u2013 La m\u00e1s famosa purga fue la que se conoce como EL TERROR DE ROBESPIERRE, que acabo con \u00e9l mismo como v\u00edctima de esas purgas, pues cada fracci\u00f3n revolucionaria purg\u00f3 a los partidarios de las dem\u00e1s. Tras la ca\u00edda de Napole\u00f3n todos aquellos asociados a la actividad revolucionaria fueron purgados\u2026 Cabe anotar que se han dado PURGAS en reg\u00edmenes como el estalinismo, el fascismo y el nazismo, considerados sistemas dictatoriales.<\/span><\/p>\n<p><span style=\"font-size: 14pt;\">\u00bfY EL BAST\u00d3N DE MANDO? \u2026Las caracter\u00edsticas que sobresalen del ejercicio de gobierno de los expresidentes de la Rep\u00fablica, pri\u00edstas: dedazo y poder concentrador, aunque el Presidente AMLO lo niegue y reniegue, han sido tambi\u00e9n la marca de su tiempo\u2026 Tiene un gen pri\u00edsta inocultable \u00bfQui\u00e9n coloc\u00f3 a los tres principales precandidatos presidenciales en MORENA? Su fundador y l\u00edder, el Presidente de M\u00e9xico AMLO\u2026 \u00bfQui\u00e9n aprob\u00f3 los precandidatos morenistas a los Gobiernos Estatales (9)?&#8230; \u00bfQui\u00e9n palome\u00f3 la lista de precandidatos morenistas a la C\u00e1mara de Diputados y Senadores? El Presidente AMLO\u2026 Supervivencia de MORENA y autoprotecci\u00f3n.<\/span><\/p>\n<p><span style=\"font-size: 14pt;\">LA SANA DISTANCIA. \u2013 Frase que acu\u00f1\u00f3 el Presidente Ernesto Zedillo para referirse al tipo de relaci\u00f3n que deseaba llevar a cabo como Presidente de la Rep\u00fablica y el PRI. Sin entrar a m\u00e1s detalles, eso fue el principio y causa (entre otras) de la derrota que sufri\u00f3 el PRI en el 2000 (triunfa el PAN con Vicente Fox).<\/span><\/p>\n<p><span style=\"font-size: 14pt;\">En las facultades metaconstitucionales, el Presidente AMLO nunca solt\u00f3 el Bast\u00f3n de Mando, significado del poder superior en MORENA, hasta que Claudia Sheinbaum alcanza la candidatura presidencial en ese Partido. Con Bast\u00f3n de Mando o sin \u00e9l, AMLO ha sido el CALESERO de MORENA\u2026 Setenta a\u00f1os o m\u00e1s de ejemplo en el PRI son elocuentes como ense\u00f1anza pol\u00edtica que obliga a la nueva Presidenta de M\u00e9xico Claudia Sheinbaum a revisar sus pretensiones de separar el Gobierno del Partido gobernante\u2026 El Bast\u00f3n de Mando a\u00fan en manos de Claudia Sheinbaum es un Poder delegado, inconfundible y raz\u00f3n de unidad pol\u00edtica en MORENA. La Presidenta de M\u00e9xico, por tradici\u00f3n, cultura y liderazgo, obligadamente requiere que los asuma\u2026Las previsibles futuras manifestaciones callejeras como contrapeso de MORENA a las de la oposici\u00f3n pol\u00edtica, no basta con el relevo del Dirigente Nacional del CEN y del Consejo Nacional. Se hace imprescindible hacerse valer como la PRIMERA MORENISTA\u2026 LA N\u00daMERO UNO\u2026 DE MANDO Y COMANDO DEL PODER PRESIDENCIAL Y MANO EXTENDIDA EN EL PARTIDO QUE LA HA LLEVADO A PALACIO NACIONAL.<\/span><\/p>\n<p><span style=\"font-size: 14pt;\">Se encamina a presidir la Dirigencia Nacional de MORENA la actual Secretaria de Gobernaci\u00f3n Luisa Mar\u00eda Alcalde Luj\u00e1n, puramente L\u00f3pezobradorista, sin embargo, quien llegue a la Direcci\u00f3n del Consejo Nacional, por acto de confirmaci\u00f3n de fuerza popular, debiera ser puramente Claudista\u2026 Esta representaci\u00f3n pol\u00edtica no debe quedar libre de la tutela absoluta de la nueva Presidenta de M\u00e9xico\u2026 En el PRI de Alejandro Moreno, por lo que hemos venido observando, motivo en parte de este an\u00e1lisis pol\u00edtico, la confrontaci\u00f3n interpartidista, alertan a la nueva Presidenta de M\u00e9xico la necesidad de subir la antena para mirar mejor el presente y futuro de su liderazgo pol\u00edtico en los morenistas\u2026 El Calesero no suelta las riendas, so pena de incurrir en perder el control de consecuencias impredecibles\u2026 separar el Poder pol\u00edtico presidencial del Partido de suyo propio \u00a1tan riesgoso como lo del calesero!&#8230; Esta representaci\u00f3n pol\u00edtica indica debe quedar bajo la tutela absoluta de la nueva Presidenta de M\u00e9xico, que dada las circunstancias, el peso y contrapeso pol\u00edtico partidista AMLO\/Claudia se hace necesario.<\/span><\/p>\n<p><span style=\"font-size: 14pt;\">QUIEN NO RECONOCE DE DONDE VIENE\u2026 NO SABE A DONDE VA. -Separar el Poder Pol\u00edtico Presidencial del Partido de suyo propio, puede terminar en confrontaci\u00f3n \u00a0L\u00f3pezobradoristas\/Claudistas. Tener presente por todo su Mandato, que el Poder Presidencial se lo allega el Partido con sus militancias y simpat\u00edas.<\/span><\/p>\n","protected":false},"excerpt":{"rendered":"<p>Por. Carlos O. Silva Bandala. FACULTADES METACONSTITUCIONALES. \u2013 Son todas aquellas emanadas del hecho de que el titular del Ejecutivo<\/p>\n","protected":false},"author":4,"featured_media":11705,"comment_status":"closed","ping_status":"closed","sticky":false,"template":"","format":"standard","meta":{"colormag_page_container_layout":"default_layout","colormag_page_sidebar_layout":"default_layout","_jetpack_memberships_contains_paid_content":false,"footnotes":"","jetpack_publicize_message":"","jetpack_publicize_feature_enabled":true,"jetpack_social_post_already_shared":false,"jetpack_social_options":{"image_generator_settings":{"template":"highway","default_image_id":0,"font":"","enabled":false},"version":2}},"categories":[26],"tags":[],"class_list":["post-43444","post","type-post","status-publish","format-standard","has-post-thumbnail","hentry","category-columnistas"],"jetpack_publicize_connections":[],"jetpack_featured_media_url":"https:\/\/i0.wp.com\/politicosaldesnudo.com.mx\/wp-content\/uploads\/2022\/10\/CARLOS-O.-SILVA-BANDALA.png?fit=1816%2C1016&ssl=1","jetpack-related-posts":[],"jetpack_sharing_enabled":true,"_links":{"self":[{"href":"https:\/\/politicosaldesnudo.com.mx\/index.php\/wp-json\/wp\/v2\/posts\/43444","targetHints":{"allow":["GET"]}}],"collection":[{"href":"https:\/\/politicosaldesnudo.com.mx\/index.php\/wp-json\/wp\/v2\/posts"}],"about":[{"href":"https:\/\/politicosaldesnudo.com.mx\/index.php\/wp-json\/wp\/v2\/types\/post"}],"author":[{"embeddable":true,"href":"https:\/\/politicosaldesnudo.com.mx\/index.php\/wp-json\/wp\/v2\/users\/4"}],"replies":[{"embeddable":true,"href":"https:\/\/politicosaldesnudo.com.mx\/index.php\/wp-json\/wp\/v2\/comments?post=43444"}],"version-history":[{"count":0,"href":"https:\/\/politicosaldesnudo.com.mx\/index.php\/wp-json\/wp\/v2\/posts\/43444\/revisions"}],"wp:featuredmedia":[{"embeddable":true,"href":"https:\/\/politicosaldesnudo.com.mx\/index.php\/wp-json\/wp\/v2\/media\/11705"}],"wp:attachment":[{"href":"https:\/\/politicosaldesnudo.com.mx\/index.php\/wp-json\/wp\/v2\/media?parent=43444"}],"wp:term":[{"taxonomy":"category","embeddable":true,"href":"https:\/\/politicosaldesnudo.com.mx\/index.php\/wp-json\/wp\/v2\/categories?post=43444"},{"taxonomy":"post_tag","embeddable":true,"href":"https:\/\/politicosaldesnudo.com.mx\/index.php\/wp-json\/wp\/v2\/tags?post=43444"}],"curies":[{"name":"wp","href":"https:\/\/api.w.org\/{rel}","templated":true}]}}