{"id":43463,"date":"2024-08-05T08:38:06","date_gmt":"2024-08-05T13:38:06","guid":{"rendered":"https:\/\/politicosaldesnudo.com.mx\/?p=43463"},"modified":"2024-08-05T08:38:06","modified_gmt":"2024-08-05T13:38:06","slug":"ignoran-fugas-desde-pavon-hasta-tulipanes","status":"publish","type":"post","link":"https:\/\/politicosaldesnudo.com.mx\/index.php\/2024\/08\/05\/ignoran-fugas-desde-pavon-hasta-tulipanes\/","title":{"rendered":"Ignoran fugas desde Pav\u00f3n hasta Tulipanes"},"content":{"rendered":"<p><span style=\"font-size: 14pt;\">Vecinos denuncian una serie de fugas de agua y que las autoridades competentes siguen sin responder el llamado, para evitar que se contin\u00fae desperdiciando el vital l\u00edquido.<\/span><\/p>\n<p><span style=\"font-size: 14pt;\">Habitantes de las \u00e1reas que comprende desde la Pav\u00f3n hasta el Infonavit Tulipanes, han expresado su creciente preocupaci\u00f3n ante la persistencia de m\u00faltiples fugas de agua en la zona, a pesar de haber reportado esta problem\u00e1tica en repetidas ocasiones a las autoridades, hasta el momento no se ha obtenido una respuesta efectiva que permita solucionar esta situaci\u00f3n y evitar el despilfarro de un recurso tan vital como el agua.<\/span><\/p>\n<p><span style=\"font-size: 14pt;\">Los habitantes afectados han se\u00f1alado que las fugas se pueden observar a lo largo de las calles y que algunas de ellas llevan ya varios d\u00edas sin ser atendidas, como por ejemplo en la calle Murillo Vidal, que tiene tres d\u00edas con un desperdicio de agua impresionante y lamentable, lo que ha ocasionado la fuga de grandes cantidades de agua potable.<\/span><\/p>\n<p><span style=\"font-size: 14pt;\">Adem\u00e1s, han denunciado que el constante goteo y escurrimiento del agua ha generado charcos y encharcamientos en las calles, lo que representa un foco de infecci\u00f3n y un peligro para los transe\u00fantes.<\/span><\/p>\n<p><span style=\"font-size: 14pt;\">Ante esta situaci\u00f3n, los vecinos hacen un llamado urgente a las autoridades de la Comisi\u00f3n del Agua, para que tomen cartas en el asunto y env\u00eden a las cuadrillas de reparaci\u00f3n a atender las fugas de manera inmediata, asimismo, solicitan que se establezcan mecanismos de atenci\u00f3n m\u00e1s eficientes para que las denuncias ciudadanas sean atendidas de manera oportuna y se evite la repetici\u00f3n de este tipo de problemas.<\/span><\/p>\n<p><span style=\"font-size: 14pt;\">Lo anterior, ante el desabasto de agua, que es un problema que afecta a muchas comunidades, por lo que es fundamental que las autoridades prioricen la reparaci\u00f3n de las fugas y la optimizaci\u00f3n del suministro para garantizar el acceso al agua potable de todos los ciudadanos.<\/span><\/p>\n","protected":false},"excerpt":{"rendered":"<p>Vecinos denuncian una serie de fugas de agua y que las autoridades competentes siguen sin responder el llamado, para evitar<\/p>\n","protected":false},"author":4,"featured_media":43464,"comment_status":"closed","ping_status":"closed","sticky":false,"template":"","format":"standard","meta":{"colormag_page_container_layout":"default_layout","colormag_page_sidebar_layout":"default_layout","_jetpack_memberships_contains_paid_content":false,"footnotes":"","jetpack_publicize_message":"","jetpack_publicize_feature_enabled":true,"jetpack_social_post_already_shared":false,"jetpack_social_options":{"image_generator_settings":{"template":"highway","default_image_id":0,"font":"","enabled":false},"version":2}},"categories":[1082],"tags":[],"class_list":["post-43463","post","type-post","status-publish","format-standard","has-post-thumbnail","hentry","category-tuxpan"],"jetpack_publicize_connections":[],"jetpack_featured_media_url":"https:\/\/i0.wp.com\/politicosaldesnudo.com.mx\/wp-content\/uploads\/2024\/08\/4b-2.jpg?fit=780%2C693&ssl=1","jetpack-related-posts":[],"jetpack_sharing_enabled":true,"_links":{"self":[{"href":"https:\/\/politicosaldesnudo.com.mx\/index.php\/wp-json\/wp\/v2\/posts\/43463","targetHints":{"allow":["GET"]}}],"collection":[{"href":"https:\/\/politicosaldesnudo.com.mx\/index.php\/wp-json\/wp\/v2\/posts"}],"about":[{"href":"https:\/\/politicosaldesnudo.com.mx\/index.php\/wp-json\/wp\/v2\/types\/post"}],"author":[{"embeddable":true,"href":"https:\/\/politicosaldesnudo.com.mx\/index.php\/wp-json\/wp\/v2\/users\/4"}],"replies":[{"embeddable":true,"href":"https:\/\/politicosaldesnudo.com.mx\/index.php\/wp-json\/wp\/v2\/comments?post=43463"}],"version-history":[{"count":0,"href":"https:\/\/politicosaldesnudo.com.mx\/index.php\/wp-json\/wp\/v2\/posts\/43463\/revisions"}],"wp:featuredmedia":[{"embeddable":true,"href":"https:\/\/politicosaldesnudo.com.mx\/index.php\/wp-json\/wp\/v2\/media\/43464"}],"wp:attachment":[{"href":"https:\/\/politicosaldesnudo.com.mx\/index.php\/wp-json\/wp\/v2\/media?parent=43463"}],"wp:term":[{"taxonomy":"category","embeddable":true,"href":"https:\/\/politicosaldesnudo.com.mx\/index.php\/wp-json\/wp\/v2\/categories?post=43463"},{"taxonomy":"post_tag","embeddable":true,"href":"https:\/\/politicosaldesnudo.com.mx\/index.php\/wp-json\/wp\/v2\/tags?post=43463"}],"curies":[{"name":"wp","href":"https:\/\/api.w.org\/{rel}","templated":true}]}}