{"id":43468,"date":"2024-08-05T08:48:55","date_gmt":"2024-08-05T13:48:55","guid":{"rendered":"https:\/\/politicosaldesnudo.com.mx\/?p=43468"},"modified":"2024-08-05T08:48:55","modified_gmt":"2024-08-05T13:48:55","slug":"tasa-de-desempleo-en-eu-fue-de-4-3-en-julio-la-mas-alta-desde-2021","status":"publish","type":"post","link":"https:\/\/politicosaldesnudo.com.mx\/index.php\/2024\/08\/05\/tasa-de-desempleo-en-eu-fue-de-4-3-en-julio-la-mas-alta-desde-2021\/","title":{"rendered":"Tasa de desempleo en EU fue de 4.3% en julio, la m\u00e1s alta desde 2021"},"content":{"rendered":"<p><span style=\"font-size: 14pt;\">La econom\u00eda estadounidense cre\u00f3 114,000 empleos el mes pasado frente a 179,000 de junio. Despu\u00e9s de tres a\u00f1os de escasez de mano de obra que llev\u00f3 a los empleadores a aumentar los salarios para atraer y retener a los trabajadores, la situaci\u00f3n se est\u00e1 reequilibrando.<\/span><\/p>\n<p><span style=\"font-size: 14pt;\">El mercado laboral de Estados Unidos se desaceler\u00f3 m\u00e1s de lo esperado en julio, con un aumento de la tasa de desempleo a 4.3%, la m\u00e1s alta desde octubre del 2021, un dato que inquieta a la Reserva Federal (Fed) y que se conoce a tres meses de la elecci\u00f3n presidencial.<\/span><\/p>\n<p><span style=\"font-size: 14pt;\">La tasa de desempleo aument\u00f3 0.2 punto porcentual en julio, en comparaci\u00f3n con 4.1% en junio, seg\u00fan cifras divulgadas el fin de semana por el Departamento de Trabajo.<\/span><\/p>\n<p><span style=\"font-size: 14pt;\">Asimismo, en julio se crearon 114,000 empleos, frente a los 179,000 del mes anterior, una cifra revisada a la baja respecto a los 206,000 nuevos puestos de trabajo anunciados en junio.<\/span><\/p>\n<p><span style=\"font-size: 14pt;\">Los analistas pronosticaban una tasa de desempleo de 4.1% en julio, pero con una ca\u00edda en la creaci\u00f3n de empleo, hasta 185,000.<\/span><\/p>\n<p><span style=\"font-size: 14pt;\">\u201cEl empleo crece de forma m\u00e1s gradual en un momento en el que la inflaci\u00f3n ha ca\u00eddo considerablemente\u201d, dijo el presidente estadounidense, Joe Biden, citado en un comunicado de prensa.<\/span><\/p>\n<p><span style=\"font-size: 14pt;\">Despu\u00e9s de tres a\u00f1os de escasez de mano de obra que llev\u00f3 a los empleadores a aumentar los salarios para atraer y retener a los trabajadores, lo cual fue alimentando el alza de la inflaci\u00f3n, la situaci\u00f3n se est\u00e1 reequilibrando.<\/span><\/p>\n<p><span style=\"font-size: 14pt;\">La salud del mercado laboral podr\u00eda influir en la balanza de los votantes de cara a las elecciones presidenciales de noviembre.<\/span><\/p>\n<p><span style=\"font-size: 14pt;\">Para el equipo de campa\u00f1a de Trump, estas cifras son \u201cuna prueba m\u00e1s\u201d de que la pol\u00edtica econ\u00f3mica de Biden \u201cest\u00e1 decepcionando a los estadounidenses\u201d, reaccion\u00f3 la portavoz Karoline Leavitt, en nota a los medios.<\/span><\/p>\n","protected":false},"excerpt":{"rendered":"<p>La econom\u00eda estadounidense cre\u00f3 114,000 empleos el mes pasado frente a 179,000 de junio. Despu\u00e9s de tres a\u00f1os de escasez<\/p>\n","protected":false},"author":4,"featured_media":43469,"comment_status":"closed","ping_status":"closed","sticky":false,"template":"","format":"standard","meta":{"colormag_page_container_layout":"default_layout","colormag_page_sidebar_layout":"default_layout","_jetpack_memberships_contains_paid_content":false,"footnotes":"","jetpack_publicize_message":"","jetpack_publicize_feature_enabled":true,"jetpack_social_post_already_shared":false,"jetpack_social_options":{"image_generator_settings":{"template":"highway","default_image_id":0,"font":"","enabled":false},"version":2}},"categories":[2050],"tags":[],"class_list":["post-43468","post","type-post","status-publish","format-standard","has-post-thumbnail","hentry","category-economia"],"jetpack_publicize_connections":[],"jetpack_featured_media_url":"https:\/\/i0.wp.com\/politicosaldesnudo.com.mx\/wp-content\/uploads\/2024\/08\/oferta_de_empleo_en_eu.jpg_673822677.jpg?fit=1200%2C630&ssl=1","jetpack-related-posts":[],"jetpack_sharing_enabled":true,"_links":{"self":[{"href":"https:\/\/politicosaldesnudo.com.mx\/index.php\/wp-json\/wp\/v2\/posts\/43468","targetHints":{"allow":["GET"]}}],"collection":[{"href":"https:\/\/politicosaldesnudo.com.mx\/index.php\/wp-json\/wp\/v2\/posts"}],"about":[{"href":"https:\/\/politicosaldesnudo.com.mx\/index.php\/wp-json\/wp\/v2\/types\/post"}],"author":[{"embeddable":true,"href":"https:\/\/politicosaldesnudo.com.mx\/index.php\/wp-json\/wp\/v2\/users\/4"}],"replies":[{"embeddable":true,"href":"https:\/\/politicosaldesnudo.com.mx\/index.php\/wp-json\/wp\/v2\/comments?post=43468"}],"version-history":[{"count":0,"href":"https:\/\/politicosaldesnudo.com.mx\/index.php\/wp-json\/wp\/v2\/posts\/43468\/revisions"}],"wp:featuredmedia":[{"embeddable":true,"href":"https:\/\/politicosaldesnudo.com.mx\/index.php\/wp-json\/wp\/v2\/media\/43469"}],"wp:attachment":[{"href":"https:\/\/politicosaldesnudo.com.mx\/index.php\/wp-json\/wp\/v2\/media?parent=43468"}],"wp:term":[{"taxonomy":"category","embeddable":true,"href":"https:\/\/politicosaldesnudo.com.mx\/index.php\/wp-json\/wp\/v2\/categories?post=43468"},{"taxonomy":"post_tag","embeddable":true,"href":"https:\/\/politicosaldesnudo.com.mx\/index.php\/wp-json\/wp\/v2\/tags?post=43468"}],"curies":[{"name":"wp","href":"https:\/\/api.w.org\/{rel}","templated":true}]}}