{"id":43471,"date":"2024-08-05T08:50:24","date_gmt":"2024-08-05T13:50:24","guid":{"rendered":"https:\/\/politicosaldesnudo.com.mx\/?p=43471"},"modified":"2024-08-05T08:50:24","modified_gmt":"2024-08-05T13:50:24","slug":"precios-de-alimentos-con-pocos-cambios","status":"publish","type":"post","link":"https:\/\/politicosaldesnudo.com.mx\/index.php\/2024\/08\/05\/precios-de-alimentos-con-pocos-cambios\/","title":{"rendered":"Precios de alimentos con pocos cambios"},"content":{"rendered":"<p><span style=\"font-size: 14pt;\">La factura global de los precios alimentarios apenas vari\u00f3 en julio, ya que la ca\u00edda de los cereales fue \u201ccompensada\u201d por el aumento de los de los aceites vegetales, la carne, el pollo y az\u00facar, se\u00f1al\u00f3 un informe de la Organizaci\u00f3n de Naciones Unidas para la Alimentaci\u00f3n y la Agricultura (FAO, por sus siglas en ingl\u00e9s).<\/span><\/p>\n<p><span style=\"font-size: 14pt;\">La factura global de los precios alimentarios apenas vari\u00f3 en julio, ya que la ca\u00edda de los cereales fue \u201ccompensada\u201d por el aumento de los de los aceites vegetales, la carne, el pollo y az\u00facar, se\u00f1al\u00f3 un informe de la Organizaci\u00f3n de Naciones Unidas para la Alimentaci\u00f3n y la Agricultura (FAO, por sus siglas en ingl\u00e9s).<\/span><\/p>\n<p><span style=\"font-size: 14pt;\">El \u00edndice de precios de los alimentos, calculado por la FAO, se mantuvo pr\u00e1cticamente invariable, con 120.8 puntos desde los 121 de junio.<\/span><\/p>\n<p><span style=\"font-size: 14pt;\">El \u00edndice, que sigue la evoluci\u00f3n de los precios internacionales de una canasta de productos b\u00e1sicos, es \u201c3.1% inferior al valor registrado un a\u00f1o antes y 24.7% inferior al r\u00e9cord de 160.3 puntos alcanzado en marzo del 2022\u201d, inform\u00f3 la FAO.<\/span><\/p>\n<p><span style=\"font-size: 14pt;\">En julio, \u201cla ca\u00edda de los precios de los cereales compens\u00f3 el incremento de los del aceite vegetal, la carne y el az\u00facar\u201d.<\/span><\/p>\n<p><span style=\"font-size: 14pt;\">\u201cEl aumento de los suministros estacionales debido a las cosechas de trigo de invierno en curso en el hemisferio norte, as\u00ed como las condiciones generalmente favorables en Canad\u00e1 y Estados Unidos (que apuntan a grandes cosechas de trigo en primavera)\u201d, particip\u00f3 en la ca\u00edda de los precios internacionales del cereal, se\u00f1al\u00f3 la FAO.<\/span><\/p>\n<p><span style=\"font-size: 14pt;\">El organismo de la ONU resalt\u00f3 que la \u201cfuerte competencia entre los exportadores y la debilidad de la demanda mundial tambi\u00e9n han lastrado los precios del trigo\u201d.<\/span><\/p>\n","protected":false},"excerpt":{"rendered":"<p>La factura global de los precios alimentarios apenas vari\u00f3 en julio, ya que la ca\u00edda de los cereales fue \u201ccompensada\u201d<\/p>\n","protected":false},"author":4,"featured_media":43472,"comment_status":"closed","ping_status":"closed","sticky":false,"template":"","format":"standard","meta":{"colormag_page_container_layout":"default_layout","colormag_page_sidebar_layout":"default_layout","_jetpack_memberships_contains_paid_content":false,"footnotes":"","jetpack_publicize_message":"","jetpack_publicize_feature_enabled":true,"jetpack_social_post_already_shared":false,"jetpack_social_options":{"image_generator_settings":{"template":"highway","default_image_id":0,"font":"","enabled":false},"version":2}},"categories":[2050],"tags":[],"class_list":["post-43471","post","type-post","status-publish","format-standard","has-post-thumbnail","hentry","category-economia"],"jetpack_publicize_connections":[],"jetpack_featured_media_url":"https:\/\/i0.wp.com\/politicosaldesnudo.com.mx\/wp-content\/uploads\/2024\/08\/pobreza_alimentaria4.jpg_185051853.jpg?fit=1200%2C720&ssl=1","jetpack-related-posts":[],"jetpack_sharing_enabled":true,"_links":{"self":[{"href":"https:\/\/politicosaldesnudo.com.mx\/index.php\/wp-json\/wp\/v2\/posts\/43471","targetHints":{"allow":["GET"]}}],"collection":[{"href":"https:\/\/politicosaldesnudo.com.mx\/index.php\/wp-json\/wp\/v2\/posts"}],"about":[{"href":"https:\/\/politicosaldesnudo.com.mx\/index.php\/wp-json\/wp\/v2\/types\/post"}],"author":[{"embeddable":true,"href":"https:\/\/politicosaldesnudo.com.mx\/index.php\/wp-json\/wp\/v2\/users\/4"}],"replies":[{"embeddable":true,"href":"https:\/\/politicosaldesnudo.com.mx\/index.php\/wp-json\/wp\/v2\/comments?post=43471"}],"version-history":[{"count":0,"href":"https:\/\/politicosaldesnudo.com.mx\/index.php\/wp-json\/wp\/v2\/posts\/43471\/revisions"}],"wp:featuredmedia":[{"embeddable":true,"href":"https:\/\/politicosaldesnudo.com.mx\/index.php\/wp-json\/wp\/v2\/media\/43472"}],"wp:attachment":[{"href":"https:\/\/politicosaldesnudo.com.mx\/index.php\/wp-json\/wp\/v2\/media?parent=43471"}],"wp:term":[{"taxonomy":"category","embeddable":true,"href":"https:\/\/politicosaldesnudo.com.mx\/index.php\/wp-json\/wp\/v2\/categories?post=43471"},{"taxonomy":"post_tag","embeddable":true,"href":"https:\/\/politicosaldesnudo.com.mx\/index.php\/wp-json\/wp\/v2\/tags?post=43471"}],"curies":[{"name":"wp","href":"https:\/\/api.w.org\/{rel}","templated":true}]}}