{"id":43483,"date":"2024-08-05T09:04:47","date_gmt":"2024-08-05T14:04:47","guid":{"rendered":"https:\/\/politicosaldesnudo.com.mx\/?p=43483"},"modified":"2024-08-05T09:04:47","modified_gmt":"2024-08-05T14:04:47","slug":"historia-de-la-especulacion-del-mayo","status":"publish","type":"post","link":"https:\/\/politicosaldesnudo.com.mx\/index.php\/2024\/08\/05\/historia-de-la-especulacion-del-mayo\/","title":{"rendered":"Historia de la especulaci\u00f3n del Mayo"},"content":{"rendered":"<p><span style=\"font-size: 14pt;\"><strong>Por \u00c1ngel \u00c1lvaro Pe\u00f1a<\/strong><\/span><\/p>\n<p><span style=\"font-size: 14pt;\">La tarde del 25 de julio, el Departamento de Justicia de Estados Unidos confirm\u00f3 la detenci\u00f3n del delincuente Ismael Mario Zambada Garc\u00eda, alias \u2018El Mayo\u2019. Una noticia que desat\u00f3 controversias, versiones encontradas, pero sobre todo especulaciones sobre alguien que si bien nunca hab\u00eda sido detenido por fuerza policiaca alguna, se conoc\u00eda muy poco de su vida, incluso su rostro no era difundido.<\/span><\/p>\n<p><span style=\"font-size: 14pt;\">Se trata de uno de los principales l\u00edderes del C\u00e1rtel de Sinaloa y uno de los jefes criminales m\u00e1s buscados de M\u00e9xico y Estados Unidos<\/span><\/p>\n<p><span style=\"font-size: 14pt;\">Junto con este capo tambi\u00e9n fue detenido, Joaqu\u00edn Guzm\u00e1n L\u00f3pez, alias \u2018El G\u00fcero Moreno\u2019, uno de los hijos de Joaqu\u00edn \u2018El Chapo\u2019 Guzm\u00e1n se\u00f1alado como cabecilla de Los Chapitos, a quien en una de las versiones que saturan los medios es se\u00f1alado como el que lo traicion\u00f3 y lo entreg\u00f3<\/span><\/p>\n<p><span style=\"font-size: 14pt;\">De inmediato las versiones empezaron a multiplicarse, hasta la periodista conocida por su amplia imaginaci\u00f3n y sus cuestionamientos contra el actual r\u00e9gimen, Anabel Hern\u00e1ndez, se\u00f1al\u00f3 que ella hab\u00eda tenido contacto con uno de los agentes de la DEA que lo detuvieron, quien adem\u00e1s afirm\u00f3 que existe una estrecha relaci\u00f3n entre el detenido y el Presidente de la Rep\u00fablica.<\/span><\/p>\n<p><span style=\"font-size: 14pt;\">Hay quienes aventuraron la idea de que El Mayo entraba y sal\u00eda de Palacio Nacional como en su casa y que era un hecho que hab\u00eda financiado la campa\u00f1a del ahora presidente saliente.<\/span><\/p>\n<p><span style=\"font-size: 14pt;\">El libertinaje con el que se manej\u00f3 la noticia invita a la especulaci\u00f3n y hay tanta especulaci\u00f3n que si hubiera una versi\u00f3n realista y apegada a los hechos, incluso con testigos y evidencias, ser\u00eda tomada tambi\u00e9n como especulaci\u00f3n. La credibilidad sobre esta detenci\u00f3n muestra solamente una gran libertad de expresi\u00f3n donde hasta las mentiras tienen cabida en los medios, los cuales no han sido capaces siquiera de recomendar mesura a sus reporteros, lo que quieren es simplemente aparecer con una noticia estridente para ganar espacios y obtener rating hist\u00f3rico.<\/span><\/p>\n<p><span style=\"font-size: 14pt;\">Otra de las versiones asegura que en la ca\u00edda de \u2018El Mayo\u2019 y \u2018El G\u00fcero Moreno\u2019, un funcionario de alto perfil de EEUU comparti\u00f3 que ambos habr\u00edan sido detenidos como resultado de una\u00a0minuciosa operaci\u00f3n.<\/span><\/p>\n<p><span style=\"font-size: 14pt;\">\u201cFue detenido en el peque\u00f1o aeropuerto de Santa Teresa, Nuevo M\u00e9xico que colinda con Texas. El arresto es parte de un\u00a0operativo muy detallado y sigiloso\u00a0sobre los movimientos de \u2018El Mayo\u2019\u201d, manifest\u00f3 la fuente de identidad reservada.<\/span><\/p>\n<p><span style=\"font-size: 14pt;\">Se cuestion\u00f3 la posibilidad de que fueran localizados en una misma aeronave, considerando que las investigaciones de la DEA afirman que hubo una pugna entre la facci\u00f3n de \u2018El Mayo\u2019 y Los Chapitos.<\/span><\/p>\n<p><span style=\"font-size: 14pt;\">Tambi\u00e9n est\u00e1 la versi\u00f3n de que EL Mayo hab\u00eda considerado entregarse para ser atendido de sus enfermedades, ya que, a los 76 a\u00f1os, su salud est\u00e1 muy deteriorada.<\/span><\/p>\n<p><span style=\"font-size: 14pt;\">Tambi\u00e9n est\u00e1 la versi\u00f3n de The New York Times, a trav\u00e9s de Alan Feuer, Natalie Kitroeff y Emiliano Rodr\u00edguez Mega, quienes se\u00f1alan que \u2018El Mayo\u2019 sostuvo diversas negociaciones con funcionarios estadounidenses durante al menos tres a\u00f1os, previos a su detenci\u00f3n.<\/span><\/p>\n<p><span style=\"font-size: 14pt;\">Para a\u00f1adir un poco m\u00e1s de variedad a lo anterior, el abogado de Zambada Garc\u00eda, Frank P\u00e9rez, declar\u00f3 ante Los Angeles Times que su cliente habr\u00eda llegado a Estados Unidos contra su voluntad.<\/span><\/p>\n<p><span style=\"font-size: 14pt;\">\u201cNo se rindi\u00f3 ni negoci\u00f3 ning\u00fan t\u00e9rmino con el gobierno de EEUU. Joaqu\u00edn Guzm\u00e1n L\u00f3pez secuestr\u00f3 por la fuerza a mi cliente [&#8230;]\u00a0Fue emboscado, tirado al suelo y esposado por Joaqu\u00edn y seis hombres con uniforme militar. Le ataron las piernas y le pusieron una bolsa negra en la cabeza. Luego lo arrojaron a la parte trasera de una camioneta y lo llevaron a una pista de aterrizaje\u201d, se\u00f1al\u00f3 el defensor.<\/span><\/p>\n<p><span style=\"font-size: 14pt;\">As\u00ed transcurrieron m\u00e1s versiones, algunas como consigna con el actual gobierno, aprovecharon la detenci\u00f3n para introducir el miedo entre la poblaci\u00f3n desde los medios, anunciando que el pa\u00eds estar\u00eda en llamas en unas horas. No sucedi\u00f3 nada. Por lo respecta a la paz social, a posibles venganzas o represalias por ese hecho, dos semanas despu\u00e9s, no sucedi\u00f3 nada.<\/span><\/p>\n<p><span style=\"font-size: 14pt;\">Se habl\u00f3 tambi\u00e9n de traiciones, de negociaciones secretas, de convenios en lo oscurito pero ninguna de las versiones tiene ahora credibilidad. Mientras m\u00e1s versiones haya la verdad estar\u00e1 m\u00e1s segura y esto pareciera la maquinaci\u00f3n de una mente entrenada para entretejer las redes de la intriga y el misterio pol\u00edtico.<\/span><\/p>\n<p><span style=\"font-size: 14pt;\">Porque, seg\u00fan nuestra propia especulaci\u00f3n, esta detenci\u00f3n no hubiera podido realizarse sin la intervenci\u00f3n de niveles pol\u00edticos muy altos de ambos pa\u00edses.<\/span><\/p>\n<p><span style=\"font-size: 14pt;\">El hecho ocurre en la transici\u00f3n pol\u00edtica de M\u00e9xico donde la continuidad marca la decisi\u00f3n del pueblo de manera mayoritaria; pero tambi\u00e9n ocurre previa a las campa\u00f1as en Estados Unidos, de los candidatos a la Presidencia, entre el dem\u00f3crata Joe Biden y el republicano Donald Trump, con visiones radicales de la realidad estadounidense y con una trayectoria donde la violencia no est\u00e1 excluida.<\/span><\/p>\n<p><span style=\"font-size: 14pt;\">Nada impide que la detenci\u00f3n se haya planeado entre Palacio Nacional y la Casa Blanca, por as\u00ed convenir a la paz social de ambos pa\u00edses, o porque requer\u00edan fortalecer su pol\u00edtica o simplemente porque ambos quer\u00edan cerrar con broche de oro su administraci\u00f3n y quisieron sellar su amistad con este hecho.<\/span><\/p>\n<p><span style=\"font-size: 14pt;\">El m\u00e1s beneficiado fue el gobierno de Estados Unidos, porque lo exhiben como trofeo, El Mayo tiene una fortuna aproximada en 55 mil millones 338 millones 300 mil pesos, la cual estar\u00e1n pele\u00e1ndose en un par de d\u00edas los dos gobiernos, si es que no hubo acuerdo previo, pero si lo hubo habr\u00e1 reparto justo y en paz, porque la paz es la que imper\u00f3 en esta detenci\u00f3n, donde no se dispar\u00f3 un solo balazo. Esta aprehensi\u00f3n es una muestra de lo que quiere decir el presidente L\u00f3pez Obrador y que nadie entiende: Abrazos no balazos.<\/span><\/p>\n<p><span style=\"font-size: 14pt;\">Estos hechos recuerdan dos eventos que deben sumarse a la historia sobre la problem\u00e1tica actual, la m\u00e1s reciente fue la detenci\u00f3n de Ovidio Guzm\u00e1n L\u00f3pez, hijo de El Chapo, en Culiac\u00e1n, el 17 de octubre de 2019, cuando debieron soltarlo porque estaba bajo la mira la unidad habitacional, un cuartel militar fue rodeado y por si fuera poco hab\u00eda ocho rehenes que eran militares, de tal manera que debieron liberar al hijo de El Chapo.<\/span><\/p>\n<p><span style=\"font-size: 14pt;\">Si la detenci\u00f3n de El Mayo hubiera sido en terreno mexicano, la tranquilidad social no se hubiera logrado. Debi\u00f3 ocurrir de aquel lado y con un tel\u00f3n de fondo que al mismo tiempo beneficiara a Biden y a L\u00f3pez Obrador. A Biden por su disposici\u00f3n de combatir el narcotr\u00e1fico; a L\u00f3pez Obrador, porque se le hab\u00eda adjudicado como su amigo desde los rincones oscuros del rumor y la especulaci\u00f3n.<\/span><\/p>\n<p><span style=\"font-size: 14pt;\">El otro antecedente, ante la captura de El Mayo, es una entrevista que nadie puede olvidar, realizada por el director general de Proceso, Julio Scherer Garc\u00eda a El Mayo, y publicada el 4 de abril de 2004, Proceso 1774.<\/span><\/p>\n<p><span style=\"font-size: 14pt;\">Entrevista que a su vez tiene si propio antecedente, una que le hiciera el llamado \u201cEl Padre del periodismo Nacional\u201d, Regino Hern\u00e1ndez Llergo, familiar de Jos\u00e9 Pag\u00e9s Llergo, quien buscara a Pancho Villa en su permanente vida n\u00f3mada, y \u00e9ste no s\u00f3lo le concedi\u00f3 la entrevista, sino que \u00e9l permiti\u00f3 que viviera con \u00e9l una semana. La entrevista fue publicada en entregas en El Universal, del 18 al 22 de junio de 1922, posteriormente la entrevista fue reunida en un libro publicado por el Fondo de Cultura Econ\u00f3mica, bajo este sello.<\/span><\/p>\n<p><span style=\"font-size: 14pt;\">Villa llevaba m\u00e1s de dos a\u00f1os de no hablar con la prensa y le concedi\u00f3 esta entrevista con la franqueza que le caracterizaba.<\/span><\/p>\n<p><span style=\"font-size: 14pt;\">La fama de huidizo de El Mayo, hac\u00eda impensable que fuera capturado pronto. De hecho, a pesar de ser el m\u00e1s buscado en el crimen organizado del mundo, era el \u00faltimo que pensaron que podr\u00eda ser detenido; sin embargo, los resultados no dejaron de sorprender, apoyando la pol\u00edtica de seguridad de ambos pa\u00edses, aunque hubiera sido detenido de aquel lado de la frontera. Porque esa detenci\u00f3n no pudo ser \u00fanicamente policiaca sino que debi\u00f3 existir un acuerdo, una cooperaci\u00f3n, un convenio eminentemente pol\u00edtico.<\/span><\/p>\n<p><span style=\"font-size: 14pt;\">La especulaci\u00f3n implica coherencia, es por ello que \u00faltimamente ha imperado en los medios, y tuvo su gran auge en los tiempos en que toda actividad pol\u00edtica era considerada un secreto de Estado.<\/span><\/p>\n<p><span style=\"font-size: 14pt;\">La lucha contra el narcotr\u00e1fico, el narcotr\u00e1fico en s\u00ed mismo, es un problema pol\u00edtico. Afecta al sector salud, la seguridad nacional, la seguridad, la paz social, la gobernanza, la hegemon\u00eda, la democracia y hasta las elecciones. De ah\u00ed que haya habido una mano que se esconde entre las especulaciones y que probablemente nunca se sepa de qui\u00e9n es.<\/span><\/p>\n<p><span style=\"font-size: 14pt;\">PEGA Y CORRE.- La tarde del domingo fue asesinado otro periodista, esta vez en Celaya, Guanajuato, se trata de Alejandro Mart\u00ednez Noguez, a quien apodaban, el Hijo del El Llanero Solitito, quien fue ultimado a balazos la tarde del domingo. Otro crimen a cuenta del Mecanismo de Protecci\u00f3n de Personas Defensoras de Derechos Humanos y Periodistas, de la Segob. Contaba s\u00f3lo con protecci\u00f3n local porque hab\u00eda sido objeto de intento de asesinato en noviembre de 2022. El comunicador fue ultimado cuando viajaba a bordo de una patrulla de Tr\u00e1nsito, que era parte de la protecci\u00f3n que le fue asignada\u2026 Esta columna se publica los lunes, mi\u00e9rcoles y viernes.<\/span><\/p>\n","protected":false},"excerpt":{"rendered":"<p>Por \u00c1ngel \u00c1lvaro Pe\u00f1a La tarde del 25 de julio, el Departamento de Justicia de Estados Unidos confirm\u00f3 la detenci\u00f3n<\/p>\n","protected":false},"author":4,"featured_media":37774,"comment_status":"closed","ping_status":"closed","sticky":false,"template":"","format":"standard","meta":{"colormag_page_container_layout":"default_layout","colormag_page_sidebar_layout":"default_layout","_jetpack_memberships_contains_paid_content":false,"footnotes":"","jetpack_publicize_message":"","jetpack_publicize_feature_enabled":true,"jetpack_social_post_already_shared":false,"jetpack_social_options":{"image_generator_settings":{"template":"highway","default_image_id":0,"font":"","enabled":false},"version":2}},"categories":[26],"tags":[],"class_list":["post-43483","post","type-post","status-publish","format-standard","has-post-thumbnail","hentry","category-columnistas"],"jetpack_publicize_connections":[],"jetpack_featured_media_url":"https:\/\/i0.wp.com\/politicosaldesnudo.com.mx\/wp-content\/uploads\/2024\/05\/LOPEZ-DORIGA-LOGO-2.jpeg?fit=800%2C445&ssl=1","jetpack-related-posts":[],"jetpack_sharing_enabled":true,"_links":{"self":[{"href":"https:\/\/politicosaldesnudo.com.mx\/index.php\/wp-json\/wp\/v2\/posts\/43483","targetHints":{"allow":["GET"]}}],"collection":[{"href":"https:\/\/politicosaldesnudo.com.mx\/index.php\/wp-json\/wp\/v2\/posts"}],"about":[{"href":"https:\/\/politicosaldesnudo.com.mx\/index.php\/wp-json\/wp\/v2\/types\/post"}],"author":[{"embeddable":true,"href":"https:\/\/politicosaldesnudo.com.mx\/index.php\/wp-json\/wp\/v2\/users\/4"}],"replies":[{"embeddable":true,"href":"https:\/\/politicosaldesnudo.com.mx\/index.php\/wp-json\/wp\/v2\/comments?post=43483"}],"version-history":[{"count":0,"href":"https:\/\/politicosaldesnudo.com.mx\/index.php\/wp-json\/wp\/v2\/posts\/43483\/revisions"}],"wp:featuredmedia":[{"embeddable":true,"href":"https:\/\/politicosaldesnudo.com.mx\/index.php\/wp-json\/wp\/v2\/media\/37774"}],"wp:attachment":[{"href":"https:\/\/politicosaldesnudo.com.mx\/index.php\/wp-json\/wp\/v2\/media?parent=43483"}],"wp:term":[{"taxonomy":"category","embeddable":true,"href":"https:\/\/politicosaldesnudo.com.mx\/index.php\/wp-json\/wp\/v2\/categories?post=43483"},{"taxonomy":"post_tag","embeddable":true,"href":"https:\/\/politicosaldesnudo.com.mx\/index.php\/wp-json\/wp\/v2\/tags?post=43483"}],"curies":[{"name":"wp","href":"https:\/\/api.w.org\/{rel}","templated":true}]}}