{"id":43489,"date":"2024-08-05T09:15:57","date_gmt":"2024-08-05T14:15:57","guid":{"rendered":"https:\/\/politicosaldesnudo.com.mx\/?p=43489"},"modified":"2024-08-05T09:15:57","modified_gmt":"2024-08-05T14:15:57","slug":"volcadura-de-autobus-en-villa-de-cos-zacatecas-deja-dos-muertos-y-20-heridos","status":"publish","type":"post","link":"https:\/\/politicosaldesnudo.com.mx\/index.php\/2024\/08\/05\/volcadura-de-autobus-en-villa-de-cos-zacatecas-deja-dos-muertos-y-20-heridos\/","title":{"rendered":"Volcadura de autob\u00fas en Villa de Cos, Zacatecas, deja dos muertos y 20 heridos"},"content":{"rendered":"<div>\n<div id=\"content-body-225-12344415\">\n<p><span style=\"font-size: 14pt;\">Durante la madrugada de este domingo, un\u00a0autob\u00fas de pasajeros\u00a0de la l\u00ednea\u00a0\u00d3mnibus de M\u00e9xico sufri\u00f3 un\u00a0accidente\u00a0tipo volcadura en la carretera federal 54 Zacatecas-Saltillo, espec\u00edficamente en el kil\u00f3metro 092+200, cerca de la comunidad de\u00a0Sierra Vieja\u00a0en el municipio de\u00a0Villa de Cos. Como resultado del incidente,\u00a0dos personas perdieron la vida y 20 resultaron heridas.<\/span><\/p>\n<p><span style=\"font-size: 14pt;\">Seg\u00fan los informes preliminares de la Guardia Nacional,\u00a0el autob\u00fas, identificado con el\u00a0n\u00famero econ\u00f3mico 5961, parti\u00f3 de Monterrey, Nuevo Le\u00f3n, con destino a Lagos de Moreno, Jalisco,\u00a0transportando a 40 pasajeros. El accidente ocurri\u00f3 alrededor de las tres de la ma\u00f1ana.<\/span><\/p>\n<\/div>\n<\/div>\n<div>\n<div id=\"dfp-nota-1x3s\" data-google-query-id=\"CIGthr-E3ocDFc3FGAIdS9gH2g\">\n<div id=\"google_ads_iframe_\/2000002\/la-prensa\/mexico_nota_1x3_0__container__\">\n<div id=\"inArticle_1\">\n<div>\n<div>\n<div>\n<div><span style=\"font-size: 14pt;\">En respuesta al accidente, elementos de la Guardia Nacional, la Polic\u00eda Estatal y varias corporaciones de rescate acudieron al lugar. Doce de las v\u00edctimas fueron trasladadas a hospitales cercanos para recibir atenci\u00f3n m\u00e9dica,\u00a0mientras que los cuerpos de los fallecidos fueron llevados al Servicio M\u00e9dico Forense. Cinco de los heridos se encuentran en estado grave.<\/span><\/div>\n<\/div>\n<\/div>\n<\/div>\n<\/div>\n<\/div>\n<\/div>\n<\/div>\n<article>\n<div id=\"content-body-5851641-12344415\">\n<p><span style=\"font-size: 14pt;\">Las investigaciones determinar\u00e1n las causas del accidente. Sin embargo, de manera preliminar, se ha mencionado que el conductor del autob\u00fas intentaba rebasar cuando perdi\u00f3 el control del veh\u00edculo, lo que provoc\u00f3 la\u00a0volcadura y que el autob\u00fas se arrastrara m\u00e1s de 50 metros,\u00a0quedando finalmente recostado sobre uno de sus lados y obstruyendo la circulaci\u00f3n.<\/span><\/p>\n<div id=\"standard_14\"><span style=\"font-size: 14pt;\">Los dos operadores del autob\u00fas huyeron del lugar\u00a0tras el accidente.<\/span><\/div>\n<p><span style=\"font-size: 14pt;\">Personal de la Guardia Nacional Carreteras\u00a0cerr\u00f3 el tr\u00e1fico vehicular\u00a0por aproximadamente cinco horas,\u00a0habilitando el carril libre en doble sentido, lo que ralentiz\u00f3 el tr\u00e1fico en la zona.<\/span><\/p>\n<\/div>\n<\/article>\n","protected":false},"excerpt":{"rendered":"<p>Durante la madrugada de este domingo, un\u00a0autob\u00fas de pasajeros\u00a0de la l\u00ednea\u00a0\u00d3mnibus de M\u00e9xico sufri\u00f3 un\u00a0accidente\u00a0tipo volcadura en la carretera federal<\/p>\n","protected":false},"author":4,"featured_media":43490,"comment_status":"closed","ping_status":"closed","sticky":false,"template":"","format":"standard","meta":{"colormag_page_container_layout":"default_layout","colormag_page_sidebar_layout":"default_layout","_jetpack_memberships_contains_paid_content":false,"footnotes":"","jetpack_publicize_message":"","jetpack_publicize_feature_enabled":true,"jetpack_social_post_already_shared":false,"jetpack_social_options":{"image_generator_settings":{"template":"highway","default_image_id":0,"font":"","enabled":false},"version":2}},"categories":[33],"tags":[],"class_list":["post-43489","post","type-post","status-publish","format-standard","has-post-thumbnail","hentry","category-nacional"],"jetpack_publicize_connections":[],"jetpack_featured_media_url":"https:\/\/i0.wp.com\/politicosaldesnudo.com.mx\/wp-content\/uploads\/2024\/08\/Volcadura-de-autobus.jpg?fit=768%2C479&ssl=1","jetpack-related-posts":[],"jetpack_sharing_enabled":true,"_links":{"self":[{"href":"https:\/\/politicosaldesnudo.com.mx\/index.php\/wp-json\/wp\/v2\/posts\/43489","targetHints":{"allow":["GET"]}}],"collection":[{"href":"https:\/\/politicosaldesnudo.com.mx\/index.php\/wp-json\/wp\/v2\/posts"}],"about":[{"href":"https:\/\/politicosaldesnudo.com.mx\/index.php\/wp-json\/wp\/v2\/types\/post"}],"author":[{"embeddable":true,"href":"https:\/\/politicosaldesnudo.com.mx\/index.php\/wp-json\/wp\/v2\/users\/4"}],"replies":[{"embeddable":true,"href":"https:\/\/politicosaldesnudo.com.mx\/index.php\/wp-json\/wp\/v2\/comments?post=43489"}],"version-history":[{"count":0,"href":"https:\/\/politicosaldesnudo.com.mx\/index.php\/wp-json\/wp\/v2\/posts\/43489\/revisions"}],"wp:featuredmedia":[{"embeddable":true,"href":"https:\/\/politicosaldesnudo.com.mx\/index.php\/wp-json\/wp\/v2\/media\/43490"}],"wp:attachment":[{"href":"https:\/\/politicosaldesnudo.com.mx\/index.php\/wp-json\/wp\/v2\/media?parent=43489"}],"wp:term":[{"taxonomy":"category","embeddable":true,"href":"https:\/\/politicosaldesnudo.com.mx\/index.php\/wp-json\/wp\/v2\/categories?post=43489"},{"taxonomy":"post_tag","embeddable":true,"href":"https:\/\/politicosaldesnudo.com.mx\/index.php\/wp-json\/wp\/v2\/tags?post=43489"}],"curies":[{"name":"wp","href":"https:\/\/api.w.org\/{rel}","templated":true}]}}